{"id":20322,"date":"2021-09-03T21:50:00","date_gmt":"2021-09-03T21:50:00","guid":{"rendered":"https:\/\/somoscordobeses.com\/2021\/09\/03\/sebastian-villa-salio-al-cruce-de-juan-roman-riquelme-y-adelanto-que-hara-en-el-futuro-en-ningun-momento-quise-faltarle-el-respeto-a-boca\/"},"modified":"2021-09-03T21:50:00","modified_gmt":"2021-09-03T21:50:00","slug":"sebastian-villa-salio-al-cruce-de-juan-roman-riquelme-y-adelanto-que-hara-en-el-futuro-en-ningun-momento-quise-faltarle-el-respeto-a-boca","status":"publish","type":"post","link":"http:\/\/cordobainforma.info\/index.php\/2021\/09\/03\/sebastian-villa-salio-al-cruce-de-juan-roman-riquelme-y-adelanto-que-hara-en-el-futuro-en-ningun-momento-quise-faltarle-el-respeto-a-boca\/","title":{"rendered":"Sebasti\u00e1n Villa sali\u00f3 al cruce de Juan Rom\u00e1n Riquelme y adelant\u00f3 qu\u00e9 har\u00e1 en el futuro: \u201cEn ning\u00fan momento quise faltarle el respeto a Boca\u201d"},"content":{"rendered":"<div>\n<p>Al colombiano Sebasti\u00e1n Villa, al parecer, no le gust\u00f3 nada lo que dijo el vicepresidente de Boca, Juan Rom\u00e1n Riquelme, horas atr\u00e1s. Es por eso que el delantero sali\u00f3 al cruce del dirigente e \u00eddolo a trav\u00e9s de un extenso posteo en su cuenta de Instagram al que acompa\u00f1a con una imagen suya con la azul y oro en la Bombonera. Fueron 532 palabras las que emple\u00f3 Villa para dar su parecer.<\/p>\n<h2>El mensaje completo de Villa<\/h2>\n<p><em>Quiero agradecer especialmente a todos los hinchas de Boca Juniors, empleados y directivos de mi club y expresarles que en ning\u00fan momento quise faltarle el respeto al club, a los hinchas, a esta camiseta, ni a mis compa\u00f1eros, al contrario, estoy orgulloso de vestir estos colores porque me ayud\u00f3 a crecer como persona y como jugador.<\/em><\/p>\n<p> <em>Estoy en el club que quiero estar, feliz de trabajar d\u00eda a d\u00eda. Quiero aclarar porque se han dicho muchas cosas falsas sobre m\u00ed y no suelo dar entrevistas, en ning\u00fan momento le falte el respeto al club, mi \u00fanico desencuentro lamentablemente fue con el consejo de f\u00fatbol que en ning\u00fan momento escucharon las opciones que los clubes europeos tienen para mi, desde hace m\u00e1s de tres a\u00f1os estoy en el club y sistem\u00e1ticamente cada seis meses varios clubes se interesan por mi juego. Semestre a semestre han llegado ofertas para contar con mi trabajo y he rechazado estas opciones priorizando el proyecto futbol\u00edstico de Boca Juniors porque jugar en este club siempre me ha mantenido compitiendo por grandes objetivos.<\/em><\/p>\n<p> <em>Cuando hice la renovaci\u00f3n en el 2021 acordamos que si llegaba una oferta importante el club no tendr\u00eda problema alguno en negociarme, si se consegu\u00eda un acuerdo conveniente para ambas partes, y de acuerdo a lo hablado en ese momento y pactado cara a cara para colaborar con mi crecimiento personal y en lo econ\u00f3mico para el club. Soy extranjero y si bien estoy contento que hayan mejorado mi salario en el 2021, entiendan que la circunstancia del pa\u00eds no ayuda a mantener a mi familia y mis gastos en el extranjero, entonces quiero una mejora en mi carrera profesional y econ\u00f3mica como cualquier trabajador lo requiere.<\/em><\/p>\n<p><em>Llegaron importantes ofertas al club, las cuales nunca fueron tratadas con la profesionalidad que eso amerita, le contestaron al club comprador de una manera poco amistosa y nunca iniciaron un camino de negociaci\u00f3n.<\/em><\/p>\n<p><em>Quiero decir tambi\u00e9n, que todas mis decisiones fueron comunicadas a mis compa\u00f1eros los cuales me brindaron su apoyo. No abandon\u00e9 repentinamente el club como se dice porque antes habl\u00e9 con el t\u00e9cnico y con el consejo de f\u00fatbol que nunca escucho mis pedidos, luego de esta situaci\u00f3n y ante la premura por el estado de salud de mi mam\u00e1 no dude en estar acompa\u00f1\u00e1ndola en este duro momento y doy gracias a Dios y a toda la gente que me mand\u00f3 bendiciones para ella y pudo salir de la mejor manera.<\/em><\/p>\n<p><em>Voy a seguir jugando en Boca Juniors cumpliendo mi contrato porque soy un jugador profesional pese a la cantidad de cosas que dicen en los medios de comunicaci\u00f3n sobre mi; seguir\u00e9 esperando que si tanto para el club y para m\u00ed las ofertas son importantes espero revean esta situaci\u00f3n. Creo que en estos tres a\u00f1os y medio siempre me brinde al 100% , entreno a full, doy hasta la ultima gota de sudor en los partidos, ganamos tres t\u00edtulos y va a quedar en mi mente por el resto de mi vida las alegr\u00edas que en el club pas\u00e9 y sigo pasando.<\/em><\/p>\n<p><em>Nos vemos pr\u00f3ximamente cuando me toque jugar y defender estos colores que son tan lindos e importantes para m\u00ed.<\/em><\/p>\n<div>\n<h2>TEMAS QUE APARECEN EN ESTA NOTA<\/h2>\n<\/div>\n<\/div>\n<nav class=\"navigation post-navigation\" role=\"navigation\" aria-label=\"Continue Reading\">\n<h2 class=\"screen-reader-text\">Continue Reading<\/h2>\n<\/nav>\n","protected":false},"excerpt":{"rendered":"<p>Al colombiano Sebasti\u00e1n Villa, al parecer, no le gust\u00f3 nada lo que dijo el vicepresidente de Boca, Juan Rom\u00e1n Riquelme, horas atr\u00e1s. Es por eso que el delantero sali\u00f3 al cruce del dirigente e \u00eddolo a trav\u00e9s de un extenso posteo en su cuenta de Instagram al que acompa\u00f1a con una imagen suya con la [&hellip;]<\/p>\n","protected":false},"author":1,"featured_media":20323,"comment_status":"closed","ping_status":"closed","sticky":false,"template":"","format":"standard","meta":[],"categories":[20,2],"tags":[],"_links":{"self":[{"href":"http:\/\/cordobainforma.info\/index.php\/wp-json\/wp\/v2\/posts\/20322"}],"collection":[{"href":"http:\/\/cordobainforma.info\/index.php\/wp-json\/wp\/v2\/posts"}],"about":[{"href":"http:\/\/cordobainforma.info\/index.php\/wp-json\/wp\/v2\/types\/post"}],"author":[{"embeddable":true,"href":"http:\/\/cordobainforma.info\/index.php\/wp-json\/wp\/v2\/users\/1"}],"replies":[{"embeddable":true,"href":"http:\/\/cordobainforma.info\/index.php\/wp-json\/wp\/v2\/comments?post=20322"}],"version-history":[{"count":0,"href":"http:\/\/cordobainforma.info\/index.php\/wp-json\/wp\/v2\/posts\/20322\/revisions"}],"wp:featuredmedia":[{"embeddable":true,"href":"http:\/\/cordobainforma.info\/index.php\/wp-json\/wp\/v2\/media\/20323"}],"wp:attachment":[{"href":"http:\/\/cordobainforma.info\/index.php\/wp-json\/wp\/v2\/media?parent=20322"}],"wp:term":[{"taxonomy":"category","embeddable":true,"href":"http:\/\/cordobainforma.info\/index.php\/wp-json\/wp\/v2\/categories?post=20322"},{"taxonomy":"post_tag","embeddable":true,"href":"http:\/\/cordobainforma.info\/index.php\/wp-json\/wp\/v2\/tags?post=20322"}],"curies":[{"name":"wp","href":"https:\/\/api.w.org\/{rel}","templated":true}]}}