{"id":20318,"date":"2021-09-03T03:04:00","date_gmt":"2021-09-03T03:04:00","guid":{"rendered":"https:\/\/somoscordobeses.com\/2021\/09\/03\/jose-luis-espert-y-la-marihuana-se-declaro-a-favor-del-consumo-pero-dijo-por-que-no-la-despenalizara\/"},"modified":"2021-09-03T03:04:00","modified_gmt":"2021-09-03T03:04:00","slug":"jose-luis-espert-y-la-marihuana-se-declaro-a-favor-del-consumo-pero-dijo-por-que-no-la-despenalizara","status":"publish","type":"post","link":"http:\/\/cordobainforma.info\/index.php\/2021\/09\/03\/jose-luis-espert-y-la-marihuana-se-declaro-a-favor-del-consumo-pero-dijo-por-que-no-la-despenalizara\/","title":{"rendered":"Jos\u00e9 Luis Espert y la marihuana: se declar\u00f3 \u201ca favor del consumo\u201d pero dijo por qu\u00e9 no la despenalizar\u00e1"},"content":{"rendered":"<div>\n<p>Jos\u00e9 Luis Espert confes\u00f3 que su \u201cposici\u00f3n personal\u201d respecto <strong>del consumo y la despenalizaci\u00f3n<\/strong> de la marihuana es a favor, aunque aclar\u00f3 que ese es su pensamiento y que si, siendo diputado, le acercaran el proyecto, se lo \u201ctira por la cabeza al Presidente\u201d.<\/p>\n<p>\u201cEstoy a favor de que no est\u00e9 penalizada\u201d, confes\u00f3 entrevistado por TikTok y Youtube para Caja Negra, el ciclo de entrevistas Filonews. \u201cMucho m\u00e1s\u201d, dijo, si es con fines medicinales.<\/p>\n<p>Entonces vino el pero del candidato liberal que intenta ser diputado desde la provincia de Buenos Aires, y que se sum\u00f3 a las confesiones del cannabis que ocupan la recta final de la campa\u00f1a, desde los dichos de Mar\u00eda Eugenia Vidal en el mismo lugar y por las mismas redes.<\/p>\n<p> \u201c<strong>La gente se est\u00e1 cagando de hambre<\/strong>, harta de pagar impuestos, los chicos se quieren ir del pais, qu\u00e9 me ven\u00eds a hablar de la marihuana\u201d.<\/p>\n<p>\u201cNo es lo mismo fumarse un porro en Palermo que <strong>en una villa rodeado de narcos<\/strong>\u201d, hab\u00eda expresado Vidal y fue criticada desde el kirchnerismo. Axel Kicillof, gobernador de Buenos Aires, cruz\u00f3 r\u00e1pido para tildar su argumento de \u201ctremendamente discriminador\u201d, con la velocidad que <strong>necesitaba la campa\u00f1a para salir del Olivosgate<\/strong> que tiene a los candidatos oficialistas a mal traer.<\/p>\n<p>Vidal, que recibi\u00f3 el respaldo obvio de Horacio Rodr\u00edguez Larreta, para colmo, agreg\u00f3 el tono personal este jueves por la noche, invitada en TN: <strong>\u201cNunca prob\u00e9 marihuana\u201d<\/strong>, sostuvo, para mantener vivo el tono liviano de una agenda hipot\u00e9tica y con tenor distractivo.<\/p>\n<h2>Espert y la sorpresa de los planes sociales<\/h2>\n<p>Adem\u00e1s, durante la entrevista, el economista liberal se refiri\u00f3 a los planes sociales y explic\u00f3 qu\u00e9 har\u00eda con ellos. <strong>Para sorpresa <\/strong>de su entrevistador, anticip\u00f3 que para reducir el tama\u00f1o \u201cgigantesco\u201d del Estado, no los cortar\u00eda.<\/p>\n<p>\u201c<strong>Yo no tocar\u00eda los planes sociales<\/strong>. Tampoco a las jubilaciones\u201d, dijo a\u00fan cuando antes hab\u00eda criticado a \u201cun Estado de un tama\u00f1o tan gigantesco que no hay c\u00f3mo pagarlo\u201d.<\/p>\n<p> \u201cEl beneficiario de los planes <strong>es gente que qued\u00f3 afuera de un sistema maldito<\/strong>, entonces \u00bfc\u00f3mo pod\u00e9s culparlo si qued\u00f3 afuera de un sistema de mierda?\u201d, se pregunt\u00f3.<\/p>\n<p> En ese sentido, sostuvo que debe haber una pol\u00edtica <strong>que los transforme en trabajo<\/strong> y eso significar\u00eda \u201cmatar dos p\u00e1jaros de un tiro\u201d porque \u201cprimero la persona se empieza a sentir digna ya que se gana su sustento y, segundo, que esa persona deja de ser <strong>un esclavo del Estado<\/strong>\u201d.<\/p>\n<div>\n<div>\n<figure> <\/figure><figcaption>\n<p>El dirigente social Juan Grabois, para Jos\u00e9 Luis Espert es un \u201cfacineroso\u201d <\/p>\n<\/figcaption><\/div>\n<\/div>\n<p>No obstante, ese fue el pie que encontr\u00f3 Espert para disparar <strong>munici\u00f3n pesada contra quienes \u201cadministran\u201d<\/strong> los planes sociales.<\/p>\n<p>\u201cLos planes los tienen que cobrar los beneficiarios, <strong>no los facinerosos<\/strong> que los obligan a ir a marchas como las de la 9 de Julio\u201d.<\/p>\n<p>\u201cComo en toda regla hay excepciones\u201d, detall\u00f3. \u201c<strong>Hay atorrantes<\/strong>, mucho delincuente, mucho facineroso al estilo (Juan) Grabois, (Emilio) P\u00e9rsico, <strong>toda&nbsp;esa mafia<\/strong>. Pero el grueso del beneficiario de los planes es un comerciante, un tornero, un carpintero, un soldador, que qued\u00f3 fuera del sistema producto de las crisis que <strong>han ido demoliendo<\/strong> a la Argentina a lo largo del tiempo\u201d.<\/p>\n<p>En otro tramo de la entrevista, Espert tambi\u00e9n se diferenci\u00f3 de Javier Milei, otro economista de supuesto todo liberal en campa\u00f1a hacia el Congreso. Lo hizo por su negacionismo del calentamiento global. \u201c<strong>No estoy de acuerdo con Milei <\/strong>en la cuesti\u00f3n ambiental. Es un tema que merece atenci\u00f3n, merece preocupaci\u00f3n.\u201d, se despeg\u00f3.<\/p>\n<p><em>DS<\/em><\/p>\n<div>\n<h2>TEMAS QUE APARECEN EN ESTA NOTA<\/h2>\n<\/div>\n<\/div>\n<nav class=\"navigation post-navigation\" role=\"navigation\" aria-label=\"Continue Reading\">\n<h2 class=\"screen-reader-text\">Continue Reading<\/h2>\n<\/nav>\n","protected":false},"excerpt":{"rendered":"<p>Jos\u00e9 Luis Espert confes\u00f3 que su \u201cposici\u00f3n personal\u201d respecto del consumo y la despenalizaci\u00f3n de la marihuana es a favor, aunque aclar\u00f3 que ese es su pensamiento y que si, siendo diputado, le acercaran el proyecto, se lo \u201ctira por la cabeza al Presidente\u201d. \u201cEstoy a favor de que no est\u00e9 penalizada\u201d, confes\u00f3 entrevistado por [&hellip;]<\/p>\n","protected":false},"author":1,"featured_media":20319,"comment_status":"closed","ping_status":"closed","sticky":false,"template":"","format":"standard","meta":[],"categories":[2],"tags":[],"_links":{"self":[{"href":"http:\/\/cordobainforma.info\/index.php\/wp-json\/wp\/v2\/posts\/20318"}],"collection":[{"href":"http:\/\/cordobainforma.info\/index.php\/wp-json\/wp\/v2\/posts"}],"about":[{"href":"http:\/\/cordobainforma.info\/index.php\/wp-json\/wp\/v2\/types\/post"}],"author":[{"embeddable":true,"href":"http:\/\/cordobainforma.info\/index.php\/wp-json\/wp\/v2\/users\/1"}],"replies":[{"embeddable":true,"href":"http:\/\/cordobainforma.info\/index.php\/wp-json\/wp\/v2\/comments?post=20318"}],"version-history":[{"count":0,"href":"http:\/\/cordobainforma.info\/index.php\/wp-json\/wp\/v2\/posts\/20318\/revisions"}],"wp:featuredmedia":[{"embeddable":true,"href":"http:\/\/cordobainforma.info\/index.php\/wp-json\/wp\/v2\/media\/20319"}],"wp:attachment":[{"href":"http:\/\/cordobainforma.info\/index.php\/wp-json\/wp\/v2\/media?parent=20318"}],"wp:term":[{"taxonomy":"category","embeddable":true,"href":"http:\/\/cordobainforma.info\/index.php\/wp-json\/wp\/v2\/categories?post=20318"},{"taxonomy":"post_tag","embeddable":true,"href":"http:\/\/cordobainforma.info\/index.php\/wp-json\/wp\/v2\/tags?post=20318"}],"curies":[{"name":"wp","href":"https:\/\/api.w.org\/{rel}","templated":true}]}}