{"id":20310,"date":"2021-09-03T02:11:43","date_gmt":"2021-09-03T02:11:43","guid":{"rendered":"http:\/\/cordobainforma.info\/index.php\/2021\/09\/03\/mbappe-abandona-la-concentracion-de-su-seleccion-por-una-distension-en-el-gemelo\/"},"modified":"2021-09-03T02:11:43","modified_gmt":"2021-09-03T02:11:43","slug":"mbappe-abandona-la-concentracion-de-su-seleccion-por-una-distension-en-el-gemelo","status":"publish","type":"post","link":"http:\/\/cordobainforma.info\/index.php\/2021\/09\/03\/mbappe-abandona-la-concentracion-de-su-seleccion-por-una-distension-en-el-gemelo\/","title":{"rendered":"Mbapp\u00e9 abandona la concentraci\u00f3n de su selecci\u00f3n por una distensi\u00f3n en el gemelo"},"content":{"rendered":"<p><img src=\"http:\/\/cordobainforma.info\/wp-content\/uploads\/2021\/09\/mbappe-abandona-la-concentracion-de-su-seleccion-por-una-distension-en-el-gemelo.jpg\"><\/p>\n<div readability=\"32\">\n<p><span>Publicado:<\/span><time class=\"Timestamp-root Timestamp-isBlackColor \" datetime=\"2021-09-03T02:11:43+00:00\"> 3 sep 2021 02:11 GMT <\/time><\/p>\n<\/div>\n<div readability=\"33\">\n<p> El delantero franc\u00e9s se lesion\u00f3 durante el partido de clasificaci\u00f3n para el Mundial de Catar 2022 disputado este mi\u00e9rcoles por su selecci\u00f3n contra Bosnia y Herzegovina. <\/p>\n<\/div>\n<div readability=\"60.765634870499\">\n<p>El delantero franc\u00e9s Kylian Mbapp\u00e9 ha abandonado este jueves la concentraci\u00f3n de su selecci\u00f3n por culpa de una distensi\u00f3n en el gemelo sufrida un d\u00eda antes durante el partido ante Bosnia y Herzegovina, informa el diario <a href=\"https:\/\/as.com\/futbol\/2021\/09\/02\/internacional\/1630542294_372712.html\" target=\"_blank\" rel=\"noopener noreferrer\">As<\/a>.<br \/><strong><\/strong><\/p>\n<p>En el tramo final del encuentro de clasificaci\u00f3n para el Mundial de Catar 2022, el futbolista del Paris Saint-Germain (PSG)&nbsp;<strong>sinti\u00f3 un pinchazo<\/strong> tras realizar un esprint. Dado que las molestias no desaparec\u00edan, en el tiempo de descuento fue sustituido por Moussa Diaby.<\/p>\n<p>Las pruebas m\u00e9dicas de esta ma\u00f1ana confirmaron su lesi\u00f3n, por lo que abandon\u00f3 la convocatoria para no asumir m\u00e1s riesgos. Ya se encuentra en Par\u00eds, donde est\u00e1 previsto que se recupere con los m\u00e9dicos del club capitalino.&nbsp;<\/p>\n<div class=\"ReadMore-root Section-root Section-is1to3-xs_is1to1\" data-widgets=\"ReadMore\">\n<div class=\"Section-container Section-isRow-isTop-isWrap\">\n<article class=\"Card-root Card-is1to1 \">\n<div class=\"Card-imageWrap\">\n<div class=\"Card-picture\"> <picture class=\"Picture-root Picture-default\"><!--[if IE 9]><video style=\"display: none;\"><![endif]--><source media=\"(-webkit-min-device-pixel-ratio: 2) and (min-resolution: 120dpi)\" srcset=\"http:\/\/cordobainforma.info\/wp-content\/uploads\/2021\/09\/mbappe-abandona-la-concentracion-de-su-seleccion-por-una-distension-en-el-gemelo-2.jpg 850w, http:\/\/cordobainforma.info\/wp-content\/uploads\/2021\/09\/mbappe-abandona-la-concentracion-de-su-seleccion-por-una-distension-en-el-gemelo-3.jpg 1960w\"><source srcset=\"http:\/\/cordobainforma.info\/wp-content\/uploads\/2021\/09\/mbappe-abandona-la-concentracion-de-su-seleccion-por-una-distension-en-el-gemelo-2.jpg 460w, http:\/\/cordobainforma.info\/wp-content\/uploads\/2021\/09\/mbappe-abandona-la-concentracion-de-su-seleccion-por-una-distension-en-el-gemelo-3.jpg 980w\"><!--[if IE 9]><\/video><![endif]--><img data-sizes=\"auto\" src=\"http:\/\/cordobainforma.info\/wp-content\/uploads\/2021\/09\/mbappe-abandona-la-concentracion-de-su-seleccion-por-una-distension-en-el-gemelo-2.jpg\" class=\"Picture-root Picture-default lazyload\" alt=\"El PSG responde a la oferta por Mbapp\u00e9 y dice que el Real Madrid &quot;ha tenido un comportamiento ilegal&quot;\"><\/picture><!-- noscript pattern --><noscript><img src=\"http:\/\/cordobainforma.info\/wp-content\/uploads\/2021\/09\/mbappe-abandona-la-concentracion-de-su-seleccion-por-una-distension-en-el-gemelo-3.jpg\" alt=\"El PSG responde a la oferta por Mbapp\u00e9 y dice que el Real Madrid &quot;ha tenido un comportamiento ilegal&quot;\"><\/noscript> <\/div><\/div>\n<\/article><\/div><\/div>\n<p>La Federaci\u00f3n Francesa de F\u00fatbol a\u00fan no se ha pronunciado sobre el alcance de la lesi\u00f3n de Mbapp\u00e9, que ser\u00e1 baja para los encuentros contra Ucrania y Finlandia. El partido ante Bosnia y Herzegovina termin\u00f3 en empate a uno.<\/p>\n<p>El futbolista de 22 a\u00f1os<strong> ha sido este verano el centro de atenci\u00f3n<\/strong> de los medios deportivos debido al decidido intento del Real Madrid&nbsp;por ficharlo. Este lunes <a href=\"https:\/\/actualidad.rt.com\/actualidad\/402363-vence-plazo-psg-responda-oferta\" target=\"_blank\" rel=\"noopener noreferrer\">venci\u00f3<\/a> el plazo para que el equipo parisino respondiera a la oferta de <strong>200 millones de d\u00f3lares<\/strong> m\u00e1s 11 millones por variables realizada por el equipo espa\u00f1ol.<\/p>\n<p>Seg\u00fan RMC Sport, lo m\u00e1s probable es que el Real Madrid intente&nbsp;hacerse al jugador cuando est\u00e9 libre, mediante un precontrato a partir de enero de 2022.<\/p>\n<p><strong><em>\u00bfTe ha parecido interesante? \u00a1D\u00e9janos tu opini\u00f3n en los comentarios!<\/em><\/strong><\/p>\n<\/div>\n","protected":false},"excerpt":{"rendered":"<p>Publicado: 3 sep 2021 02:11 GMT El delantero franc\u00e9s se lesion\u00f3 durante el partido de clasificaci\u00f3n para el Mundial de Catar 2022 disputado este mi\u00e9rcoles por su selecci\u00f3n contra Bosnia y Herzegovina. El delantero franc\u00e9s Kylian Mbapp\u00e9 ha abandonado este jueves la concentraci\u00f3n de su selecci\u00f3n por culpa de una distensi\u00f3n en el gemelo sufrida [&hellip;]<\/p>\n","protected":false},"author":1,"featured_media":20311,"comment_status":"closed","ping_status":"closed","sticky":false,"template":"","format":"standard","meta":[],"categories":[22],"tags":[],"_links":{"self":[{"href":"http:\/\/cordobainforma.info\/index.php\/wp-json\/wp\/v2\/posts\/20310"}],"collection":[{"href":"http:\/\/cordobainforma.info\/index.php\/wp-json\/wp\/v2\/posts"}],"about":[{"href":"http:\/\/cordobainforma.info\/index.php\/wp-json\/wp\/v2\/types\/post"}],"author":[{"embeddable":true,"href":"http:\/\/cordobainforma.info\/index.php\/wp-json\/wp\/v2\/users\/1"}],"replies":[{"embeddable":true,"href":"http:\/\/cordobainforma.info\/index.php\/wp-json\/wp\/v2\/comments?post=20310"}],"version-history":[{"count":0,"href":"http:\/\/cordobainforma.info\/index.php\/wp-json\/wp\/v2\/posts\/20310\/revisions"}],"wp:featuredmedia":[{"embeddable":true,"href":"http:\/\/cordobainforma.info\/index.php\/wp-json\/wp\/v2\/media\/20311"}],"wp:attachment":[{"href":"http:\/\/cordobainforma.info\/index.php\/wp-json\/wp\/v2\/media?parent=20310"}],"wp:term":[{"taxonomy":"category","embeddable":true,"href":"http:\/\/cordobainforma.info\/index.php\/wp-json\/wp\/v2\/categories?post=20310"},{"taxonomy":"post_tag","embeddable":true,"href":"http:\/\/cordobainforma.info\/index.php\/wp-json\/wp\/v2\/tags?post=20310"}],"curies":[{"name":"wp","href":"https:\/\/api.w.org\/{rel}","templated":true}]}}