{"id":20308,"date":"2021-09-03T02:12:11","date_gmt":"2021-09-03T02:12:11","guid":{"rendered":"http:\/\/cordobainforma.info\/index.php\/2021\/09\/03\/en-australia-sugieren-preguntar-a-ninos-de-3-anos-cual-es-su-pronombre-preferido-para-crear-un-entorno-inclusivo\/"},"modified":"2021-09-03T02:12:11","modified_gmt":"2021-09-03T02:12:11","slug":"en-australia-sugieren-preguntar-a-ninos-de-3-anos-cual-es-su-pronombre-preferido-para-crear-un-entorno-inclusivo","status":"publish","type":"post","link":"http:\/\/cordobainforma.info\/index.php\/2021\/09\/03\/en-australia-sugieren-preguntar-a-ninos-de-3-anos-cual-es-su-pronombre-preferido-para-crear-un-entorno-inclusivo\/","title":{"rendered":"En Australia sugieren preguntar a ni\u00f1os de 3 a\u00f1os cu\u00e1l es su \u00abpronombre preferido\u00bb para crear \u00abun entorno inclusivo\u00bb"},"content":{"rendered":"<p><img src=\"http:\/\/cordobainforma.info\/wp-content\/uploads\/2021\/09\/en-australia-sugieren-preguntar-a-ninos-de-3-anos-cual-es-su-pronombre-preferido-para-crear-un-entorno-inclusivo.jpg\"><\/p>\n<div readability=\"32\">\n<p><span>Publicado:<\/span><time class=\"Timestamp-root Timestamp-isBlackColor \" datetime=\"2021-09-03T02:12:11+00:00\"> 3 sep 2021 02:12 GMT <\/time><\/p>\n<\/div>\n<div readability=\"34\">\n<p> \u00abMuchos ni\u00f1os y j\u00f3venes no se identifican como cisg\u00e9nero o heterosexuales\u00bb, reza el documento de directrices publicado por la Oficina del Protector de los Ni\u00f1os de Nueva Gales del Sur. <\/p>\n<\/div>\n<div readability=\"59.766718506998\">\n<p>Una agencia&nbsp;gubernamental del estado&nbsp;australiano de Nueva Gales del Sur ha difundido recientemente una serie de&nbsp;<a href=\"https:\/\/www.ocg.nsw.gov.au\/ArticleDocuments\/838\/Empowerment-and-ParticipationChildSafeStandards.pdf.aspx?Embed=Y&amp;utm_source=nswocg&amp;utm_medium=organic_social&amp;utm_term=&amp;utm_content=&amp;utm_campaign=css_resource\" target=\"_blank\" rel=\"nofollow noopener noreferrer\">directrices<\/a> en las que se afirma que ni\u00f1os de apenas 3 a\u00f1os deben ser preguntados sobre qu\u00e9 pronombre prefieren.<\/p>\n<p>Los autores del documento, que ha sido publicado por la Oficina del Protector de los Ni\u00f1os de dicho estado, aseguran que va destinado a \u00abempoderar\u00bb a los ni\u00f1os y a fomentar su \u00abparticipaci\u00f3n\u00bb para que expresen su opini\u00f3n acerca de los asuntos que les afectan.<\/p>\n<p>Seg\u00fan el texto, \u00abmuchos ni\u00f1os y j\u00f3venes <strong>no se identifican como cisg\u00e9nero o heterosexuales<\/strong>\u00ab, por lo que resulta importante crear un <strong>\u00abentorno inclusivo\u00bb<\/strong>.<\/p>\n<p>En la secci\u00f3n dedicada a los <strong>ni\u00f1os de entre 3 y 8 a\u00f1os<\/strong>, los autores especifican que uno de los pasos hacia el entorno inclusivo ser\u00eda el uso de su <strong>pronombre preferido<\/strong>.<\/p>\n<div class=\"ReadMore-root Section-root Section-is1to3-xs_is1to1\" data-widgets=\"ReadMore\">\n<div class=\"Section-container Section-isRow-isTop-isWrap\">\n<article class=\"Card-root Card-is1to1 \">\n<div class=\"Card-imageWrap\">\n<div class=\"Card-picture\"> <picture class=\"Picture-root Picture-default\"><!--[if IE 9]><video style=\"display: none;\"><![endif]--><source media=\"(-webkit-min-device-pixel-ratio: 2) and (min-resolution: 120dpi)\" srcset=\"http:\/\/cordobainforma.info\/wp-content\/uploads\/2021\/09\/en-australia-sugieren-preguntar-a-ninos-de-3-anos-cual-es-su-pronombre-preferido-para-crear-un-entorno-inclusivo-2.jpg 850w, http:\/\/cordobainforma.info\/wp-content\/uploads\/2021\/09\/en-australia-sugieren-preguntar-a-ninos-de-3-anos-cual-es-su-pronombre-preferido-para-crear-un-entorno-inclusivo-3.jpg 1960w\"><source srcset=\"http:\/\/cordobainforma.info\/wp-content\/uploads\/2021\/09\/en-australia-sugieren-preguntar-a-ninos-de-3-anos-cual-es-su-pronombre-preferido-para-crear-un-entorno-inclusivo-2.jpg 460w, http:\/\/cordobainforma.info\/wp-content\/uploads\/2021\/09\/en-australia-sugieren-preguntar-a-ninos-de-3-anos-cual-es-su-pronombre-preferido-para-crear-un-entorno-inclusivo-3.jpg 980w\"><!--[if IE 9]><\/video><![endif]--><img data-sizes=\"auto\" src=\"http:\/\/cordobainforma.info\/wp-content\/uploads\/2021\/09\/en-australia-sugieren-preguntar-a-ninos-de-3-anos-cual-es-su-pronombre-preferido-para-crear-un-entorno-inclusivo-2.jpg\" class=\"Picture-root Picture-default lazyload\" alt=\"M\u00faltiples estados demandan a la Administraci\u00f3n de Biden por directrices que permiten a mujeres trans competir en equipos femeninos escolares\"><\/picture><!-- noscript pattern --><noscript><img src=\"http:\/\/cordobainforma.info\/wp-content\/uploads\/2021\/09\/en-australia-sugieren-preguntar-a-ninos-de-3-anos-cual-es-su-pronombre-preferido-para-crear-un-entorno-inclusivo-3.jpg\" alt=\"M\u00faltiples estados demandan a la Administraci\u00f3n de Biden por directrices que permiten a mujeres trans competir en equipos femeninos escolares\"><\/noscript> <\/div><\/div>\n<\/article><\/div><\/div>\n<p>\u00abNo d\u00e9 por sentado la identidad de g\u00e9nero de un ni\u00f1o. <strong>Preg\u00fantele sobre sus pronombres preferidos<\/strong> y util\u00edcelos con respeto\u00bb, reza el texto.<\/p>\n<p>Usuarios de las redes sociales ya han dado la voz de alarma y&nbsp;<a href=\"https:\/\/twitter.com\/HahaSnuffel\/status\/1433555227471319043\" target=\"_blank\" rel=\"nofollow noopener noreferrer\">se\u00f1alan<\/a>&nbsp;que los ni\u00f1os&nbsp;peque\u00f1os&nbsp;todav\u00eda <strong>no tienen la capacidad mental para entender tales conceptos<\/strong>.<\/p>\n<p>\u00bfEn serio? Conozco a ni\u00f1os de tres a\u00f1os de edad que todav\u00eda llevan pa\u00f1ales, \u00bfpero pueden tomar una decisi\u00f3n sobre su g\u00e9nero?\u00bb, <a href=\"https:\/\/twitter.com\/CoatezKiki\/status\/1433568777606598662\" target=\"_blank\" rel=\"nofollow noopener noreferrer\">tuite\u00f3<\/a> un usuario.<\/p>\n<\/div>\n","protected":false},"excerpt":{"rendered":"<p>Publicado: 3 sep 2021 02:12 GMT \u00abMuchos ni\u00f1os y j\u00f3venes no se identifican como cisg\u00e9nero o heterosexuales\u00bb, reza el documento de directrices publicado por la Oficina del Protector de los Ni\u00f1os de Nueva Gales del Sur. Una agencia&nbsp;gubernamental del estado&nbsp;australiano de Nueva Gales del Sur ha difundido recientemente una serie de&nbsp;directrices en las que se [&hellip;]<\/p>\n","protected":false},"author":1,"featured_media":20309,"comment_status":"closed","ping_status":"closed","sticky":false,"template":"","format":"standard","meta":[],"categories":[22],"tags":[],"_links":{"self":[{"href":"http:\/\/cordobainforma.info\/index.php\/wp-json\/wp\/v2\/posts\/20308"}],"collection":[{"href":"http:\/\/cordobainforma.info\/index.php\/wp-json\/wp\/v2\/posts"}],"about":[{"href":"http:\/\/cordobainforma.info\/index.php\/wp-json\/wp\/v2\/types\/post"}],"author":[{"embeddable":true,"href":"http:\/\/cordobainforma.info\/index.php\/wp-json\/wp\/v2\/users\/1"}],"replies":[{"embeddable":true,"href":"http:\/\/cordobainforma.info\/index.php\/wp-json\/wp\/v2\/comments?post=20308"}],"version-history":[{"count":0,"href":"http:\/\/cordobainforma.info\/index.php\/wp-json\/wp\/v2\/posts\/20308\/revisions"}],"wp:featuredmedia":[{"embeddable":true,"href":"http:\/\/cordobainforma.info\/index.php\/wp-json\/wp\/v2\/media\/20309"}],"wp:attachment":[{"href":"http:\/\/cordobainforma.info\/index.php\/wp-json\/wp\/v2\/media?parent=20308"}],"wp:term":[{"taxonomy":"category","embeddable":true,"href":"http:\/\/cordobainforma.info\/index.php\/wp-json\/wp\/v2\/categories?post=20308"},{"taxonomy":"post_tag","embeddable":true,"href":"http:\/\/cordobainforma.info\/index.php\/wp-json\/wp\/v2\/tags?post=20308"}],"curies":[{"name":"wp","href":"https:\/\/api.w.org\/{rel}","templated":true}]}}