{"id":20248,"date":"2021-09-02T10:54:00","date_gmt":"2021-09-02T10:54:00","guid":{"rendered":"https:\/\/somoscordobeses.com\/2021\/09\/02\/bolivia-y-colombia-abren-la-fecha-en-la-altura-de-la-paz\/"},"modified":"2021-09-02T10:54:00","modified_gmt":"2021-09-02T10:54:00","slug":"bolivia-y-colombia-abren-la-fecha-en-la-altura-de-la-paz","status":"publish","type":"post","link":"http:\/\/cordobainforma.info\/index.php\/2021\/09\/02\/bolivia-y-colombia-abren-la-fecha-en-la-altura-de-la-paz\/","title":{"rendered":"Bolivia y Colombia abren la fecha en la altura de La Paz"},"content":{"rendered":"<div>\n<div>\n<div id=\"image\">\n<p>Bolivia recibe a Colombia en La Paz. Foto: @Conmebol<\/p>\n<\/div>\n<p> Los seleccionados de Bolivia y Colombia abren este jueves la novena fecha de las Eliminatorias Sudamericanas para el Mundial de Qatar 2022 en la altura de La Paz.<\/p>\n<p> El partido se disputar\u00e1 desde las 17 en el estadio Hernando Siles, con arbitraje del venezolano Alexis Herrera y transmisi\u00f3n de la TV P\u00fablica.<\/p>\n<p> Por los cambios que tuvo el calendario por la pandemia se disputaron seis partidos pero este encuentro corresponde a la fecha 9 del certamen clasificatorio.<\/p>\n<p> Colombia est\u00e1 en la quinta posici\u00f3n -zona de repechaje- con 8 puntos, los mismos que Uruguay pero con peor diferencia de gol.<\/p>\n<p> Bolivia, por su lado, se ubica en el octavo puesto con 5 unidades.<\/p>\n<p> El conjunto \u201ccafetero\u201d llega con el envi\u00f3n del tercer puesto en la \u00faltima Copa Am\u00e9rica de Brasil y buscar\u00e1 abrir la triple fecha con un resultado positivo en la altura de La Paz.<\/p>\n<p> Luego, el equipo dirigido por Reinaldo Rueda, quien convoc\u00f3 nuevamente a Radamel Falcao Garc\u00eda y Juan Fernando Quintero, visitar\u00e1 a Paraguay, en Asunci\u00f3n, y cerrar\u00e1 como local ante Chile.<\/p>\n<p> Se perfila para ser titular en Colombia el lateral derecho Andr\u00e9s Rom\u00e1n, quien ten\u00eda todo listo para ser refuerzo de Boca Juniors a principios de a\u00f1o pero el pase se cay\u00f3 por un problema card\u00edaco detectado en los ex\u00e1menes previos.<\/p>\n<p> El defensor volvi\u00f3 a Colombia, en julio volvi\u00f3 a jugar y es una de las figuras de Millonarios.<\/p>\n<p> A pesar de perder los cuatro partidos de la Copa Am\u00e9rica, el venezolano C\u00e9sar Far\u00edas fue ratificado como entrenador de Bolivia.<\/p>\n<p> Para la \u201cverde\u201d, este encuentro ser\u00e1 trascendental para sumar en casa ya que luego tendr\u00e1 dos duros partidos como visitante contra Uruguay y Argentina.<\/p>\n<p> Colombia gan\u00f3 los \u00faltimos dos partidos de Eliminatorias en La Paz: 3-2 en 2016 y 2-1 en 2011. Y entre todas las competencias suma diez sin perder ante los bolivianos, con siete victorias y tres empates.<\/p>\n<p> La \u00faltima victoria de Bolivia fue en 2003 por 4-0 en el camino hacia el Mundial de Alemania 2006.<\/p>\n<\/div>\n<\/div>\n<nav class=\"navigation post-navigation\" role=\"navigation\" aria-label=\"Continue Reading\">\n<h2 class=\"screen-reader-text\">Continue Reading<\/h2>\n<\/nav>\n","protected":false},"excerpt":{"rendered":"<p>Bolivia recibe a Colombia en La Paz. Foto: @Conmebol Los seleccionados de Bolivia y Colombia abren este jueves la novena fecha de las Eliminatorias Sudamericanas para el Mundial de Qatar 2022 en la altura de La Paz. El partido se disputar\u00e1 desde las 17 en el estadio Hernando Siles, con arbitraje del venezolano Alexis Herrera [&hellip;]<\/p>\n","protected":false},"author":1,"featured_media":20249,"comment_status":"closed","ping_status":"closed","sticky":false,"template":"","format":"standard","meta":[],"categories":[20,2],"tags":[],"_links":{"self":[{"href":"http:\/\/cordobainforma.info\/index.php\/wp-json\/wp\/v2\/posts\/20248"}],"collection":[{"href":"http:\/\/cordobainforma.info\/index.php\/wp-json\/wp\/v2\/posts"}],"about":[{"href":"http:\/\/cordobainforma.info\/index.php\/wp-json\/wp\/v2\/types\/post"}],"author":[{"embeddable":true,"href":"http:\/\/cordobainforma.info\/index.php\/wp-json\/wp\/v2\/users\/1"}],"replies":[{"embeddable":true,"href":"http:\/\/cordobainforma.info\/index.php\/wp-json\/wp\/v2\/comments?post=20248"}],"version-history":[{"count":0,"href":"http:\/\/cordobainforma.info\/index.php\/wp-json\/wp\/v2\/posts\/20248\/revisions"}],"wp:featuredmedia":[{"embeddable":true,"href":"http:\/\/cordobainforma.info\/index.php\/wp-json\/wp\/v2\/media\/20249"}],"wp:attachment":[{"href":"http:\/\/cordobainforma.info\/index.php\/wp-json\/wp\/v2\/media?parent=20248"}],"wp:term":[{"taxonomy":"category","embeddable":true,"href":"http:\/\/cordobainforma.info\/index.php\/wp-json\/wp\/v2\/categories?post=20248"},{"taxonomy":"post_tag","embeddable":true,"href":"http:\/\/cordobainforma.info\/index.php\/wp-json\/wp\/v2\/tags?post=20248"}],"curies":[{"name":"wp","href":"https:\/\/api.w.org\/{rel}","templated":true}]}}