{"id":20246,"date":"2021-09-02T10:54:00","date_gmt":"2021-09-02T10:54:00","guid":{"rendered":"https:\/\/somoscordobeses.com\/2021\/09\/02\/uruguay-con-bajas-importantes-visita-a-peru\/"},"modified":"2021-09-02T10:54:00","modified_gmt":"2021-09-02T10:54:00","slug":"uruguay-con-bajas-importantes-visita-a-peru","status":"publish","type":"post","link":"http:\/\/cordobainforma.info\/index.php\/2021\/09\/02\/uruguay-con-bajas-importantes-visita-a-peru\/","title":{"rendered":"Uruguay, con bajas importantes, visita a Per\u00fa"},"content":{"rendered":"<div>\n<div>\n<div id=\"image\">\n<p>Luis Su\u00e1rez y Edinson Cavani estar\u00e1n ausentes en Uruguay. Foto: @Conmebol<\/p>\n<\/div>\n<p> El seleccionado de Uruguay, sin la dupla ofensiva integrada por Luis Su\u00e1rez y Edinson Cavani, visitar\u00e1 este jueves a Per\u00fa, \u00faltimo en la clasificaci\u00f3n y dirigido por el argentino Ricardo Gareca, en un partido en el que ambos necesitan sumar puntos en las Eliminatorias Sudamericanas para el Mundial de Qatar 2022.<\/p>\n<p> El encuentro, v\u00e1lido por la novena fecha, se jugar\u00e1 en el Estadio Nacional de Lima, este jueves desde las 22 (hora de la Argentina), con el arbitraje del misionero N\u00e9stor Pitana y televisaci\u00f3n de DeporTV.<\/p>\n<p> Luego de haberse jugado seis fechas, Uruguay est\u00e1 cuarto con 8 puntos, lejos del l\u00edder Brasil (18) aunque en zona de clasificaci\u00f3n mundialista, mientras que Per\u00fa marcha en la \u00faltima ubicaci\u00f3n con apenas 4 unidades junto a Venezuela, pero con menor saldo de goles.<\/p>\n<p> Luego de esta jornada, el domingo pr\u00f3ximo, por la postergada sexta fecha, Uruguay recibir\u00e1 en Montevideo a Bolivia y Per\u00fa volver\u00e1 a ser local en Lima ante Venezuela.<\/p>\n<p> Uruguay no llega en un buen momento a este encuentro. El equipo oriental suma tres partidos sin ganar y sin convertir goles (derrota con Brasil 2-0, m\u00e1s empates ante Paraguay y Venezuela ambos 0-0) y adem\u00e1s en la reciente Copa Am\u00e9rica celebrada en Brasil y ganada por la Argentina el desempe\u00f1o del equipo fue flojo, quedando fuera en cuartos de final ante Colombia.<\/p>\n<p> A esta deslucida coyuntura se agrega que el equipo que dirige \u00d3scar Tab\u00e1rez, de 74 a\u00f1os, con 15 en el cargo y cuatro participaciones mundialistas, no contar\u00e1 con su temible dupla ofensiva: Luis S\u00faarez, del Atl\u00e9tico de Madrid, y Cavani, en Manchester United.<\/p>\n<p> El \u201cPistolero\u201d Su\u00e1rez no fue citado a causa de una lesi\u00f3n en la rodilla izquierda en el \u00faltimo partido del \u201cAtleti\u201d, mientras que Cavani fue desafectado por la Asociaci\u00f3n Uruguaya de F\u00fatbol (AUF) a causa de las restricciones sanitarias impuestas por la Premier League para aqu\u00e9llos que ingresan a Inglaterra desde Sudam\u00e9rica, por el tema de la pandemia de coronavirus.<\/p>\n<p> Adem\u00e1s, tampoco estar\u00e1 disponible el zaguero Sebasti\u00e1n Coates, del Sporting Lisboa, por una inflamaci\u00f3n en la rodilla derecha.<\/p>\n<p> Por el lado de Per\u00fa, a\u00fan conf\u00edan en el \u201cTigre\u201d Gareca y en la posibilidad de que revierta este muy mal inicio de eliminatoria, EL DT llev\u00f3 al equipo incaico a Rusia 2018 luego de 36 a\u00f1os de ausencias mundialistas y son solo cuatro puntos los que separan al equipo del \u00faltimo lugar y la clasificaci\u00f3n a Catar, pero sumar los tres puntos ante un rival directo como Uruguay se hace imprescindible.<\/p>\n<p> La buena noticia para Gareca ser\u00e1 el regreso del delantero Paolo Guerrero, el delantero del Inter de Brasil, de 37 a\u00f1os, 103 cotejos con la casaca peruana y 39 goles, repuesto de una lesi\u00f3n en la rodilla que lo dej\u00f3 fuera de la Copa Am\u00e9rica de Brasil.<\/p>\n<p> Lo malo para el equipo peruano es no contar con Gianluca Lapadula, una figura que tom\u00f3 un rol muy gravitante.<\/p>\n<p> El delantero de 31 a\u00f1os nacido en Tur\u00edn e hijo de madre peruana, quien juega en Benevento de la segunda divisi\u00f3n de Italia, lleg\u00f3 al l\u00edmite de amonestaciones y no jugar\u00e1 este compromiso, pero si lo har\u00e1 ante Venezuela el pr\u00f3ximo.<\/p>\n<p> En el historial de eliminatorias mundialistas jugaron 18 veces con clara ventaja de Uruguay con 10 triunfos contra cinco de Per\u00fa, m\u00e1s tres empates.<\/p>\n<\/div>\n<\/div>\n<nav class=\"navigation post-navigation\" role=\"navigation\" aria-label=\"Continue Reading\">\n<h2 class=\"screen-reader-text\">Continue Reading<\/h2>\n<\/nav>\n","protected":false},"excerpt":{"rendered":"<p>Luis Su\u00e1rez y Edinson Cavani estar\u00e1n ausentes en Uruguay. Foto: @Conmebol El seleccionado de Uruguay, sin la dupla ofensiva integrada por Luis Su\u00e1rez y Edinson Cavani, visitar\u00e1 este jueves a Per\u00fa, \u00faltimo en la clasificaci\u00f3n y dirigido por el argentino Ricardo Gareca, en un partido en el que ambos necesitan sumar puntos en las Eliminatorias [&hellip;]<\/p>\n","protected":false},"author":1,"featured_media":20247,"comment_status":"closed","ping_status":"closed","sticky":false,"template":"","format":"standard","meta":[],"categories":[20,2],"tags":[],"_links":{"self":[{"href":"http:\/\/cordobainforma.info\/index.php\/wp-json\/wp\/v2\/posts\/20246"}],"collection":[{"href":"http:\/\/cordobainforma.info\/index.php\/wp-json\/wp\/v2\/posts"}],"about":[{"href":"http:\/\/cordobainforma.info\/index.php\/wp-json\/wp\/v2\/types\/post"}],"author":[{"embeddable":true,"href":"http:\/\/cordobainforma.info\/index.php\/wp-json\/wp\/v2\/users\/1"}],"replies":[{"embeddable":true,"href":"http:\/\/cordobainforma.info\/index.php\/wp-json\/wp\/v2\/comments?post=20246"}],"version-history":[{"count":0,"href":"http:\/\/cordobainforma.info\/index.php\/wp-json\/wp\/v2\/posts\/20246\/revisions"}],"wp:featuredmedia":[{"embeddable":true,"href":"http:\/\/cordobainforma.info\/index.php\/wp-json\/wp\/v2\/media\/20247"}],"wp:attachment":[{"href":"http:\/\/cordobainforma.info\/index.php\/wp-json\/wp\/v2\/media?parent=20246"}],"wp:term":[{"taxonomy":"category","embeddable":true,"href":"http:\/\/cordobainforma.info\/index.php\/wp-json\/wp\/v2\/categories?post=20246"},{"taxonomy":"post_tag","embeddable":true,"href":"http:\/\/cordobainforma.info\/index.php\/wp-json\/wp\/v2\/tags?post=20246"}],"curies":[{"name":"wp","href":"https:\/\/api.w.org\/{rel}","templated":true}]}}