{"id":20240,"date":"2021-09-02T03:06:20","date_gmt":"2021-09-02T03:06:20","guid":{"rendered":"http:\/\/cordobainforma.info\/index.php\/2021\/09\/02\/sebastian-el-loco-abreu-vuelve-al-futbol-tras-su-retirada-y-ficha-por-el-olimpia-de-minas\/"},"modified":"2021-09-02T03:06:20","modified_gmt":"2021-09-02T03:06:20","slug":"sebastian-el-loco-abreu-vuelve-al-futbol-tras-su-retirada-y-ficha-por-el-olimpia-de-minas","status":"publish","type":"post","link":"http:\/\/cordobainforma.info\/index.php\/2021\/09\/02\/sebastian-el-loco-abreu-vuelve-al-futbol-tras-su-retirada-y-ficha-por-el-olimpia-de-minas\/","title":{"rendered":"Sebasti\u00e1n &#8216;El Loco&#8217; Abreu vuelve al f\u00fatbol tras su retirada y ficha por el Olimpia de Minas"},"content":{"rendered":"<p><img src=\"http:\/\/cordobainforma.info\/wp-content\/uploads\/2021\/09\/sebastian-el-loco-abreu-vuelve-al-futbol-tras-su-retirada-y-ficha-por-el-olimpia-de-minas.jpg\"><\/p>\n<div readability=\"32\">\n<p><span>Publicado:<\/span><time class=\"Timestamp-root Timestamp-isBlackColor \" datetime=\"2021-09-02T03:06:20+00:00\"> 2 sep 2021 03:06 GMT <\/time><\/p>\n<\/div>\n<div readability=\"35\">\n<p> A sus 44 a\u00f1os, el uruguayo ampl\u00eda su r\u00e9cord Guinnes como el jugador que ha formado parte de m\u00e1s equipos de f\u00fatbol en la historia, con un total de 32. <\/p>\n<\/div>\n<div readability=\"67.690652320108\">\n<p>El delantero uruguayo Sebasti\u00e1n &#8216;El Loco&#8217; Abreu, de 44 a\u00f1os, decidi\u00f3 hacer caso omiso de su reciente anuncio de retiro y ahora, fichado por el Olimpia de Minas, vuelve al f\u00fatbol en un torneo regional de su pa\u00eds, seg\u00fan lo <a href=\"https:\/\/twitter.com\/OlimpiaDeMinas\/status\/1432101950133264388\" target=\"_blank\" rel=\"noopener noreferrer\">anunci\u00f3<\/a> el club este lunes a trav\u00e9s de su cuenta de Twitter.<br \/><strong><\/strong><\/p>\n<p>\u00abWashington Sebasti\u00e1n Abreu cumplir\u00e1 el sue\u00f1o de vestir oficialmente la camiseta del Olimpia en este Campeonato Minuano de Primera Divisi\u00f3n\u00bb, reza el texto, acompa\u00f1ado por una foto del futbolista. \u00ab\u00a1Bienvenido a tu casa @loco13com!\u00bb, a\u00f1ade.<\/p>\n<div class=\"ReadMore-root Section-root Section-is1to3-xs_is1to1\" data-widgets=\"ReadMore\">\n<div class=\"Section-container Section-isRow-isTop-isWrap\">\n<article class=\"Card-root Card-is1to1 \">\n<div class=\"Card-imageWrap\">\n<div class=\"Card-picture\"> <picture class=\"Picture-root Picture-default\"><!--[if IE 9]><video style=\"display: none;\"><![endif]--><source media=\"(-webkit-min-device-pixel-ratio: 2) and (min-resolution: 120dpi)\" srcset=\"http:\/\/cordobainforma.info\/wp-content\/uploads\/2021\/09\/sebastian-el-loco-abreu-vuelve-al-futbol-tras-su-retirada-y-ficha-por-el-olimpia-de-minas-2.jpg 850w, http:\/\/cordobainforma.info\/wp-content\/uploads\/2021\/09\/sebastian-el-loco-abreu-vuelve-al-futbol-tras-su-retirada-y-ficha-por-el-olimpia-de-minas-3.jpg 1960w\"><source srcset=\"http:\/\/cordobainforma.info\/wp-content\/uploads\/2021\/09\/sebastian-el-loco-abreu-vuelve-al-futbol-tras-su-retirada-y-ficha-por-el-olimpia-de-minas-2.jpg 460w, http:\/\/cordobainforma.info\/wp-content\/uploads\/2021\/09\/sebastian-el-loco-abreu-vuelve-al-futbol-tras-su-retirada-y-ficha-por-el-olimpia-de-minas-3.jpg 980w\"><!--[if IE 9]><\/video><![endif]--><img data-sizes=\"auto\" src=\"http:\/\/cordobainforma.info\/wp-content\/uploads\/2021\/09\/sebastian-el-loco-abreu-vuelve-al-futbol-tras-su-retirada-y-ficha-por-el-olimpia-de-minas-2.jpg\" class=\"Picture-root Picture-default lazyload\" alt=\"FOTOS: El mate memorial del futbolista Sebasti\u00e1n Abreu que triunfa en las redes\"><\/picture><!-- noscript pattern --><noscript><img src=\"http:\/\/cordobainforma.info\/wp-content\/uploads\/2021\/09\/sebastian-el-loco-abreu-vuelve-al-futbol-tras-su-retirada-y-ficha-por-el-olimpia-de-minas-3.jpg\" alt=\"FOTOS: El mate memorial del futbolista Sebasti\u00e1n Abreu que triunfa en las redes\"><\/noscript> <\/div><\/div>\n<\/article><\/div><\/div>\n<p>Dos d\u00edas despu\u00e9s, este mi\u00e9rcoles 1 de septiembre, el equipo de su ciudad natal&nbsp;<a href=\"https:\/\/twitter.com\/OlimpiaDeMinas\/status\/1432831492170915841\" target=\"_blank\" rel=\"noopener noreferrer\">comunic\u00f3<\/a> que el jugador iba a entrenar por primera vez con sus compa\u00f1eros de vestuario, hecho que catalog\u00f3 de \u00abmomento hist\u00f3rico\u00bb.<\/p>\n<p>De este modo,&nbsp;<a href=\"https:\/\/www.lacapital.com.ar\/ovacion\/el-eterno-regreso-sebastian-abreu-al-futbol-n2684979.html\" target=\"_blank\" rel=\"noopener noreferrer\">al incorporarse<\/a>&nbsp;a su club n\u00famero 32, Abreu ampl\u00eda su r\u00e9cord Guinnes como el jugador que ha formado parte de m\u00e1s equipos de f\u00fatbol en la historia. En los <strong>851 partidos oficiales<\/strong> que ha jugado, marc\u00f3 un total de <strong>432 goles<\/strong>.<\/p>\n<p>El futbolista, que ha disputado 57 partidos con la selecci\u00f3n absoluta de Uruguay, hab\u00eda&nbsp;<a href=\"https:\/\/www.ole.com.ar\/futbol-internacional\/america\/loco-abreu-vuelve-jugar-futbol_0_HFpChQ5jC.html\" target=\"_blank\" rel=\"noopener noreferrer\">puesto<\/a> punto final a su carrera como profesional el pasado 11 de junio, tras enfrentarse al Sud Am\u00e9rica. Su intenci\u00f3n, tras 26 a\u00f1os dedicados a ese deporte, era convertirse en entrenador, dijo entonces.<\/p>\n<p><strong><em>\u00bfTe ha parecido interesante? \u00a1D\u00e9janos tu opini\u00f3n en los comentarios!<\/em><\/strong><\/p>\n<\/div>\n","protected":false},"excerpt":{"rendered":"<p>Publicado: 2 sep 2021 03:06 GMT A sus 44 a\u00f1os, el uruguayo ampl\u00eda su r\u00e9cord Guinnes como el jugador que ha formado parte de m\u00e1s equipos de f\u00fatbol en la historia, con un total de 32. El delantero uruguayo Sebasti\u00e1n &#8216;El Loco&#8217; Abreu, de 44 a\u00f1os, decidi\u00f3 hacer caso omiso de su reciente anuncio de [&hellip;]<\/p>\n","protected":false},"author":1,"featured_media":20241,"comment_status":"closed","ping_status":"closed","sticky":false,"template":"","format":"standard","meta":[],"categories":[22],"tags":[],"_links":{"self":[{"href":"http:\/\/cordobainforma.info\/index.php\/wp-json\/wp\/v2\/posts\/20240"}],"collection":[{"href":"http:\/\/cordobainforma.info\/index.php\/wp-json\/wp\/v2\/posts"}],"about":[{"href":"http:\/\/cordobainforma.info\/index.php\/wp-json\/wp\/v2\/types\/post"}],"author":[{"embeddable":true,"href":"http:\/\/cordobainforma.info\/index.php\/wp-json\/wp\/v2\/users\/1"}],"replies":[{"embeddable":true,"href":"http:\/\/cordobainforma.info\/index.php\/wp-json\/wp\/v2\/comments?post=20240"}],"version-history":[{"count":0,"href":"http:\/\/cordobainforma.info\/index.php\/wp-json\/wp\/v2\/posts\/20240\/revisions"}],"wp:featuredmedia":[{"embeddable":true,"href":"http:\/\/cordobainforma.info\/index.php\/wp-json\/wp\/v2\/media\/20241"}],"wp:attachment":[{"href":"http:\/\/cordobainforma.info\/index.php\/wp-json\/wp\/v2\/media?parent=20240"}],"wp:term":[{"taxonomy":"category","embeddable":true,"href":"http:\/\/cordobainforma.info\/index.php\/wp-json\/wp\/v2\/categories?post=20240"},{"taxonomy":"post_tag","embeddable":true,"href":"http:\/\/cordobainforma.info\/index.php\/wp-json\/wp\/v2\/tags?post=20240"}],"curies":[{"name":"wp","href":"https:\/\/api.w.org\/{rel}","templated":true}]}}