{"id":20238,"date":"2021-09-02T03:12:30","date_gmt":"2021-09-02T03:12:30","guid":{"rendered":"http:\/\/cordobainforma.info\/index.php\/2021\/09\/02\/el-riesgo-de-desarrollar-sintomas-graves-de-covid-19-se-reduce-en-mas-del-60-en-personas-vacunadas\/"},"modified":"2021-09-02T03:12:30","modified_gmt":"2021-09-02T03:12:30","slug":"el-riesgo-de-desarrollar-sintomas-graves-de-covid-19-se-reduce-en-mas-del-60-en-personas-vacunadas","status":"publish","type":"post","link":"http:\/\/cordobainforma.info\/index.php\/2021\/09\/02\/el-riesgo-de-desarrollar-sintomas-graves-de-covid-19-se-reduce-en-mas-del-60-en-personas-vacunadas\/","title":{"rendered":"El riesgo de desarrollar s\u00edntomas graves de covid-19 se reduce en m\u00e1s del 60 % en personas vacunadas"},"content":{"rendered":"<div><img src=\"http:\/\/cordobainforma.info\/wp-content\/uploads\/2021\/09\/el-riesgo-de-desarrollar-sintomas-graves-de-covid-19-se-reduce-en-mas-del-60-en-personas-vacunadas.jpg\" class=\"ff-og-image-inserted\"><\/div>\n<div readability=\"32\">\n<p><span>Publicado:<\/span><time class=\"Timestamp-root Timestamp-isBlackColor \" datetime=\"2021-09-02T03:12:30+00:00\"> 2 sep 2021 03:12 GMT <\/time><\/p>\n<\/div>\n<div readability=\"39.428832116788\">\n<p>La probabilidad de que personas&nbsp;completamente vacunadas&nbsp;desarrollen s\u00edntomas graves&nbsp;si contraen el&nbsp;covid-19 se reduce en m\u00e1s de dos tercios, seg\u00fan un estudio de un equipo de cient\u00edficos brit\u00e1nicos&nbsp;<a href=\"https:\/\/www.thelancet.com\/journals\/laninf\/article\/PIIS1473-3099(21)00460-6\/fulltext#coronavirus-linkback-header\" target=\"_blank\" rel=\"nofollow noopener noreferrer\">publicado<\/a> el pasado 1 de septiembre en la revista cient\u00edfica&nbsp;Lancet Infectious Diseases,<\/p>\n<p>Seg\u00fan las&nbsp;<a href=\"https:\/\/www.swissinfo.ch\/spa\/coronavirus-investigaci%C3%B3n_las-vacunas-reducen-en-m%C3%A1s-del-70---las-hospitalizaciones--seg%C3%BAn-un-estudio\/46914626\" target=\"_blank\" rel=\"nofollow noopener noreferrer\">conclusiones<\/a>&nbsp;del estudio, la probabilidad de que la enfermedad sea asintom\u00e1tica&nbsp;en personas inmunizadas que se contagiaron de coronavirus es de un 63 % despu\u00e9s de la primera dosis de la vacuna y de un 94 % despu\u00e9s de la segunda dosis.<\/p>\n<\/div>\n","protected":false},"excerpt":{"rendered":"<p>Publicado: 2 sep 2021 03:12 GMT La probabilidad de que personas&nbsp;completamente vacunadas&nbsp;desarrollen s\u00edntomas graves&nbsp;si contraen el&nbsp;covid-19 se reduce en m\u00e1s de dos tercios, seg\u00fan un estudio de un equipo de cient\u00edficos brit\u00e1nicos&nbsp;publicado el pasado 1 de septiembre en la revista cient\u00edfica&nbsp;Lancet Infectious Diseases, Seg\u00fan las&nbsp;conclusiones&nbsp;del estudio, la probabilidad de que la enfermedad sea asintom\u00e1tica&nbsp;en personas [&hellip;]<\/p>\n","protected":false},"author":1,"featured_media":20239,"comment_status":"closed","ping_status":"closed","sticky":false,"template":"","format":"standard","meta":[],"categories":[22],"tags":[],"_links":{"self":[{"href":"http:\/\/cordobainforma.info\/index.php\/wp-json\/wp\/v2\/posts\/20238"}],"collection":[{"href":"http:\/\/cordobainforma.info\/index.php\/wp-json\/wp\/v2\/posts"}],"about":[{"href":"http:\/\/cordobainforma.info\/index.php\/wp-json\/wp\/v2\/types\/post"}],"author":[{"embeddable":true,"href":"http:\/\/cordobainforma.info\/index.php\/wp-json\/wp\/v2\/users\/1"}],"replies":[{"embeddable":true,"href":"http:\/\/cordobainforma.info\/index.php\/wp-json\/wp\/v2\/comments?post=20238"}],"version-history":[{"count":0,"href":"http:\/\/cordobainforma.info\/index.php\/wp-json\/wp\/v2\/posts\/20238\/revisions"}],"wp:featuredmedia":[{"embeddable":true,"href":"http:\/\/cordobainforma.info\/index.php\/wp-json\/wp\/v2\/media\/20239"}],"wp:attachment":[{"href":"http:\/\/cordobainforma.info\/index.php\/wp-json\/wp\/v2\/media?parent=20238"}],"wp:term":[{"taxonomy":"category","embeddable":true,"href":"http:\/\/cordobainforma.info\/index.php\/wp-json\/wp\/v2\/categories?post=20238"},{"taxonomy":"post_tag","embeddable":true,"href":"http:\/\/cordobainforma.info\/index.php\/wp-json\/wp\/v2\/tags?post=20238"}],"curies":[{"name":"wp","href":"https:\/\/api.w.org\/{rel}","templated":true}]}}