{"id":20169,"date":"2021-09-02T02:51:46","date_gmt":"2021-09-02T02:51:46","guid":{"rendered":"https:\/\/www.clarin.com\/deportes\/juegos-paralimpicos-brian-impellizzeri-obtuvo-medalla-plata-salto-largo_0_NZEFHo-EG.html"},"modified":"2021-09-02T02:51:46","modified_gmt":"2021-09-02T02:51:46","slug":"juegos-paralimpicos-brian-impellizzeri-obtuvo-la-medalla-de-plata-en-salto-en-largo","status":"publish","type":"post","link":"http:\/\/cordobainforma.info\/index.php\/2021\/09\/02\/juegos-paralimpicos-brian-impellizzeri-obtuvo-la-medalla-de-plata-en-salto-en-largo\/","title":{"rendered":"Juegos Paral\u00edmpicos: Brian Impellizzeri obtuvo la medalla de plata en salto en largo"},"content":{"rendered":"<p><img src=\"http:\/\/cordobainforma.info\/wp-content\/uploads\/2021\/09\/juegos-paralimpicos-brian-impellizzeri-obtuvo-la-medalla-de-plata-en-salto-en-largo.jpg\"><\/p>\n<div><img src=\"http:\/\/cordobainforma.info\/wp-content\/uploads\/2021\/09\/juegos-paralimpicos-brian-impellizzeri-obtuvo-la-medalla-de-plata-en-salto-en-largo-2.jpg\" class=\"ff-og-image-inserted\"><\/div>\n<p>El rosarino <strong>Brian Lionel Impellizzeri<\/strong> obtuvo la medalla de plata en la prueba de salto en largo de los Juegos Paral\u00edmpicos de <a alt=\"juegos-paralimpicos-tokio-2020\" class=\"slug\" href=\"https:\/\/www.clarin.com\/tema\/juegos-paralimpicos-tokio-2020.html\" target=\"_blank\" title=\"juegos-paralimpicos-tokio-2020\" rel=\"noopener noreferrer\">Tokio 2020<\/a>, siendo la segunda de ese metal que obtiene la delegaci\u00f3n argentina despu\u00e9s de la conseguida por su conciudadano Fernando Carlomagno en los 100 metros espalda de nataci\u00f3n.<\/p>\n<p>De esta manera <strong>Argentina suma cuatro medallas en la competencia ol\u00edmpica<\/strong> de la capital japonesa ya que acumula dos m\u00e1s de bronce que ganaron la lanzadora de bala, Antonella Ruiz D\u00edaz, y la atleta Yanina Mart\u00ednez, en 200 metros.<\/p>\n<p><strong>Impellizzeri realiz\u00f3 un salto de 6m44cm<\/strong>. que es la mejor marca de su carrera y la alcanz\u00f3 en el momento justo, que fue la final de la prueba de T37, que gan\u00f3 el ucraniano Vladyslav Zahrebelnyi con un registro de 6m59cm&nbsp;que le permiti\u00f3 obtener la medalla de oro.<\/p>\n<p>\u00ab<strong>La verdad que me sent\u00ed muy contento porque alcanc\u00e9 la marca que vine a buscar en Tokio. <\/strong>Pese a la lluvia que humedeci\u00f3 un tanto la pista me pude adaptar muy bien, ya que es como la quinta vez que debo competir bajo esas condiciones\u00bb, le cont\u00f3 el rosarino a la transmisi\u00f3n de DeportTV.<\/p>\n<div class=\"sp__Normal htmlLibre\">\n<div class=\"embed-responsive-c\" readability=\"8.3090379008746\">\n<blockquote class=\"twitter-tweet\" readability=\"10.495626822157\">\n<p lang=\"es\" dir=\"ltr\">\ud83c\udde6\ud83c\uddf7 ORGULLO ARGENTINO: \u00a1AS\u00cd FESTEJ\u00d3 BRIAN IMPELLIZZERI SU MEDALLA PLATEADA! <\/p>\n<p>\ud83e\udd48 Con un registro de 6.44, su mejor marca personal, Brian termin\u00f3 segundo en salto en largo T37 y se qued\u00f3 con la medalla plateada.<\/p>\n<p>\ud83d\udd1d\u00a1Cuarta medalla para Argentina en Tokio!<a href=\"https:\/\/t.co\/SLRCHkfEmv\">pic.twitter.com\/SLRCHkfEmv<\/a><\/p>\n<p>\u2014 ParaDeportes (@ParaDeportesOK) <a href=\"https:\/\/twitter.com\/ParaDeportesOK\/status\/1433250241919209472?ref_src=twsrc%5Etfw\">September 2, 2021<\/a><\/p><\/blockquote><\/div>\n<\/div>\n<p>\u00abAhora ya tengo que ponerme a pensar en lo que va a pasar ma\u00f1ana con la competencia de los 200 metros, en la que voy a estar tambi\u00e9n en la final\u00bb, complet\u00f3 <strong>el rosarino de 23 a\u00f1os<\/strong> en medio de una serena felicidad por esta conquista alcanzada en sus primeros Juegos Paral\u00edmpicos, la tercera medalla para el atletismo argentino en Tokio 2020.<\/p>\n<p>En tanto que la de bronce fue para el brasile\u00f1o Mateus Evangelista Cardoso, que tuvo un \u00faltimo salto considerado nulo y por lo tanto su mejor marca considerada fue de 6m05cm.<\/p>\n<p>Previamente y en la disciplina de los 100 metros de nataci\u00f3n de la clase S14 (disminuci\u00f3n intelectual), el argentino&nbsp;Lautaro Maidana Cancinos oriundo de Ramos Mej\u00eda, en la provincia de Buenos Aires, qued\u00f3 quinto entre seis competidores en la prueba eliminatoria de la especialidad con un tiempo de 1m.05s.50\/100, siendo el ganador otro ucraniano, Vasyl Krainyk, en 1m.01s.15\/100.<\/p>\n<div class=\"entry-tags\">\n<h2>TEMAS QUE APARECEN EN ESTA NOTA<\/h2>\n<\/p><\/div>\n","protected":false},"excerpt":{"rendered":"<p>El rosarino Brian Lionel Impellizzeri obtuvo la medalla de plata en la prueba de salto en largo de los Juegos Paral\u00edmpicos de Tokio 2020, siendo la segunda de ese metal que obtiene la delegaci\u00f3n argentina despu\u00e9s de la conseguida por su conciudadano Fernando Carlomagno en los 100 metros espalda de nataci\u00f3n. De esta manera Argentina [&hellip;]<\/p>\n","protected":false},"author":1,"featured_media":20170,"comment_status":"closed","ping_status":"closed","sticky":false,"template":"","format":"standard","meta":[],"categories":[20],"tags":[],"_links":{"self":[{"href":"http:\/\/cordobainforma.info\/index.php\/wp-json\/wp\/v2\/posts\/20169"}],"collection":[{"href":"http:\/\/cordobainforma.info\/index.php\/wp-json\/wp\/v2\/posts"}],"about":[{"href":"http:\/\/cordobainforma.info\/index.php\/wp-json\/wp\/v2\/types\/post"}],"author":[{"embeddable":true,"href":"http:\/\/cordobainforma.info\/index.php\/wp-json\/wp\/v2\/users\/1"}],"replies":[{"embeddable":true,"href":"http:\/\/cordobainforma.info\/index.php\/wp-json\/wp\/v2\/comments?post=20169"}],"version-history":[{"count":0,"href":"http:\/\/cordobainforma.info\/index.php\/wp-json\/wp\/v2\/posts\/20169\/revisions"}],"wp:featuredmedia":[{"embeddable":true,"href":"http:\/\/cordobainforma.info\/index.php\/wp-json\/wp\/v2\/media\/20170"}],"wp:attachment":[{"href":"http:\/\/cordobainforma.info\/index.php\/wp-json\/wp\/v2\/media?parent=20169"}],"wp:term":[{"taxonomy":"category","embeddable":true,"href":"http:\/\/cordobainforma.info\/index.php\/wp-json\/wp\/v2\/categories?post=20169"},{"taxonomy":"post_tag","embeddable":true,"href":"http:\/\/cordobainforma.info\/index.php\/wp-json\/wp\/v2\/tags?post=20169"}],"curies":[{"name":"wp","href":"https:\/\/api.w.org\/{rel}","templated":true}]}}