{"id":20163,"date":"2021-09-01T23:01:00","date_gmt":"2021-09-01T23:01:00","guid":{"rendered":"https:\/\/ahora.com.ar\/\/miguel-juarez-es-el-nuevo-dt-paracao-n4244703"},"modified":"2021-09-01T23:01:00","modified_gmt":"2021-09-01T23:01:00","slug":"miguel-juarez-es-el-nuevo-dt-de-paracao","status":"publish","type":"post","link":"http:\/\/cordobainforma.info\/index.php\/2021\/09\/01\/miguel-juarez-es-el-nuevo-dt-de-paracao\/","title":{"rendered":"Miguel Ju\u00e1rez es el nuevo DT de Paracao"},"content":{"rendered":"<div><img src=\"http:\/\/cordobainforma.info\/wp-content\/uploads\/2021\/09\/miguel-juarez-es-el-nuevo-dt-de-paracao.jpg\" class=\"ff-og-image-inserted\"><\/div>\n<div id=\"article-post\">\n<header class=\"article-info-wrapper\" readability=\"29.80193236715\">\n<p><span class=\"fecha-detallenota\">01 de septiembre de 2021 &#8211; 20:09<\/span><\/p>\n<p class=\"interiorCopete\"> El tucumano es el flamante entrenador del Club Atl\u00e9tico Paracao para la temporada 2021-2022 de la Liga de V\u00f3leibol Argentino<\/p>\n<\/header>\n<\/div>\n<div id=\"article-post\">\n<div class=\"cuerpo\" data-twitter-link=\"https:\/\/twitter.com\/intent\/tweet?url=https:\/\/ahora.com.ar\/c4244703&amp;via=PlataformaAhora&amp;related=Ahora&amp;text=\" readability=\"8\">\n<p>El tucumano <strong>Miguel Ju\u00e1rez es el flamante entrenador del Club Atl\u00e9tico Paracao (CAP)<\/strong> para la temporada 2021-2022 de la Liga de V\u00f3leibol Argentino (LVA).<\/p>\n<\/div>\n<\/div>\n<div id=\"article-post\">\n<div class=\"cuerpo\" data-twitter-link=\"https:\/\/twitter.com\/intent\/tweet?url=https:\/\/ahora.com.ar\/c4244703&amp;via=PlataformaAhora&amp;related=Ahora&amp;text=\" readability=\"36\">\n<p>El coach se hace cargo de La Bomba, que se perfila para afrontar su segunda intervenci\u00f3n consecutiva en la \u00e9lite nacional, precedido por dos sucesos: haber conseguido ascensos consecutivos a la serie A, en las temporadas 2018 y 2019, cuando estaba al frente de Jujuy V\u00f3ley.<\/p>\n<h2>C\u00f3mo ser\u00e1 la temporada<\/h2>\n<p>En cuanto al fixture nacional, se adelant\u00f3 oficialmente que la primera competencia de la temporada volver\u00e1 a ser la Copa Aclav. Se desarrollar\u00e1 en Mar del Plata, en la primera quincena de diciembre, y repitiendo el formato de burbuja deportiva.<\/p>\n<p>Hasta el momento, adem\u00e1s de los siete equipos participantes en la edici\u00f3n anterior, se sum\u00f3 uno m\u00e1s. Vale decir, que estar\u00e1n los tres sanjuaninos (el m\u00faltiple campe\u00f3n UPCN V\u00f3ley, Obras Sanitarias y Uni\u00f3n Vecinal Trinidad), dos bonaerenses (Defensores de Banfield y el marplatense Once Unidos), el porte\u00f1o Ciudad de Buenos Aires y el entrerriano Paracao.<\/p>\n<p>Dos m\u00e1s pidieron pr\u00f3rroga para confirmar su agregado, River Plate y Monteros V\u00f3ley de Tucum\u00e1n. En tanto que a\u00fan existen posibilidades de que ingresen como invitados Boca Juniors y Deportes La Matanza.<\/p>\n<\/div>\n<\/div>\n","protected":false},"excerpt":{"rendered":"<p>01 de septiembre de 2021 &#8211; 20:09 El tucumano es el flamante entrenador del Club Atl\u00e9tico Paracao para la temporada 2021-2022 de la Liga de V\u00f3leibol Argentino El tucumano Miguel Ju\u00e1rez es el flamante entrenador del Club Atl\u00e9tico Paracao (CAP) para la temporada 2021-2022 de la Liga de V\u00f3leibol Argentino (LVA). El coach se hace [&hellip;]<\/p>\n","protected":false},"author":1,"featured_media":20164,"comment_status":"closed","ping_status":"closed","sticky":false,"template":"","format":"standard","meta":[],"categories":[20],"tags":[],"_links":{"self":[{"href":"http:\/\/cordobainforma.info\/index.php\/wp-json\/wp\/v2\/posts\/20163"}],"collection":[{"href":"http:\/\/cordobainforma.info\/index.php\/wp-json\/wp\/v2\/posts"}],"about":[{"href":"http:\/\/cordobainforma.info\/index.php\/wp-json\/wp\/v2\/types\/post"}],"author":[{"embeddable":true,"href":"http:\/\/cordobainforma.info\/index.php\/wp-json\/wp\/v2\/users\/1"}],"replies":[{"embeddable":true,"href":"http:\/\/cordobainforma.info\/index.php\/wp-json\/wp\/v2\/comments?post=20163"}],"version-history":[{"count":0,"href":"http:\/\/cordobainforma.info\/index.php\/wp-json\/wp\/v2\/posts\/20163\/revisions"}],"wp:featuredmedia":[{"embeddable":true,"href":"http:\/\/cordobainforma.info\/index.php\/wp-json\/wp\/v2\/media\/20164"}],"wp:attachment":[{"href":"http:\/\/cordobainforma.info\/index.php\/wp-json\/wp\/v2\/media?parent=20163"}],"wp:term":[{"taxonomy":"category","embeddable":true,"href":"http:\/\/cordobainforma.info\/index.php\/wp-json\/wp\/v2\/categories?post=20163"},{"taxonomy":"post_tag","embeddable":true,"href":"http:\/\/cordobainforma.info\/index.php\/wp-json\/wp\/v2\/tags?post=20163"}],"curies":[{"name":"wp","href":"https:\/\/api.w.org\/{rel}","templated":true}]}}