{"id":20161,"date":"2021-09-01T17:37:00","date_gmt":"2021-09-01T17:37:00","guid":{"rendered":"https:\/\/somoscordobeses.com\/2021\/09\/01\/para-randazzo-su-espacio-es-la-alternativa-para-solucionar-los-problemas-de-la-argentina\/"},"modified":"2021-09-01T17:37:00","modified_gmt":"2021-09-01T17:37:00","slug":"para-randazzo-su-espacio-es-la-alternativa-para-solucionar-los-problemas-de-la-argentina","status":"publish","type":"post","link":"http:\/\/cordobainforma.info\/index.php\/2021\/09\/01\/para-randazzo-su-espacio-es-la-alternativa-para-solucionar-los-problemas-de-la-argentina\/","title":{"rendered":"Para Randazzo, su espacio \u201ces la alternativa para solucionar los problemas de la Argentina\u201d"},"content":{"rendered":"<div>\n<div>\n<div id=\"image\">\n<p>Randazzo mencion\u00f3 la propuesta de impulsar \u201cuna nueva ley en materia de exportaciones\u201d. Foto: Horacio Culaciatti<\/p>\n<\/div>\n<p> El primer precandidato a diputado nacional por el espacio \u201c<strong>Vamos con Vos<\/strong>\u201d en la provincia de Buenos Aires, <strong>Florencio Randazzo<\/strong>, sostuvo&nbsp; en la ciudad de Bah\u00eda Blanca que esa expresi\u00f3n pol\u00edtica es \u201cuna buena alternativa para empezar a encontrar soluciones a los problemas que tiene la Argentina\u201d y se\u00f1al\u00f3 como prioritario \u201cresolver la intolerancia\u201d.<\/p>\n<p> \u201cLa Argentina necesita primero resolver la intolerancia que hay de un sector y de otro donde se hace muy dif\u00edcil encontrar un camino de encuentro\u201d, afirm\u00f3 el precandidato para luego remarcar que \u201cnadie es due\u00f1o de la verdad absoluta\u201d.<\/p>\n<p> As\u00ed lo expres\u00f3 durante una conferencia de prensa que brind\u00f3 en Bah\u00eda Blanca en el marco de una recorrida de campa\u00f1a de cara a las Primarias Abiertas, Simult\u00e1neas y Obligatorias (PASO) del pr\u00f3ximo 12.<\/p>\n<p> Randazzo dijo que, en relaci\u00f3n al Gobierno nacional, est\u00e1 <strong>\u201cdiferenciado en todo\u201d<\/strong> dado que tiene<strong> \u201cuna visi\u00f3n absolutamente diferente\u201d.<\/strong><\/p>\n<p> Adem\u00e1s, se autodefini\u00f3 como \u201cun hombre de palabra\u201d y se\u00f1al\u00f3: <strong>\u201cCuando tuve un lugar de responsabilidad, he honrado la gesti\u00f3n, transformando todo aquello que estaba bajo mi responsabilidad para que finalmente la pol\u00edtica termine siendo un instrumento al servicio de mejorar la calidad de vida de la sociedad\u201d.<\/strong><\/p>\n<p> El precandidato consider\u00f3 tambi\u00e9n que la Argentina \u201ctiene que solucionar definitivamente la inflaci\u00f3n, un tema que ha resuelto el mundo y los pa\u00edses de la regi\u00f3n\u201d, y subray\u00f3 que, dentro de las propuestas de su espacio, figuran \u201cuna nueva ley laboral, que sea moderna e inclusiva\u201d.<\/p>\n<blockquote>\n<p>\u201cLa Argentina tiene que solucionar definitivamente la inflaci\u00f3n, un tema que ha resuelto el mundo y los pa\u00edses de la regi\u00f3n\u201d<span>\u201d<\/span><\/p>\n<p><span>Florencio Randazzo<\/span><\/p>\n<\/blockquote>\n<p> <strong>\u201cPlanteamos salir de los planes (sociales) porque es necesario que el pa\u00eds se plantee que esas ayudas surgieron como una salida coyuntural en un momento determinado y no pueden ser una soluci\u00f3n definitiva\u201d<\/strong>, afirm\u00f3.<\/p>\n<p> Por otro lado, se consider\u00f3 que, desde hace a\u00f1os, la Argentina \u201cse discute entre dos facciones\u201d que, a su criterio, \u201ccondenaron al pa\u00eds a la desocupaci\u00f3n, la pobreza, trabajo informal y a la falta de previsibilidad\u201d.<\/p>\n<p> Adem\u00e1s, en sus declaraciones, Randazzo mencion\u00f3 la propuesta de impulsar \u201cuna nueva ley en materia de exportaciones\u201d, entendi\u00f3 que el pa\u00eds \u201ctiene que tener una pol\u00edtica agresiva\u201d en materia de comercio exterior y, en esa l\u00ednea, critic\u00f3 la decisi\u00f3n oficial de prorrogar hasta el 31 de octubre pr\u00f3ximo las restricciones a las exportaciones de carne. <\/p>\n<\/div>\n<\/div>\n<nav class=\"navigation post-navigation\" role=\"navigation\" aria-label=\"Continue Reading\">\n<h2 class=\"screen-reader-text\">Continue Reading<\/h2>\n<\/nav>\n","protected":false},"excerpt":{"rendered":"<p>Randazzo mencion\u00f3 la propuesta de impulsar \u201cuna nueva ley en materia de exportaciones\u201d. Foto: Horacio Culaciatti El primer precandidato a diputado nacional por el espacio \u201cVamos con Vos\u201d en la provincia de Buenos Aires, Florencio Randazzo, sostuvo&nbsp; en la ciudad de Bah\u00eda Blanca que esa expresi\u00f3n pol\u00edtica es \u201cuna buena alternativa para empezar a encontrar [&hellip;]<\/p>\n","protected":false},"author":1,"featured_media":20162,"comment_status":"closed","ping_status":"closed","sticky":false,"template":"","format":"standard","meta":[],"categories":[2],"tags":[],"_links":{"self":[{"href":"http:\/\/cordobainforma.info\/index.php\/wp-json\/wp\/v2\/posts\/20161"}],"collection":[{"href":"http:\/\/cordobainforma.info\/index.php\/wp-json\/wp\/v2\/posts"}],"about":[{"href":"http:\/\/cordobainforma.info\/index.php\/wp-json\/wp\/v2\/types\/post"}],"author":[{"embeddable":true,"href":"http:\/\/cordobainforma.info\/index.php\/wp-json\/wp\/v2\/users\/1"}],"replies":[{"embeddable":true,"href":"http:\/\/cordobainforma.info\/index.php\/wp-json\/wp\/v2\/comments?post=20161"}],"version-history":[{"count":0,"href":"http:\/\/cordobainforma.info\/index.php\/wp-json\/wp\/v2\/posts\/20161\/revisions"}],"wp:featuredmedia":[{"embeddable":true,"href":"http:\/\/cordobainforma.info\/index.php\/wp-json\/wp\/v2\/media\/20162"}],"wp:attachment":[{"href":"http:\/\/cordobainforma.info\/index.php\/wp-json\/wp\/v2\/media?parent=20161"}],"wp:term":[{"taxonomy":"category","embeddable":true,"href":"http:\/\/cordobainforma.info\/index.php\/wp-json\/wp\/v2\/categories?post=20161"},{"taxonomy":"post_tag","embeddable":true,"href":"http:\/\/cordobainforma.info\/index.php\/wp-json\/wp\/v2\/tags?post=20161"}],"curies":[{"name":"wp","href":"https:\/\/api.w.org\/{rel}","templated":true}]}}