{"id":20159,"date":"2021-09-01T17:52:00","date_gmt":"2021-09-01T17:52:00","guid":{"rendered":"https:\/\/somoscordobeses.com\/2021\/09\/01\/acuerdo-para-emitir-una-declaracion-de-rechazo-a-chile-por-plataforma-maritima\/"},"modified":"2021-09-01T17:52:00","modified_gmt":"2021-09-01T17:52:00","slug":"acuerdo-para-emitir-una-declaracion-de-rechazo-a-chile-por-plataforma-maritima","status":"publish","type":"post","link":"http:\/\/cordobainforma.info\/index.php\/2021\/09\/01\/acuerdo-para-emitir-una-declaracion-de-rechazo-a-chile-por-plataforma-maritima\/","title":{"rendered":"Acuerdo para emitir una declaraci\u00f3n de rechazo a Chile por plataforma mar\u00edtima"},"content":{"rendered":"<div>\n<div>\n<p> Los bloques pol\u00edticos del Frente de Todos (FdT) y de Juntos por el Cambio (JxC) del Senado acordaron en la tarde de este mi\u00e9rcoles elaborar una declaraci\u00f3n en conjunto de rechazo a la resoluci\u00f3n del Gobierno de Chile de fijar una nueva demarcaci\u00f3n de los l\u00edmites de la plataforma mar\u00edtima.<\/p>\n<p> Durante una reuni\u00f3n de la comisi\u00f3n de Relaciones Exteriores, en la que el canciller Felipe Sol\u00e1 declar\u00f3 que la \u00fanica v\u00eda para resolver la controversia es la negociaci\u00f3n con el vecino pa\u00eds, los senadores de ambos espacios pol\u00edticos coincidieron en la necesidad de elaborar una declaraci\u00f3n un\u00e1nime de rechazo que ser\u00e1 aprobada en la pr\u00f3xima sesi\u00f3n del Senado. <\/p>\n<\/div>\n<\/div>\n<nav class=\"navigation post-navigation\" role=\"navigation\" aria-label=\"Continue Reading\">\n<h2 class=\"screen-reader-text\">Continue Reading<\/h2>\n<\/nav>\n","protected":false},"excerpt":{"rendered":"<p>Los bloques pol\u00edticos del Frente de Todos (FdT) y de Juntos por el Cambio (JxC) del Senado acordaron en la tarde de este mi\u00e9rcoles elaborar una declaraci\u00f3n en conjunto de rechazo a la resoluci\u00f3n del Gobierno de Chile de fijar una nueva demarcaci\u00f3n de los l\u00edmites de la plataforma mar\u00edtima. Durante una reuni\u00f3n de la [&hellip;]<\/p>\n","protected":false},"author":1,"featured_media":20160,"comment_status":"closed","ping_status":"closed","sticky":false,"template":"","format":"standard","meta":[],"categories":[2],"tags":[],"_links":{"self":[{"href":"http:\/\/cordobainforma.info\/index.php\/wp-json\/wp\/v2\/posts\/20159"}],"collection":[{"href":"http:\/\/cordobainforma.info\/index.php\/wp-json\/wp\/v2\/posts"}],"about":[{"href":"http:\/\/cordobainforma.info\/index.php\/wp-json\/wp\/v2\/types\/post"}],"author":[{"embeddable":true,"href":"http:\/\/cordobainforma.info\/index.php\/wp-json\/wp\/v2\/users\/1"}],"replies":[{"embeddable":true,"href":"http:\/\/cordobainforma.info\/index.php\/wp-json\/wp\/v2\/comments?post=20159"}],"version-history":[{"count":0,"href":"http:\/\/cordobainforma.info\/index.php\/wp-json\/wp\/v2\/posts\/20159\/revisions"}],"wp:featuredmedia":[{"embeddable":true,"href":"http:\/\/cordobainforma.info\/index.php\/wp-json\/wp\/v2\/media\/20160"}],"wp:attachment":[{"href":"http:\/\/cordobainforma.info\/index.php\/wp-json\/wp\/v2\/media?parent=20159"}],"wp:term":[{"taxonomy":"category","embeddable":true,"href":"http:\/\/cordobainforma.info\/index.php\/wp-json\/wp\/v2\/categories?post=20159"},{"taxonomy":"post_tag","embeddable":true,"href":"http:\/\/cordobainforma.info\/index.php\/wp-json\/wp\/v2\/tags?post=20159"}],"curies":[{"name":"wp","href":"https:\/\/api.w.org\/{rel}","templated":true}]}}