{"id":20143,"date":"2021-09-01T00:07:45","date_gmt":"2021-09-01T00:07:45","guid":{"rendered":"http:\/\/playfmradio.com\/?p=14920"},"modified":"2021-09-01T00:07:45","modified_gmt":"2021-09-01T00:07:45","slug":"realidad-aumentada-en-tiktok","status":"publish","type":"post","link":"http:\/\/cordobainforma.info\/index.php\/2021\/09\/01\/realidad-aumentada-en-tiktok\/","title":{"rendered":"Realidad aumentada en TikTok"},"content":{"rendered":"<p><em>Los usuarios podr\u00e1n crear sus propios filtros y efectos en una plataforma independiente.<\/em><\/p>\n<p>Seg\u00fanel portal TechCrunch, TikTok est\u00e1 trabajando en&nbsp;una nueva plataforma&nbsp;creada especialmente para que los usuarios de la red social puedan&nbsp;desarrollar experiencias&nbsp;de realidad aumentada que luego se integraran a la plataforma principal.<\/p>\n<p>El nuevo proyecto se llamar\u00e1 \u201cTikTokEffect Studio\u201d&nbsp;yya se encuentra en una fase de beta cerrada. Esta decisi\u00f3n, une a la plataforma a la lista de redes sociales (Facebook y Snapchat) que est\u00e1n recibiendo la colaboraci\u00f3n de sus propios usuarios para producir nuevo contenido.<\/p>\n<p><strong>Por: Carla Madera<\/strong><\/p>\n<p><a class=\"synved-social-button synved-social-button-share synved-social-size-32 synved-social-resolution-single synved-social-provider-facebook nolightbox\" data-provider=\"facebook\" target=\"_blank\" rel=\"nofollow noopener noreferrer\" title=\"Share on Facebook\" href=\"https:\/\/www.facebook.com\/sharer.php?u=http%3A%2F%2Fplayfmradio.com%2Frealidad-aumentada-en-tiktok%2F&amp;t=Realidad%20aumentada%20en%20TikTok&amp;s=100&amp;p[url]=http%3A%2F%2Fplayfmradio.com%2Frealidad-aumentada-en-tiktok%2F&amp;p[images][0]=http%3A%2F%2Fplayfmradio.com%2Fwp-content%2Fuploads%2F2021%2F08%2Ftiktok-herramienta-realidad-aumentada-aplicacion.jpg&amp;p[title]=Realidad%20aumentada%20en%20TikTok\"><img loading=\"lazy\" alt=\"Facebook\" title=\"Share on Facebook\" class=\"synved-share-image synved-social-image synved-social-image-share\" width=\"32\" height=\"32\" src=\"http:\/\/cordobainforma.info\/wp-content\/uploads\/2021\/09\/realidad-aumentada-en-tiktok.png\"><\/a><a class=\"synved-social-button synved-social-button-share synved-social-size-32 synved-social-resolution-single synved-social-provider-twitter nolightbox\" data-provider=\"twitter\" target=\"_blank\" rel=\"nofollow noopener noreferrer\" title=\"Share on Twitter\" href=\"https:\/\/twitter.com\/intent\/tweet?url=http%3A%2F%2Fplayfmradio.com%2Frealidad-aumentada-en-tiktok%2F&amp;text=Compartido%20de%20Playfmradio.com\"><img loading=\"lazy\" alt=\"twitter\" title=\"Share on Twitter\" class=\"synved-share-image synved-social-image synved-social-image-share\" width=\"32\" height=\"32\" src=\"http:\/\/cordobainforma.info\/wp-content\/uploads\/2021\/09\/realidad-aumentada-en-tiktok-1.png\"><\/a><a class=\"synved-social-button synved-social-button-share synved-social-size-32 synved-social-resolution-single synved-social-provider-pinterest nolightbox\" data-provider=\"pinterest\" target=\"_blank\" rel=\"nofollow noopener noreferrer\" title=\"Pin it with Pinterest\" href=\"https:\/\/pinterest.com\/pin\/create\/button\/?url=http%3A%2F%2Fplayfmradio.com%2Frealidad-aumentada-en-tiktok%2F&amp;media=http%3A%2F%2Fplayfmradio.com%2Fwp-content%2Fuploads%2F2021%2F08%2Ftiktok-herramienta-realidad-aumentada-aplicacion.jpg&amp;description=Realidad%20aumentada%20en%20TikTok\"><img loading=\"lazy\" alt=\"pinterest\" title=\"Pin it with Pinterest\" class=\"synved-share-image synved-social-image synved-social-image-share\" width=\"32\" height=\"32\" src=\"http:\/\/cordobainforma.info\/wp-content\/uploads\/2021\/09\/realidad-aumentada-en-tiktok-2.png\"><\/a><a class=\"synved-social-button synved-social-button-share synved-social-size-32 synved-social-resolution-single synved-social-provider-tumblr nolightbox\" data-provider=\"tumblr\" target=\"_blank\" rel=\"nofollow noopener noreferrer\" title=\"Share on tumblr\" href=\"https:\/\/tumblr.com\/share?s=&amp;v=3&amp;t=Realidad%20aumentada%20en%20TikTok&amp;u=http%3A%2F%2Fplayfmradio.com%2Frealidad-aumentada-en-tiktok%2F\"><img loading=\"lazy\" alt=\"tumblr\" title=\"Share on tumblr\" class=\"synved-share-image synved-social-image synved-social-image-share\" width=\"32\" height=\"32\" src=\"http:\/\/cordobainforma.info\/wp-content\/uploads\/2021\/09\/realidad-aumentada-en-tiktok-3.png\"><\/a><a class=\"synved-social-button synved-social-button-share synved-social-size-32 synved-social-resolution-single synved-social-provider-mail nolightbox\" data-provider=\"mail\" rel=\"nofollow\" title=\"Share by email\" href=\"mailto:?subject=Realidad%20aumentada%20en%20TikTok&amp;body=Compartido%20de%20Playfmradio.com:%20http%3A%2F%2Fplayfmradio.com%2Frealidad-aumentada-en-tiktok%2F\"><img loading=\"lazy\" alt=\"mail\" title=\"Share by email\" class=\"synved-share-image synved-social-image synved-social-image-share\" width=\"32\" height=\"32\" src=\"http:\/\/cordobainforma.info\/wp-content\/uploads\/2021\/09\/realidad-aumentada-en-tiktok-4.png\"><\/a> <!-- AUTHOR PART ========================= --><\/p>\n<div class=\"qt-post-author qt-card\">\n<div class=\"row\">\n<div class=\"qt-post-author-data col s10 m7 l8\">\n<h6>Autor<\/h6>\n<h4><a href=\"http:\/\/playfmradio.com\/realidad-aumentada-en-tiktok\/#author_page\">Play FM<\/a><\/h4>\n<\/p><\/div>\n<div class=\"qt-post-author-link col s12 m3 l3 aligncenter\"> <a href=\"http:\/\/playfmradio.com\/author\/andres\/\" class=\"qt-btn qt-btn-large qt-btn-primary\">Archivos del autor<\/a> <\/div><\/div>\n<\/div>\n<p><!-- AUTHOR PART END ========================= --> <\/p>\n","protected":false},"excerpt":{"rendered":"<p>Los usuarios podr\u00e1n crear sus propios filtros y efectos en una plataforma independiente. Seg\u00fanel portal TechCrunch, TikTok est\u00e1 trabajando en&nbsp;una nueva plataforma&nbsp;creada especialmente para que los usuarios de la red social puedan&nbsp;desarrollar experiencias&nbsp;de realidad aumentada que luego se integraran a la plataforma principal. El nuevo proyecto se llamar\u00e1 \u201cTikTokEffect Studio\u201d&nbsp;yya se encuentra en una fase [&hellip;]<\/p>\n","protected":false},"author":1,"featured_media":20144,"comment_status":"closed","ping_status":"closed","sticky":false,"template":"","format":"standard","meta":[],"categories":[23],"tags":[],"_links":{"self":[{"href":"http:\/\/cordobainforma.info\/index.php\/wp-json\/wp\/v2\/posts\/20143"}],"collection":[{"href":"http:\/\/cordobainforma.info\/index.php\/wp-json\/wp\/v2\/posts"}],"about":[{"href":"http:\/\/cordobainforma.info\/index.php\/wp-json\/wp\/v2\/types\/post"}],"author":[{"embeddable":true,"href":"http:\/\/cordobainforma.info\/index.php\/wp-json\/wp\/v2\/users\/1"}],"replies":[{"embeddable":true,"href":"http:\/\/cordobainforma.info\/index.php\/wp-json\/wp\/v2\/comments?post=20143"}],"version-history":[{"count":0,"href":"http:\/\/cordobainforma.info\/index.php\/wp-json\/wp\/v2\/posts\/20143\/revisions"}],"wp:featuredmedia":[{"embeddable":true,"href":"http:\/\/cordobainforma.info\/index.php\/wp-json\/wp\/v2\/media\/20144"}],"wp:attachment":[{"href":"http:\/\/cordobainforma.info\/index.php\/wp-json\/wp\/v2\/media?parent=20143"}],"wp:term":[{"taxonomy":"category","embeddable":true,"href":"http:\/\/cordobainforma.info\/index.php\/wp-json\/wp\/v2\/categories?post=20143"},{"taxonomy":"post_tag","embeddable":true,"href":"http:\/\/cordobainforma.info\/index.php\/wp-json\/wp\/v2\/tags?post=20143"}],"curies":[{"name":"wp","href":"https:\/\/api.w.org\/{rel}","templated":true}]}}