{"id":20141,"date":"2021-09-01T00:09:29","date_gmt":"2021-09-01T00:09:29","guid":{"rendered":"http:\/\/playfmradio.com\/?p=14923"},"modified":"2021-09-01T00:09:29","modified_gmt":"2021-09-01T00:09:29","slug":"angelina-jolie-abrio-una-cuenta-de-instagram-por-una-buena-causa","status":"publish","type":"post","link":"http:\/\/cordobainforma.info\/index.php\/2021\/09\/01\/angelina-jolie-abrio-una-cuenta-de-instagram-por-una-buena-causa\/","title":{"rendered":"Angelina Jolie abri\u00f3 una cuenta de Instagram por una buena causa"},"content":{"rendered":"<p><em>La actriz norteamericana realiz\u00f3 sus primeras publicaciones en la plataforma con el fin de dar voz a las mujeres afganas.<\/em><\/p>\n<p>Angelina, fiel activista de los derechos de las mujeres, decidi\u00f3 abrir una cuenta oficial en la aplicaci\u00f3n Instagram. El primer posteo que realiz\u00f3 fue una carta, que afirma, se la envi\u00f3 una ni\u00f1a de Afganist\u00e1n.<\/p>\n<p>\u201cEn este momento, el pueblo de Afganist\u00e1n est\u00e1 perdiendo la capacidad de comunicarse en las redes sociales y de expresarse libremente. As\u00ed que vine a Instagram para compartir sus historias y las voces de quienes en todo el mundo luchan por sus derechos humanos b\u00e1sicos\u201d asegur\u00f3 la famosa actriz.<\/p>\n<p><strong>Por: Carla Madera<\/strong><\/p>\n<p> <a class=\"synved-social-button synved-social-button-share synved-social-size-32 synved-social-resolution-single synved-social-provider-facebook nolightbox\" data-provider=\"facebook\" target=\"_blank\" rel=\"nofollow noopener noreferrer\" title=\"Share on Facebook\" href=\"https:\/\/www.facebook.com\/sharer.php?u=http%3A%2F%2Fplayfmradio.com%2Fangelina-jolie-abrio-una-cuenta-de-instagram-por-una-buena-causa%2F&amp;t=Angelina%20Jolie%20abri%C3%B3%20una%20cuenta%20de%20Instagram%20por%20una%20buena%20causa&amp;s=100&amp;p[url]=http%3A%2F%2Fplayfmradio.com%2Fangelina-jolie-abrio-una-cuenta-de-instagram-por-una-buena-causa%2F&amp;p[images][0]=http%3A%2F%2Fplayfmradio.com%2Fwp-content%2Fuploads%2F2021%2F08%2FKWABXNGF2NE7LNCNLTOLI77PIY.jpg&amp;p[title]=Angelina%20Jolie%20abri%C3%B3%20una%20cuenta%20de%20Instagram%20por%20una%20buena%20causa\"><img loading=\"lazy\" alt=\"Facebook\" title=\"Share on Facebook\" class=\"synved-share-image synved-social-image synved-social-image-share\" width=\"32\" height=\"32\" src=\"http:\/\/cordobainforma.info\/wp-content\/uploads\/2021\/09\/angelina-jolie-abrio-una-cuenta-de-instagram-por-una-buena-causa.png\"><\/a><a class=\"synved-social-button synved-social-button-share synved-social-size-32 synved-social-resolution-single synved-social-provider-twitter nolightbox\" data-provider=\"twitter\" target=\"_blank\" rel=\"nofollow noopener noreferrer\" title=\"Share on Twitter\" href=\"https:\/\/twitter.com\/intent\/tweet?url=http%3A%2F%2Fplayfmradio.com%2Fangelina-jolie-abrio-una-cuenta-de-instagram-por-una-buena-causa%2F&amp;text=Compartido%20de%20Playfmradio.com\"><img loading=\"lazy\" alt=\"twitter\" title=\"Share on Twitter\" class=\"synved-share-image synved-social-image synved-social-image-share\" width=\"32\" height=\"32\" src=\"http:\/\/cordobainforma.info\/wp-content\/uploads\/2021\/09\/angelina-jolie-abrio-una-cuenta-de-instagram-por-una-buena-causa-1.png\"><\/a><a class=\"synved-social-button synved-social-button-share synved-social-size-32 synved-social-resolution-single synved-social-provider-pinterest nolightbox\" data-provider=\"pinterest\" target=\"_blank\" rel=\"nofollow noopener noreferrer\" title=\"Pin it with Pinterest\" href=\"https:\/\/pinterest.com\/pin\/create\/button\/?url=http%3A%2F%2Fplayfmradio.com%2Fangelina-jolie-abrio-una-cuenta-de-instagram-por-una-buena-causa%2F&amp;media=http%3A%2F%2Fplayfmradio.com%2Fwp-content%2Fuploads%2F2021%2F08%2FKWABXNGF2NE7LNCNLTOLI77PIY.jpg&amp;description=Angelina%20Jolie%20abri%C3%B3%20una%20cuenta%20de%20Instagram%20por%20una%20buena%20causa\"><img loading=\"lazy\" alt=\"pinterest\" title=\"Pin it with Pinterest\" class=\"synved-share-image synved-social-image synved-social-image-share\" width=\"32\" height=\"32\" src=\"http:\/\/cordobainforma.info\/wp-content\/uploads\/2021\/09\/angelina-jolie-abrio-una-cuenta-de-instagram-por-una-buena-causa-2.png\"><\/a><a class=\"synved-social-button synved-social-button-share synved-social-size-32 synved-social-resolution-single synved-social-provider-tumblr nolightbox\" data-provider=\"tumblr\" target=\"_blank\" rel=\"nofollow noopener noreferrer\" title=\"Share on tumblr\" href=\"https:\/\/tumblr.com\/share?s=&amp;v=3&amp;t=Angelina%20Jolie%20abri%C3%B3%20una%20cuenta%20de%20Instagram%20por%20una%20buena%20causa&amp;u=http%3A%2F%2Fplayfmradio.com%2Fangelina-jolie-abrio-una-cuenta-de-instagram-por-una-buena-causa%2F\"><img loading=\"lazy\" alt=\"tumblr\" title=\"Share on tumblr\" class=\"synved-share-image synved-social-image synved-social-image-share\" width=\"32\" height=\"32\" src=\"http:\/\/cordobainforma.info\/wp-content\/uploads\/2021\/09\/angelina-jolie-abrio-una-cuenta-de-instagram-por-una-buena-causa-3.png\"><\/a><a class=\"synved-social-button synved-social-button-share synved-social-size-32 synved-social-resolution-single synved-social-provider-mail nolightbox\" data-provider=\"mail\" rel=\"nofollow\" title=\"Share by email\" href=\"mailto:?subject=Angelina%20Jolie%20abri%C3%B3%20una%20cuenta%20de%20Instagram%20por%20una%20buena%20causa&amp;body=Compartido%20de%20Playfmradio.com:%20http%3A%2F%2Fplayfmradio.com%2Fangelina-jolie-abrio-una-cuenta-de-instagram-por-una-buena-causa%2F\"><img loading=\"lazy\" alt=\"mail\" title=\"Share by email\" class=\"synved-share-image synved-social-image synved-social-image-share\" width=\"32\" height=\"32\" src=\"http:\/\/cordobainforma.info\/wp-content\/uploads\/2021\/09\/angelina-jolie-abrio-una-cuenta-de-instagram-por-una-buena-causa-4.png\"><\/a> <!-- AUTHOR PART ========================= --> <!-- AUTHOR PART END ========================= --> <\/p>\n","protected":false},"excerpt":{"rendered":"<p>La actriz norteamericana realiz\u00f3 sus primeras publicaciones en la plataforma con el fin de dar voz a las mujeres afganas. Angelina, fiel activista de los derechos de las mujeres, decidi\u00f3 abrir una cuenta oficial en la aplicaci\u00f3n Instagram. El primer posteo que realiz\u00f3 fue una carta, que afirma, se la envi\u00f3 una ni\u00f1a de Afganist\u00e1n. [&hellip;]<\/p>\n","protected":false},"author":1,"featured_media":20142,"comment_status":"closed","ping_status":"closed","sticky":false,"template":"","format":"standard","meta":[],"categories":[23],"tags":[],"_links":{"self":[{"href":"http:\/\/cordobainforma.info\/index.php\/wp-json\/wp\/v2\/posts\/20141"}],"collection":[{"href":"http:\/\/cordobainforma.info\/index.php\/wp-json\/wp\/v2\/posts"}],"about":[{"href":"http:\/\/cordobainforma.info\/index.php\/wp-json\/wp\/v2\/types\/post"}],"author":[{"embeddable":true,"href":"http:\/\/cordobainforma.info\/index.php\/wp-json\/wp\/v2\/users\/1"}],"replies":[{"embeddable":true,"href":"http:\/\/cordobainforma.info\/index.php\/wp-json\/wp\/v2\/comments?post=20141"}],"version-history":[{"count":0,"href":"http:\/\/cordobainforma.info\/index.php\/wp-json\/wp\/v2\/posts\/20141\/revisions"}],"wp:featuredmedia":[{"embeddable":true,"href":"http:\/\/cordobainforma.info\/index.php\/wp-json\/wp\/v2\/media\/20142"}],"wp:attachment":[{"href":"http:\/\/cordobainforma.info\/index.php\/wp-json\/wp\/v2\/media?parent=20141"}],"wp:term":[{"taxonomy":"category","embeddable":true,"href":"http:\/\/cordobainforma.info\/index.php\/wp-json\/wp\/v2\/categories?post=20141"},{"taxonomy":"post_tag","embeddable":true,"href":"http:\/\/cordobainforma.info\/index.php\/wp-json\/wp\/v2\/tags?post=20141"}],"curies":[{"name":"wp","href":"https:\/\/api.w.org\/{rel}","templated":true}]}}