{"id":20090,"date":"2021-09-01T00:00:00","date_gmt":"2021-09-01T00:00:00","guid":{"rendered":"https:\/\/somoscordobeses.com\/2021\/08\/31\/descubrieron-una-placa-a-70-anos-del-renunciamiento-de-evita-a-la-formula-presidencial\/"},"modified":"2021-09-01T00:00:00","modified_gmt":"2021-09-01T00:00:00","slug":"descubrieron-una-placa-a-70-anos-del-renunciamiento-de-evita-a-la-formula-presidencial","status":"publish","type":"post","link":"http:\/\/cordobainforma.info\/index.php\/2021\/09\/01\/descubrieron-una-placa-a-70-anos-del-renunciamiento-de-evita-a-la-formula-presidencial\/","title":{"rendered":"Descubrieron una placa a 70 a\u00f1os del renunciamiento de Evita a la f\u00f3rmula presidencial"},"content":{"rendered":"<div>\n<div>\n<div id=\"image\">\n<p>Aniversario del renunciamiento de Eva Per\u00f3n a la f\u00f3rmula presidencial. Foto: Maximiliano Luna<\/p>\n<\/div>\n<p> Los ministros Juan Zabaleta y Trist\u00e1n Bauer, de Desarrollo Social y Cultura, respectivamente, <strong>descubrieron una placa en la planta baja de la sede de la cartera social para conmemorar los 70 a\u00f1os del renunciamiento de Eva Per\u00f3n a la f\u00f3rmula presidencial<\/strong>.<\/p>\n<p> Acompa\u00f1ados por la diputada nacional <strong>Cristina \u00c1lvarez Rodr\u00edguez, vicepresidenta del PJ y sobrina nieta de Evita, los funcionarios reconocieron la intensa labor de la \u201cabanderada de los humildes\u201d<\/strong>, que en pocos a\u00f1os de gesti\u00f3n \u201cacompa\u00f1ando al presidente Juan Domingo Per\u00f3n, transform\u00f3 la vida de millones de argentinas y argentinos\u201d.<\/p>\n<div id=\"image\">\n<p>Foto: Maximiliano Luna<\/p>\n<\/div>\n<p> La placa fue descubierta <strong>en la sede del Ministerio de Desarrollo Social<\/strong> ubicada en la intersecci\u00f3n de las avenidas 9 de Julio y Belgrano, donde se encuentran emplazados dos murales de acero de Evita, instalados en las fachadas norte y sur del edificio, del escultor Alejandro Marmo.<\/p>\n<div>\n<p>Foto: Maximiliano Luna<\/p>\n<\/div>\n<p>Sobre el edificio se proyect\u00f3 un mapping con im\u00e1genes y pasajes del discurso en el que Eva hizo su renunciamiento a la f\u00f3rmula presidencial.<\/p>\n<p> Estuvieron presentes el secretario de Articulaci\u00f3n de Pol\u00edtica Social, Gustavo Aguilera; la secretaria de Abordaje Integral, Alicia Soraire; y la secretaria de Integraci\u00f3n Socio Urbana, Fernanda Mi\u00f1o, seg\u00fan se inform\u00f3 en un comunicado.<\/p>\n<p> Desde la cuenta de Twitter del PJ se record\u00f3 que aquel d\u00eda \u201cEvita renunci\u00f3 a los honores pero luch\u00f3 hasta el \u00faltimo d\u00eda por un pa\u00eds con soberan\u00eda pol\u00edtica, independencia econ\u00f3mica y justicia social\u201d.<\/p>\n<p> \u201cHonramos su recuerdo militando todos los d\u00edas para seguir construyendo la Argentina que queremos\u201d, a\u00f1adi\u00f3 el PJ con una imagen del abrazo entre Evita y Per\u00f3n, tras el recordado discurso que brind\u00f3 Eva, donde entre sus frases m\u00e1s salientes figura la que dice: \u201cQue de mi se diga que hubo al lado de Per\u00f3n una mujer que se dedic\u00f3 a llevar al Presidente las esperanzas del pueblo\u201d.<\/p>\n<div>\n<blockquote>\n<p dir=\"ltr\" lang=\"es\">Evita renunci\u00f3 a los honores pero luch\u00f3 hasta el \u00faltimo d\u00eda por un pa\u00eds con soberan\u00eda pol\u00edtica, independencia econ\u00f3mica y justicia social. Honramos su recuerdo militando todos los d\u00edas para seguir construyendo la Argentina que queremos. #EvitaEterna\u2764\ufe0f pic.twitter.com\/PRlojCHy4x<\/p>\n<p>\u0097 Partido Justicialista (@p_justicialista) August 31, 2021<\/p>\n<\/blockquote>\n<\/div>\n<p> <strong>Hace 70 a\u00f1os la CGT, liderada por Jos\u00e9 Espejo, convocaba a la militancia peronista para reclamar la candidatura de Evita, y frente a la sede del exministerio de Bienestar Social<\/strong>, cerca de un mill\u00f3n de manifestantes pidieron para que sea candidata a la Vicepresidencia de la Naci\u00f3n.<\/p>\n<div id=\"image\">\n<p>Foto: Maximiliano Luna<\/p>\n<\/div>\n<p> Eva estaba enferma de c\u00e1ncer y d\u00edas m\u00e1s tarde -un 31 de agosto de 1951- en un discurso transmitido por la cadena nacional de radiodifusi\u00f3n, anunci\u00f3 su decisi\u00f3n \u201cirrevocable y definitiva\u201d de renunciar a la candidatura que se le hab\u00eda propuesto.<\/p>\n<p> Fund\u00f3 esa determinaci\u00f3n en \u201clo m\u00e1s \u00edntimo de mi conciencia, y por eso es totalmente libre\u201d, seg\u00fan dijo. Evita muri\u00f3 un a\u00f1o m\u00e1s tarde a causa de un tumor en el \u00fatero. <\/p>\n<\/div>\n<\/div>\n<nav class=\"navigation post-navigation\" role=\"navigation\" aria-label=\"Continue Reading\">\n<h2 class=\"screen-reader-text\">Continue Reading<\/h2>\n<\/nav>\n","protected":false},"excerpt":{"rendered":"<p>Aniversario del renunciamiento de Eva Per\u00f3n a la f\u00f3rmula presidencial. Foto: Maximiliano Luna Los ministros Juan Zabaleta y Trist\u00e1n Bauer, de Desarrollo Social y Cultura, respectivamente, descubrieron una placa en la planta baja de la sede de la cartera social para conmemorar los 70 a\u00f1os del renunciamiento de Eva Per\u00f3n a la f\u00f3rmula presidencial. Acompa\u00f1ados [&hellip;]<\/p>\n","protected":false},"author":1,"featured_media":20091,"comment_status":"closed","ping_status":"closed","sticky":false,"template":"","format":"standard","meta":[],"categories":[2],"tags":[],"_links":{"self":[{"href":"http:\/\/cordobainforma.info\/index.php\/wp-json\/wp\/v2\/posts\/20090"}],"collection":[{"href":"http:\/\/cordobainforma.info\/index.php\/wp-json\/wp\/v2\/posts"}],"about":[{"href":"http:\/\/cordobainforma.info\/index.php\/wp-json\/wp\/v2\/types\/post"}],"author":[{"embeddable":true,"href":"http:\/\/cordobainforma.info\/index.php\/wp-json\/wp\/v2\/users\/1"}],"replies":[{"embeddable":true,"href":"http:\/\/cordobainforma.info\/index.php\/wp-json\/wp\/v2\/comments?post=20090"}],"version-history":[{"count":0,"href":"http:\/\/cordobainforma.info\/index.php\/wp-json\/wp\/v2\/posts\/20090\/revisions"}],"wp:featuredmedia":[{"embeddable":true,"href":"http:\/\/cordobainforma.info\/index.php\/wp-json\/wp\/v2\/media\/20091"}],"wp:attachment":[{"href":"http:\/\/cordobainforma.info\/index.php\/wp-json\/wp\/v2\/media?parent=20090"}],"wp:term":[{"taxonomy":"category","embeddable":true,"href":"http:\/\/cordobainforma.info\/index.php\/wp-json\/wp\/v2\/categories?post=20090"},{"taxonomy":"post_tag","embeddable":true,"href":"http:\/\/cordobainforma.info\/index.php\/wp-json\/wp\/v2\/tags?post=20090"}],"curies":[{"name":"wp","href":"https:\/\/api.w.org\/{rel}","templated":true}]}}