{"id":198024,"date":"2026-09-06T18:54:30","date_gmt":"2026-09-06T18:54:30","guid":{"rendered":"https:\/\/www.escribiendocine.com\/noticias\/2026\/09\/06\/24899-critica-de-primavera-venecia-vivaldi-y-una-ficcion-sobre-las-cuatro-estaciones"},"modified":"2026-09-06T18:54:30","modified_gmt":"2026-09-06T18:54:30","slug":"critica-de-primavera-venecia-vivaldi-y-una-ficcion-sobre-las-cuatro-estaciones","status":"publish","type":"post","link":"http:\/\/cordobainforma.info\/index.php\/2026\/09\/06\/critica-de-primavera-venecia-vivaldi-y-una-ficcion-sobre-las-cuatro-estaciones\/","title":{"rendered":"Cr\u00edtica de \u00abPrimavera\u00bb: Venecia, Vivaldi y una ficci\u00f3n sobre \u00abLas cuatro estaciones\u00bb"},"content":{"rendered":"<div class=\"media_block\"><\/div>\n<div><img src=\"http:\/\/cordobainforma.info\/wp-content\/uploads\/2026\/09\/critica-de-primavera-venecia-vivaldi-y-una-ficcion-sobre-las-cuatro-estaciones.jpg\" class=\"ff-og-image-inserted\"><\/div>\n<div readability=\"17.864406779661\">\n<div class=\"col-xs-12 col-sm-6 col-md-12 col-lg-3 no-padding col-der\" readability=\"7\">\n<p> <span class=\"fecha\">domingo 06 de septiembre de 2026 <\/span> <\/p>\n<\/p><\/div><\/div>\n<div readability=\"47\">\n<p class=\"p1\">Venecia, comienzos del siglo XVIII. Cecilia es una violinista que forma parte de la orquesta del Ospedale della Piet\u00e0. Encerrada en el orfanato desde su infancia, la joven encuentra alivio en las cartas que escribe a su madre, a quien no conoci\u00f3. A medio camino entre la infancia y la adultez, Cecilia imagina el momento en el que abandonar\u00e1 el orfanato, idealmente junto a su madre que vuelve a buscarla, posiblemente junto al que ser\u00e1 su esposo. La m\u00fasica no es un horizonte posible para la joven. Pero esto cambiar\u00e1 con el retorno al Ospedale de Antonio Vivaldi como maestro musical.<\/p>\n<p class=\"p1\">Sin ser una <em>biopic<\/em> sobre Vivaldi, <b>Primavera<\/b> utiliza su figura con fines narrativos. La aparici\u00f3n del eminente compositor en el orfanato -un lugar donde trabaj\u00f3 como maestro y compositor durante gran parte de su vida- produce una transformaci\u00f3n en el personaje femenino. El largometraje imagina que <em>Las cuatro estaciones<\/em>, la obra m\u00e1s popular de Vivaldi, est\u00e1 inspirada en la creatividad de una violinista que creci\u00f3 en el encierro.<\/p>\n<p class=\"p1\">Cecilia, prometida al Conde de Sanfermo, va a casarse al finalizar la guerra turco-veneciana (1714-1718). Su destino, como el de las dem\u00e1s j\u00f3venes que forman parte de la orquesta del Ospedale, es ser elegida como esposa por un ciudadano encumbrado o quedarse como instrumentista en el encierro, con el rostro oculto tras una reja o una m\u00e1scara. La m\u00fasica es para Cecilia algo que hace por costumbre desde que es peque\u00f1a, una habilidad que le da valor como futura esposa pero que sabe que, una vez casada, deber\u00e1 abandonar. La decisi\u00f3n de Vivaldi de darle el lugar como violinista principal de la orquesta es un gesto que le permitir\u00e1 no solo aferrarse a la m\u00fasica como algo propio sino tambi\u00e9n comenzar a imaginar un futuro diferente.<\/p>\n<p class=\"p1\">La pel\u00edcula es la primera realizaci\u00f3n cinematogr\u00e1fica de Damiano Michieletto, un importante r\u00e9gisseur de \u00f3pera de trayectoria internacional, especialista en la obra de Gioacchino Rossini. Con guion de Michieletto y Ludovica Rampoldi e inspirada libremente en la novela <em>Stabat mater<\/em> de Tiziano Scarpa, <b>Primavera<\/b> (2025) es una gran producci\u00f3n de cautivante despliegue esc\u00e9nico y musical y cuya historia de rebeli\u00f3n, aunque anclada en una perspectiva m\u00e1s bien contempor\u00e1nea, resulta s\u00f3lida y potente.<\/p>\n<\/p><\/div>\n","protected":false},"excerpt":{"rendered":"<p>domingo 06 de septiembre de 2026 Venecia, comienzos del siglo XVIII. Cecilia es una violinista que forma parte de la orquesta del Ospedale della Piet\u00e0. Encerrada en el orfanato desde su infancia, la joven encuentra alivio en las cartas que escribe a su madre, a quien no conoci\u00f3. A medio camino entre la infancia y [&hellip;]<\/p>\n","protected":false},"author":1,"featured_media":198025,"comment_status":"open","ping_status":"closed","sticky":false,"template":"","format":"standard","meta":[],"categories":[21],"tags":[],"_links":{"self":[{"href":"http:\/\/cordobainforma.info\/index.php\/wp-json\/wp\/v2\/posts\/198024"}],"collection":[{"href":"http:\/\/cordobainforma.info\/index.php\/wp-json\/wp\/v2\/posts"}],"about":[{"href":"http:\/\/cordobainforma.info\/index.php\/wp-json\/wp\/v2\/types\/post"}],"author":[{"embeddable":true,"href":"http:\/\/cordobainforma.info\/index.php\/wp-json\/wp\/v2\/users\/1"}],"replies":[{"embeddable":true,"href":"http:\/\/cordobainforma.info\/index.php\/wp-json\/wp\/v2\/comments?post=198024"}],"version-history":[{"count":0,"href":"http:\/\/cordobainforma.info\/index.php\/wp-json\/wp\/v2\/posts\/198024\/revisions"}],"wp:featuredmedia":[{"embeddable":true,"href":"http:\/\/cordobainforma.info\/index.php\/wp-json\/wp\/v2\/media\/198025"}],"wp:attachment":[{"href":"http:\/\/cordobainforma.info\/index.php\/wp-json\/wp\/v2\/media?parent=198024"}],"wp:term":[{"taxonomy":"category","embeddable":true,"href":"http:\/\/cordobainforma.info\/index.php\/wp-json\/wp\/v2\/categories?post=198024"},{"taxonomy":"post_tag","embeddable":true,"href":"http:\/\/cordobainforma.info\/index.php\/wp-json\/wp\/v2\/tags?post=198024"}],"curies":[{"name":"wp","href":"https:\/\/api.w.org\/{rel}","templated":true}]}}