{"id":198020,"date":"2026-09-06T20:54:33","date_gmt":"2026-09-06T20:54:33","guid":{"rendered":"http:\/\/cordobainforma.info\/index.php\/2026\/09\/06\/jeffrey-sachs-la-economia-alemana-se-encuentra-en-una-situacion-terrible\/"},"modified":"2026-09-06T20:54:33","modified_gmt":"2026-09-06T20:54:33","slug":"jeffrey-sachs-la-economia-alemana-se-encuentra-en-una-situacion-terrible","status":"publish","type":"post","link":"http:\/\/cordobainforma.info\/index.php\/2026\/09\/06\/jeffrey-sachs-la-economia-alemana-se-encuentra-en-una-situacion-terrible\/","title":{"rendered":"Jeffrey Sachs: \u00abLa econom\u00eda alemana se encuentra en una situaci\u00f3n terrible\u00bb"},"content":{"rendered":"<p><img src=\"http:\/\/cordobainforma.info\/wp-content\/uploads\/2026\/09\/jeffrey-sachs-la-economia-alemana-se-encuentra-en-una-situacion-terrible.jpg\"><\/p>\n<p>El economista y catedr\u00e1tico estadounidense Jeffrey Sachs advirti\u00f3 en una entrevista exclusiva con RT sobre la \u00absituaci\u00f3n terrible\u00bb en la que se encuentra la econom\u00eda alemana, lo que representa una de las causas de la ca\u00edda de la popularidad del canciller del pa\u00eds, Friedrich Merz.<\/p>\n<p>Destac\u00f3 que Merz lleg\u00f3 al poder como un \u00ab<strong>partidario de la guerra<\/strong>\u00bb y <a href=\"https:\/\/actualidad.rt.com\/actualidad\/625884-medvedev-alemania-neonazis\">gobern\u00f3 como \u00abun belicista\u00bb<\/a>.&nbsp;Sachs indic\u00f3 que ahora, en medio de las importantes elecciones regionales, la popularidad del mandatario \u00ab<a href=\"https:\/\/actualidad.rt.com\/actualidad\/626199-cosas-tener-mejores-merz-reconocer-gobierno\">se ha desplomado<\/a>\u00ab.&nbsp;<\/p>\n<div class=\"ReadMore-root Section-root Section-is1to3-xs_is1to1\" data-widgets=\"ReadMore\">\n<div class=\"Section-container Section-isRow-isTop-isWrap\">\n<article class=\"Card-root Card-is1to1 Card-default\">\n<div class=\"Card-imageWrap\">\n<div class=\"Card-picture\"> <picture class=\"Picture-root Picture-default\"><!--[if IE 9]><video style=\"display: none;\"><![endif]--><source media=\"(-webkit-min-device-pixel-ratio: 2) and (min-resolution: 120dpi)\" srcset=\"http:\/\/cordobainforma.info\/wp-content\/uploads\/2026\/09\/jeffrey-sachs-la-economia-alemana-se-encuentra-en-una-situacion-terrible-2.jpg 850w, http:\/\/cordobainforma.info\/wp-content\/uploads\/2026\/09\/jeffrey-sachs-la-economia-alemana-se-encuentra-en-una-situacion-terrible-3.jpg 1960w\"><source srcset=\"http:\/\/cordobainforma.info\/wp-content\/uploads\/2026\/09\/jeffrey-sachs-la-economia-alemana-se-encuentra-en-una-situacion-terrible-2.jpg, https:\/\/actualidad.rt.com\/actualidad\/460, http:\/\/cordobainforma.info\/wp-content\/uploads\/2026\/09\/jeffrey-sachs-la-economia-alemana-se-encuentra-en-una-situacion-terrible-3.jpg 980w\"><!--[if IE 9]><\/video><![endif]--><img data-sizes=\"auto\" src=\"http:\/\/cordobainforma.info\/wp-content\/uploads\/2026\/09\/jeffrey-sachs-la-economia-alemana-se-encuentra-en-una-situacion-terrible-2.jpg\" class=\"Picture-root Picture-default lazyload\" alt=\"Las elecciones que pueden provocar un terremoto pol\u00edtico en Alemania\"><\/picture><!-- noscript pattern --><noscript><img src=\"http:\/\/cordobainforma.info\/wp-content\/uploads\/2026\/09\/jeffrey-sachs-la-economia-alemana-se-encuentra-en-una-situacion-terrible-3.jpg\" alt=\"Las elecciones que pueden provocar un terremoto pol\u00edtico en Alemania\"><\/noscript> <\/div><\/div>\n<\/article><\/div><\/div>\n<p>\u00abY creo que es por su postura belicista, porque <strong>la econom\u00eda alemana se encuentra en una situaci\u00f3n terrible<\/strong>\u00ab, aclar\u00f3.&nbsp;Sachs sostuvo que, sin embrago, Merz y sus hom\u00f3logos&nbsp;en Francia y el Reino Unido prefieren la guerra&nbsp;a atender a la independencia de sus pa\u00edses y <a href=\"https:\/\/actualidad.rt.com\/actualidad\/624336-merz-llama-alemanes-sacudirse-desanimo\">las necesidades de sus econom\u00edas<\/a>.<\/p>\n<p>\u00abComo sabe, Alemania y Europa se desconectaron de la energ\u00eda rusa de bajo costo. Esa fue una de las acciones decisivas. <strong>Pensaron que estaban castigando a Rusia, pero, por supuesto, se estaban castigando a s\u00ed mismos<\/strong>\u00ab, explic\u00f3 el economista. Detall\u00f3 que esta decisi\u00f3n \u00abha llevado a Europa a una contracci\u00f3n continua\u00bb y \u00ab<a href=\"https:\/\/actualidad.rt.com\/actualidad\/625931-enviado-putin-causa-declive-alemania\">le ha supuesto un coste enorme a la industria alemana<\/a>\u00ab.<\/p>\n<p>A\u00f1adi\u00f3 que <a href=\"https:\/\/actualidad.rt.com\/actualidad\/626216-llegan-primeros-resultados-elecciones-regionales-alemania\">Alternativa para Alemania (AfD)<\/a> est\u00e1 ofreciendo otro enfoque. \u00abDicen: no queremos este belicismo. No queremos esta postura de guerra. No queremos esta remilitarizaci\u00f3n. Queremos reactivar la econom\u00eda. Y eso ciertamente, al parecer, le est\u00e1 dando un apoyo creciente dentro del escenario pol\u00edtico alem\u00e1n\u00bb, aclar\u00f3 el experto.<\/p>\n<p>Subray\u00f3 que los l\u00edderes europeos que abogaban por un conflicto militar con Rusia, <a href=\"https:\/\/actualidad.rt.com\/actualidad\/625888-domingo-puede-marcar-final-politico-merz\">entre ellos Merz<\/a>, sufrieron una derrota. \u00abTodos estos l\u00edderes que han seguido un curso hacia la guerra con Rusia han visto c\u00f3mo sus esfuerzos se les han vuelto en contra, porque sus pueblos dicen: queremos paz, queremos <strong>una soluci\u00f3n diplom\u00e1tica<\/strong>, y queremos que nuestras econom\u00edas sean el centro de atenci\u00f3n, no una guerra en Ucrania ni una guerra dirigida contra Rusia\u00bb, se\u00f1al\u00f3.<\/p>\n<div class=\"ReadMore-root Section-root Section-is1to3-xs_is1to1\" data-widgets=\"ReadMore\">\n<div class=\"Section-container Section-isRow-isTop-isWrap\">\n<article class=\"Card-root Card-is1to1 Card-default\">\n<div class=\"Card-imageWrap\">\n<div class=\"Card-picture\"> <picture class=\"Picture-root Picture-default\"><!--[if IE 9]><video style=\"display: none;\"><![endif]--><source media=\"(-webkit-min-device-pixel-ratio: 2) and (min-resolution: 120dpi)\" srcset=\"http:\/\/cordobainforma.info\/wp-content\/uploads\/2026\/09\/jeffrey-sachs-la-economia-alemana-se-encuentra-en-una-situacion-terrible-4.jpg 850w, http:\/\/cordobainforma.info\/wp-content\/uploads\/2026\/09\/jeffrey-sachs-la-economia-alemana-se-encuentra-en-una-situacion-terrible-5.jpg 1960w\"><source srcset=\"http:\/\/cordobainforma.info\/wp-content\/uploads\/2026\/09\/jeffrey-sachs-la-economia-alemana-se-encuentra-en-una-situacion-terrible-4.jpg, https:\/\/actualidad.rt.com\/actualidad\/460, http:\/\/cordobainforma.info\/wp-content\/uploads\/2026\/09\/jeffrey-sachs-la-economia-alemana-se-encuentra-en-una-situacion-terrible-5.jpg 980w\"><!--[if IE 9]><\/video><![endif]--><img data-sizes=\"auto\" src=\"http:\/\/cordobainforma.info\/wp-content\/uploads\/2026\/09\/jeffrey-sachs-la-economia-alemana-se-encuentra-en-una-situacion-terrible-4.jpg\" class=\"Picture-root Picture-default lazyload\" alt=\"El domingo que puede marcar el final pol\u00edtico de Merz (ocurra lo que ocurra en las elecciones)\"><\/picture><!-- noscript pattern --><noscript><img src=\"http:\/\/cordobainforma.info\/wp-content\/uploads\/2026\/09\/jeffrey-sachs-la-economia-alemana-se-encuentra-en-una-situacion-terrible-5.jpg\" alt=\"El domingo que puede marcar el final pol\u00edtico de Merz (ocurra lo que ocurra en las elecciones)\"><\/noscript> <\/div><\/div>\n<\/article><\/div><\/div>\n<h3>\u00abSituaci\u00f3n&nbsp;desastrosa\u00bb<\/h3>\n<p>Previamente, la&nbsp;ministra de Trabajo de Alemania,&nbsp;<strong>Barbel Bas<\/strong>, calific\u00f3&nbsp;<a href=\"https:\/\/esrt.space\/actualidad\/620354-ministra-trabajo-alemania-enfrentamos-situacion-presupostaria-desastrosa\">la situaci\u00f3n presupuestaria que enfrenta el pa\u00eds<\/a>&nbsp;como catastr\u00f3fica y destac\u00f3 la&nbsp;p\u00e9rdida del liderazgo tecnol\u00f3gico de Berl\u00edn.&nbsp;\u00ab<strong>Nos enfrentamos a una situaci\u00f3n presupuestaria desastrosa<\/strong>\u00ab, afirm\u00f3 Bas. \u00abNos enfrentamos a guerras que repercuten en nuestra econom\u00eda y ya no ostentamos el liderazgo tecnol\u00f3gico en muchos sectores, pues&nbsp;<strong>China y otros pa\u00edses nos han adelantado<\/strong>. Ah\u00ed es donde debemos centrar nuestros esfuerzos\u00bb, a\u00f1adi\u00f3.<\/p>\n<p>Al comentar la cifra de desempleados en el pa\u00eds, que ya supera la barrera de los&nbsp;<strong>tres millones<\/strong>, Bas admiti\u00f3 que \u00ablas grandes empresas \u2014especialmente en&nbsp;<strong>los sectores automotriz, qu\u00edmico y sider\u00fargico<\/strong>\u2014\u00bb est\u00e1n recortando&nbsp;puestos de trabajo \u00aben un proceso que se extiende a lo largo de varios a\u00f1os\u00bb.<\/p>\n<p>El canciller alem\u00e1n, <a href=\"https:\/\/actualidad.rt.com\/actualidad\/617832-merz-defender-giro-promesas\">Friedrich Merz,&nbsp;admiti\u00f3<\/a>&nbsp;en julio en una entrevista con el medio ZDF que Europa se encuentra en una situaci\u00f3n dif\u00edcil debido a distintos factores, destacando que uno de ellos es la crisis energ\u00e9tica provocada&nbsp;<strong>por la falta de gas ruso.<\/strong><\/p>\n<ul>\n<li>La Uni\u00f3n Europea sustituy\u00f3 el&nbsp;<strong>gas ruso barato<\/strong>, base de su industria, por otras fuentes, entre ellas el gas natural licuado estadounidense, mucho m\u00e1s caro.<\/li>\n<li><strong>La actual escalada en&nbsp;<\/strong><a href=\"https:\/\/esrt.space\/actualidad\/600921-iran-incautar-barcos-caer-secretario-armada-eeuu-minuto\"><strong>Oriente Medio<\/strong><\/a><strong>&nbsp;dispar\u00f3 <a href=\"https:\/\/actualidad.rt.com\/actualidad\/593852-precio-petroleo-brent-sigue-creciendo\">los precios del&nbsp;<\/a><\/strong><a href=\"https:\/\/actualidad.rt.com\/actualidad\/593852-precio-petroleo-brent-sigue-creciendo\"><strong>petr\u00f3leo<\/strong><\/a><strong>&nbsp;y del gas<\/strong>, lo que ha encarecido a\u00fan m\u00e1s la energ\u00eda en la UE, ha presionado a hogares y empresas, ha provocado cierres industriales, despidos y un progresivo debilitamiento econ\u00f3mico.<\/li>\n<li>En septiembre de 2022, <a href=\"https:\/\/actualidad.rt.com\/a-fondo\/544251-nord-stream-sirve-donde-encuentra\">los&nbsp;gasoductos&nbsp;Nord Stream 1 y 2<\/a>, que conectan Rusia con Alemania, quedaron fuera de funcionamiento tras una explosi\u00f3n que caus\u00f3 grandes fugas de gas en el mar B\u00e1ltico. Mosc\u00fa calific\u00f3 el suceso de sabotaje, mientras que los gobiernos de Dinamarca, Alemania y Suecia se negaron a divulgar los resultados de su investigaci\u00f3n.<\/li>\n<li>El presidente de Rusia, <a href=\"https:\/\/actualidad.rt.com\/actualidad\/569074-putin-economia-ue-sufre-consecuencias-renunciar-energia-rusa\">Vlad\u00edmir Putin,&nbsp;indic\u00f3&nbsp;<\/a>en octubre del a\u00f1o pasado que&nbsp;la renuncia a la energ\u00eda rusa hab\u00eda provocado una cadena de efectos negativos para la econom\u00eda en Europa, como la&nbsp;<strong>ca\u00edda de la facturaci\u00f3n industrial, el aumento de los precios&nbsp;<\/strong>del petr\u00f3leo y el gas transoce\u00e1nicos, y la<strong>&nbsp;p\u00e9rdida de competitividad&nbsp;<\/strong>de los productos y la econom\u00eda europeos en su conjunto.<\/li>\n<\/ul>\n","protected":false},"excerpt":{"rendered":"<p>El economista y catedr\u00e1tico estadounidense Jeffrey Sachs advirti\u00f3 en una entrevista exclusiva con RT sobre la \u00absituaci\u00f3n terrible\u00bb en la que se encuentra la econom\u00eda alemana, lo que representa una de las causas de la ca\u00edda de la popularidad del canciller del pa\u00eds, Friedrich Merz. Destac\u00f3 que Merz lleg\u00f3 al poder como un \u00abpartidario de [&hellip;]<\/p>\n","protected":false},"author":1,"featured_media":198021,"comment_status":"closed","ping_status":"closed","sticky":false,"template":"","format":"standard","meta":[],"categories":[22],"tags":[],"_links":{"self":[{"href":"http:\/\/cordobainforma.info\/index.php\/wp-json\/wp\/v2\/posts\/198020"}],"collection":[{"href":"http:\/\/cordobainforma.info\/index.php\/wp-json\/wp\/v2\/posts"}],"about":[{"href":"http:\/\/cordobainforma.info\/index.php\/wp-json\/wp\/v2\/types\/post"}],"author":[{"embeddable":true,"href":"http:\/\/cordobainforma.info\/index.php\/wp-json\/wp\/v2\/users\/1"}],"replies":[{"embeddable":true,"href":"http:\/\/cordobainforma.info\/index.php\/wp-json\/wp\/v2\/comments?post=198020"}],"version-history":[{"count":0,"href":"http:\/\/cordobainforma.info\/index.php\/wp-json\/wp\/v2\/posts\/198020\/revisions"}],"wp:featuredmedia":[{"embeddable":true,"href":"http:\/\/cordobainforma.info\/index.php\/wp-json\/wp\/v2\/media\/198021"}],"wp:attachment":[{"href":"http:\/\/cordobainforma.info\/index.php\/wp-json\/wp\/v2\/media?parent=198020"}],"wp:term":[{"taxonomy":"category","embeddable":true,"href":"http:\/\/cordobainforma.info\/index.php\/wp-json\/wp\/v2\/categories?post=198020"},{"taxonomy":"post_tag","embeddable":true,"href":"http:\/\/cordobainforma.info\/index.php\/wp-json\/wp\/v2\/tags?post=198020"}],"curies":[{"name":"wp","href":"https:\/\/api.w.org\/{rel}","templated":true}]}}