{"id":198014,"date":"2026-09-06T20:00:00","date_gmt":"2026-09-06T20:00:00","guid":{"rendered":"https:\/\/www.mujerhoy.com\/moda\/no-te-pierdas\/camisa-blanca-vestido-pantalones-basicos-zara-nuevo-20260906101926-nt.html"},"modified":"2026-09-06T20:00:00","modified_gmt":"2026-09-06T20:00:00","slug":"6-looks-de-entretiempo-que-podras-copiar-de-pies-a-cabeza-con-lo-que-ya-tienes-en-tu-armario","status":"publish","type":"post","link":"http:\/\/cordobainforma.info\/index.php\/2026\/09\/06\/6-looks-de-entretiempo-que-podras-copiar-de-pies-a-cabeza-con-lo-que-ya-tienes-en-tu-armario\/","title":{"rendered":"6 looks de entretiempo que podr\u00e1s copiar de pies a cabeza con lo que ya tienes en tu armario"},"content":{"rendered":"<div class=\"media_block\"><\/div>\n<p><!-- AUTHOR --><\/p>\n<div class=\"voc-author-timesocial \">\n<!-- AUTHOR --><\/p>\n<div class=\"voc-author-timesocial__signature \">\n<!-- IMAGE AUTHOR -->\n<picture class=\"voc-image-signature\">\n<img class=\"voc-image-signature__img\" src=\"http:\/\/cordobainforma.info\/wp-content\/uploads\/2026\/09\/6-looks-de-entretiempo-que-podras-copiar-de-pies-a-cabeza-con-lo-que-ya-tienes-en-tu-armario.jpg\" alt=\"Gemma Cano\">\n<\/picture>\n<!-- INFO AUTHOR --><\/p>\n<div class=\"voc-author-timesocial__info\" data-mrf-recirculation=\"Autor\">\n<div class=\"voc-author-info\">\n<author><br \/>\n<a class=\"voc-author\" href=\"https:\/\/www.mujerhoy.com\/autor\/gemma-cano-1220.html\">Gemma Cano<\/a><br \/>\n<\/author><br \/>\n<!-- TIME --><br \/>\n<time datetime=\"2026-09-06T20:00:00Z\" data-timestamp><br \/>\nPublicado \u00b7 <span data-voc-date-modified-short> 6 de septiembre de 2026, 22:00 h <\/span><br \/>\n<\/time>\n<\/div>\n<\/div>\n<\/div><\/div>\n<p> <!-- COMPONENTS --><\/p>\n<p class=\"voc-paragraph\">Cuando llega esta \u00e9poca del a\u00f1o, escoger look cada ma\u00f1ana se convierte en una tarea un poco m\u00e1s complicada de lo habitual. Instagram se ha convertido en la mejor fuente de inspiraci\u00f3n para encontrar <strong>combinaciones sencillas<\/strong>, con b\u00e1sicos de <a href=\"https:\/\/www.mujerhoy.com\/moda\/no-te-pierdas\/accesorios-entretiempo-deseados-nueva-temporada-20260830141908-nt.html\" target=\"_self\" data-voc-vtm-id=\"in-text-traffic\" data-mrf-link=\"www.mujerhoy.com\" rel=\"noopener noreferrer\">entretiempo<\/a>, pero cargadas de personalidad.<\/p>\n<div class=\"v-c-cmp \">\n<div class=\"v-cmp-m v-cmp-m--t1\">\n<article class=\"v-a v-a--cmp-m v-c-cmp--m-p\">\n<div class=\"v-a-img-c v-a-img-c--fw-xs\">\n<div class=\"v-a-fig\">\n<div class=\"v-a-link\">\n<img loading=\"lazy\" src=\"http:\/\/cordobainforma.info\/wp-content\/uploads\/2026\/09\/6-looks-de-entretiempo-que-podras-copiar-de-pies-a-cabeza-con-lo-que-ya-tienes-en-tu-armario-1.jpg\" class=\"v-a-img\" width=\"650\" height=\"975\" alt data-voc-vtm-id=\"in-text-traffic\">\n<\/div>\n<\/div>\n<\/div>\n<\/article>\n<\/div>\n<\/div>\n<p class=\"voc-paragraph\">Los primeros looks de oto\u00f1o no suelen ser f\u00e1ciles de construir. Resulta dif\u00edcil adaptar nuestro armario a un contexto meteorol\u00f3gico que puede cambiar en cuesti\u00f3n de horas. Con un buen pu\u00f1ado de b\u00e1sicos, desde la <a href=\"https:\/\/www.mujerhoy.com\/moda\/no-te-pierdas\/camisa-versatil-entretiempo-vaqueros-total-look-20260829105004-nt.html\" target=\"_self\" data-voc-vtm-id=\"in-text-traffic\" data-mrf-link=\"www.mujerhoy.com\" rel=\"noopener noreferrer\">camisa<\/a> blanca a los vaqueros rectos, podemos crear un mont\u00f3n de combinaciones ganadoras. Los accesorios sencillos, pero de calidad, <strong>pondr\u00e1n la guinda a cualquier look<\/strong>. Aqu\u00ed est\u00e1n los looks de entretiempo que siempre funcionan.<\/p>\n<div class=\"v-c-cmp v-c-cmp--t1 \">\n<div class=\"v-cmp-rld v-cmp-rld--2 \">\n<div class=\"v-cnt-m v-cnt-m--m\">\n<div class=\"v-cnt-m__c\">\n<div class=\"v-cnt-m__w v-cnt-m__w--1\">\n<p class=\"v-cnt-m__t\">\nTAMBI\u00c9N TE INTERESA\n<\/p>\n<\/div>\n<\/div>\n<\/div>\n<div class=\"v-g v-g--2-c v-g--bdr-min-xs\">\n<div class=\"v-g__c \">\n<article class=\"v-a v-a--cmp-rld v-a--cmp-rld-2 v-a--p-l\">\n<div class=\"v-a-img-c\">\n<figure class=\"v-a-fig\">\n<a href=\"https:\/\/www.mujerhoy.com\/moda\/no-te-pierdas\/chaquetas-entalladas-prenda-estrella-septiembre-americanas-favorecedoras-20260827100933-nt.html#vtm_modulosEngag=mod-rel:moda:noticia:1:cmp:2-not\" class=\"v-a-link\" title=\"La americana entallada es la \u00fanica prenda que querr\u00e1s este oto\u00f1o\"><br \/>\n<img loading=\"lazy\" class=\"v-a-img\" src=\"http:\/\/cordobainforma.info\/wp-content\/uploads\/2026\/09\/6-looks-de-entretiempo-que-podras-copiar-de-pies-a-cabeza-con-lo-que-ya-tienes-en-tu-armario-2.jpg\" alt=\"La americana entallada es la \u00fanica prenda que querr\u00e1s este oto\u00f1o\"><br \/>\n<\/a><br \/>\n<\/figure>\n<\/div>\n<\/article>\n<\/div>\n<div class=\"v-g__c \">\n<article class=\"v-a v-a--cmp-rld v-a--cmp-rld-2 v-a--p-l\">\n<div class=\"v-a-img-c\">\n<figure class=\"v-a-fig\">\n<a href=\"https:\/\/www.mujerhoy.com\/moda\/tendencias\/falda-lapiz-vuelve-otono-2027-tendencias-20260820131740-nt.html#vtm_modulosEngag=mod-rel:moda:noticia:2:cmp:2-not\" class=\"v-a-link\" title=\"La falda l\u00e1piz vuelve este oto\u00f1o y as\u00ed se lleva para que no parezca de oficina\"><br \/>\n<img loading=\"lazy\" class=\"v-a-img\" src=\"http:\/\/cordobainforma.info\/wp-content\/uploads\/2026\/09\/6-looks-de-entretiempo-que-podras-copiar-de-pies-a-cabeza-con-lo-que-ya-tienes-en-tu-armario-3.jpg\" alt=\"La falda l\u00e1piz vuelve este oto\u00f1o y as\u00ed se lleva para que no parezca de oficina\"><br \/>\n<\/a><br \/>\n<\/figure>\n<\/div>\n<\/article>\n<\/div>\n<\/div>\n<\/div>\n<\/div>\n<div class=\"v-c-cmp \">\n<div class=\"v-cmp-m v-cmp-m--t1\">\n<article class=\"v-a v-a--cmp-m v-c-cmp--m-p\">\n<div class=\"v-a-img-c v-a-img-c--fw-xs\">\n<div class=\"v-a-fig\">\n<div class=\"v-a-link\">\n<img loading=\"lazy\" src=\"http:\/\/cordobainforma.info\/wp-content\/uploads\/2026\/09\/6-looks-de-entretiempo-que-podras-copiar-de-pies-a-cabeza-con-lo-que-ya-tienes-en-tu-armario-4.jpg\" class=\"v-a-img\" width=\"650\" height=\"975\" alt=\"Americana gris + camiseta blanca + vaqueros recto\" data-voc-vtm-id=\"in-text-traffic\">\n<\/div><figcaption class=\"v-fc\">\n<span class=\"v-fc__t\"><br \/>\nAmericana gris + camiseta blanca + vaqueros recto<br \/>\n<\/span><br \/>\n<\/figcaption><\/div>\n<\/div>\n<\/article>\n<\/div>\n<\/div>\n<p><h3 class=\"v-cmp-suh\">\nAmericana gris + camiseta blanca + vaqueros recto<br \/>\n<\/h3>\n<\/p>\n<p class=\"voc-paragraph\">Este tipo de combinaciones con b\u00e1sicos de entretiempo siempre funciona cuando llega esta \u00e9poca del a\u00f1o. Apuesta por un sencillo look de camiseta y vaqueros y a\u00f1ade complementos sencillos, pero poderosos.<\/p>\n<div class=\"v-c-cmp \">\n<div class=\"v-cmp-m v-cmp-m--t1\">\n<article class=\"v-a v-a--cmp-m v-c-cmp--m-p\">\n<div class=\"v-a-img-c v-a-img-c--fw-xs\">\n<div class=\"v-a-fig\">\n<div class=\"v-a-link\">\n<img loading=\"lazy\" src=\"http:\/\/cordobainforma.info\/wp-content\/uploads\/2026\/09\/6-looks-de-entretiempo-que-podras-copiar-de-pies-a-cabeza-con-lo-que-ya-tienes-en-tu-armario-5.jpg\" class=\"v-a-img\" width=\"650\" height=\"975\" alt=\"Chaqueta vaquera + falda con botones + accesorios beige\" data-voc-vtm-id=\"in-text-traffic\">\n<\/div><figcaption class=\"v-fc\">\n<span class=\"v-fc__t\"><br \/>\nChaqueta vaquera + falda con botones + accesorios beige<br \/>\n<\/span><br \/>\n<\/figcaption><\/div>\n<\/div>\n<\/article>\n<\/div>\n<\/div>\n<p><h3 class=\"v-cmp-suh\">\nChaqueta vaquera + falda con botones + accesorios beige<br \/>\n<\/h3>\n<\/p>\n<p class=\"voc-paragraph\">Ahora que las temperaturas han empezado a relajarse es el momento perfecto para apostar por este tipo de combinaciones a medio camino entre el verano y el oto\u00f1o. El total look denim siempre funciona. Rouje.<\/p>\n<div class=\"v-c-cmp \">\n<div class=\"v-cmp-m v-cmp-m--t1\">\n<article class=\"v-a v-a--cmp-m v-c-cmp--m-p\">\n<div class=\"v-a-img-c v-a-img-c--fw-xs\">\n<div class=\"v-a-fig\">\n<div class=\"v-a-link\">\n<img loading=\"lazy\" src=\"http:\/\/cordobainforma.info\/wp-content\/uploads\/2026\/09\/6-looks-de-entretiempo-que-podras-copiar-de-pies-a-cabeza-con-lo-que-ya-tienes-en-tu-armario-6.jpg\" class=\"v-a-img\" width=\"650\" height=\"975\" alt=\"Trench de ante + vaqueros rectos\" data-voc-vtm-id=\"in-text-traffic\">\n<\/div><figcaption class=\"v-fc\">\n<span class=\"v-fc__t\"><br \/>\nTrench de ante + vaqueros rectos<br \/>\n<\/span><br \/>\n<\/figcaption><\/div>\n<\/div>\n<\/article>\n<\/div>\n<\/div>\n<p><h3 class=\"v-cmp-suh\">\nTrench de ante + vaqueros rectos<br \/>\n<\/h3>\n<\/p>\n<p class=\"voc-paragraph\">Una combinaci\u00f3n con sabor a oto\u00f1o que no puede faltar en ning\u00fan armario de entretiempo. Apuesta por una gabardina de piel de color camel que elevar\u00e1 todos tus looks de nueva temporada. Massimo Dutti.<\/p>\n<div class=\"v-c-cmp \">\n<div class=\"v-cmp-m v-cmp-m--t1\">\n<article class=\"v-a v-a--cmp-m v-c-cmp--m-p\">\n<div class=\"v-a-img-c v-a-img-c--fw-xs\">\n<div class=\"v-a-fig\">\n<div class=\"v-a-link\">\n<img loading=\"lazy\" src=\"http:\/\/cordobainforma.info\/wp-content\/uploads\/2026\/09\/6-looks-de-entretiempo-que-podras-copiar-de-pies-a-cabeza-con-lo-que-ya-tienes-en-tu-armario-7.jpg\" class=\"v-a-img\" width=\"650\" height=\"975\" alt=\"Camisa con estampado de rayas + vaqueros culotte\" data-voc-vtm-id=\"in-text-traffic\">\n<\/div><figcaption class=\"v-fc\">\n<span class=\"v-fc__t\"><br \/>\nCamisa con estampado de rayas + vaqueros culotte<br \/>\n<\/span><br \/>\n<\/figcaption><\/div>\n<\/div>\n<\/article>\n<\/div>\n<\/div>\n<p><h3 class=\"v-cmp-suh\">\nCamisa con estampado de rayas + vaqueros culotte<br \/>\n<\/h3>\n<\/p>\n<p class=\"voc-paragraph\">Un look con sabor a entretiempo que no puedes dejar escapar esta temporada. Escoge la camisa m\u00e1s especial de tu armario y comb\u00ednala con un par de vaqueros. Las bailarinas de tweed con pulsera marcan la diferencia. Zara.<\/p>\n<div class=\"v-c-cmp \">\n<div class=\"v-cmp-m v-cmp-m--t1\">\n<article class=\"v-a v-a--cmp-m v-c-cmp--m-p\">\n<div class=\"v-a-img-c v-a-img-c--fw-xs\">\n<div class=\"v-a-fig\">\n<div class=\"v-a-link\">\n<img loading=\"lazy\" src=\"http:\/\/cordobainforma.info\/wp-content\/uploads\/2026\/09\/6-looks-de-entretiempo-que-podras-copiar-de-pies-a-cabeza-con-lo-que-ya-tienes-en-tu-armario-8.jpg\" class=\"v-a-img\" width=\"650\" height=\"975\" alt=\"Chaqueta corta + vaqueros rectos\" data-voc-vtm-id=\"in-text-traffic\">\n<\/div><figcaption class=\"v-fc\">\n<span class=\"v-fc__t\"><br \/>\nChaqueta corta + vaqueros rectos<br \/>\n<\/span><br \/>\n<\/figcaption><\/div>\n<\/div>\n<\/article>\n<\/div>\n<\/div>\n<p><h3 class=\"v-cmp-suh\">\nChaqueta corta + vaqueros rectos<br \/>\n<\/h3>\n<\/p>\n<p class=\"voc-paragraph\">Una propuesta sencilla, pero al mismo tiempo especial. Apuesta por los b\u00e1sicos de entretiempo, como el trench, la camisa blanca, los vaqueros rectos o los zapatos de estilo mocas\u00edn. Zara.<\/p>\n<div class=\"v-c-cmp \">\n<div class=\"v-cmp-m v-cmp-m--t1\">\n<article class=\"v-a v-a--cmp-m v-c-cmp--m-p\">\n<div class=\"v-a-img-c v-a-img-c--fw-xs\">\n<div class=\"v-a-fig\">\n<div class=\"v-a-link\">\n<img loading=\"lazy\" src=\"http:\/\/cordobainforma.info\/wp-content\/uploads\/2026\/09\/6-looks-de-entretiempo-que-podras-copiar-de-pies-a-cabeza-con-lo-que-ya-tienes-en-tu-armario-9.jpg\" class=\"v-a-img\" width=\"650\" height=\"975\" alt=\"Americana de piel+ chaqueta de punto + vaqueros wide leg\" data-voc-vtm-id=\"in-text-traffic\">\n<\/div><figcaption class=\"v-fc\">\n<span class=\"v-fc__t\"><br \/>\nAmericana de piel+ chaqueta de punto + vaqueros wide leg<br \/>\n<\/span><br \/>\n<\/figcaption><\/div>\n<\/div>\n<\/article>\n<\/div>\n<\/div>\n<p><h3 class=\"v-cmp-suh\">\nAmericana de piel+ chaqueta de punto + vaqueros wide leg<br \/>\n<\/h3>\n<\/p>\n<p class=\"voc-paragraph\">Un conjunto de entretiempo que podr\u00e1s llevar en cuanto bajen un poco m\u00e1s las temperaturas. La combinaci\u00f3n de azul y marr\u00f3n no puede resultar m\u00e1s efectiva. Massimo Dutti.<\/p>\n<div class=\"v-c-cmp v-c-cmp--t1 \">\n<div class=\"v-cmp-rld v-cmp-rld--2 \">\n<div class=\"v-cnt-m v-cnt-m--m\">\n<div class=\"v-cnt-m__c\">\n<div class=\"v-cnt-m__w v-cnt-m__w--1\">\n<p class=\"v-cnt-m__t\">\nTAMBI\u00c9N TE INTERESA\n<\/p>\n<\/div>\n<\/div>\n<\/div>\n<div class=\"v-g v-g--2-c v-g--bdr-min-xs\">\n<div class=\"v-g__c \">\n<article class=\"v-a v-a--cmp-rld v-a--cmp-rld-2 v-a--p-l\">\n<div class=\"v-a-img-c\">\n<figure class=\"v-a-fig\">\n<a href=\"https:\/\/www.mujerhoy.com\/moda\/no-te-pierdas\/mejores-vaqueros-septiembre-favorecedores-bonitos-20260822161102-nt.html#vtm_modulosEngag=mod-rel:moda:noticia:1:cmp:2-not\" class=\"v-a-link\" title=\"Si est\u00e1s lista para usar vaqueros, estos son los \u00fanicos que deber\u00edas llevar\"><br \/>\n<img loading=\"lazy\" class=\"v-a-img\" src=\"http:\/\/cordobainforma.info\/wp-content\/uploads\/2026\/09\/6-looks-de-entretiempo-que-podras-copiar-de-pies-a-cabeza-con-lo-que-ya-tienes-en-tu-armario-10.jpg\" alt=\"Si est\u00e1s lista para usar vaqueros, estos son los \u00fanicos que deber\u00edas llevar\"><br \/>\n<\/a><br \/>\n<\/figure>\n<\/div>\n<\/article>\n<\/div>\n<div class=\"v-g__c \">\n<article class=\"v-a v-a--cmp-rld v-a--cmp-rld-2 v-a--p-l\">\n<div class=\"v-a-img-c\">\n<figure class=\"v-a-fig\">\n<a href=\"https:\/\/www.mujerhoy.com\/moda\/no-te-pierdas\/chaquetas-ligeras-vestidos-prendas-entretiempo-merece-pena-20260815141016-nt.html#vtm_modulosEngag=mod-rel:moda:noticia:2:cmp:2-not\" class=\"v-a-link\" title=\"De las chaquetas ligeras a los vestidos: las prendas de entretiempo que merece la pena fichar\"><br \/>\n<img loading=\"lazy\" class=\"v-a-img\" src=\"http:\/\/cordobainforma.info\/wp-content\/uploads\/2026\/09\/6-looks-de-entretiempo-que-podras-copiar-de-pies-a-cabeza-con-lo-que-ya-tienes-en-tu-armario-11.jpg\" alt=\"De las chaquetas ligeras a los vestidos: las prendas de entretiempo que merece la pena fichar\"><br \/>\n<\/a><br \/>\n<\/figure>\n<\/div>\n<\/article>\n<\/div>\n<\/div>\n<\/div>\n<\/div>\n","protected":false},"excerpt":{"rendered":"<p>Gemma Cano Publicado \u00b7 6 de septiembre de 2026, 22:00 h Cuando llega esta \u00e9poca del a\u00f1o, escoger look cada ma\u00f1ana se convierte en una tarea un poco m\u00e1s complicada de lo habitual. Instagram se ha convertido en la mejor fuente de inspiraci\u00f3n para encontrar combinaciones sencillas, con b\u00e1sicos de entretiempo, pero cargadas de personalidad. [&hellip;]<\/p>\n","protected":false},"author":1,"featured_media":198015,"comment_status":"closed","ping_status":"closed","sticky":false,"template":"","format":"standard","meta":[],"categories":[24],"tags":[],"_links":{"self":[{"href":"http:\/\/cordobainforma.info\/index.php\/wp-json\/wp\/v2\/posts\/198014"}],"collection":[{"href":"http:\/\/cordobainforma.info\/index.php\/wp-json\/wp\/v2\/posts"}],"about":[{"href":"http:\/\/cordobainforma.info\/index.php\/wp-json\/wp\/v2\/types\/post"}],"author":[{"embeddable":true,"href":"http:\/\/cordobainforma.info\/index.php\/wp-json\/wp\/v2\/users\/1"}],"replies":[{"embeddable":true,"href":"http:\/\/cordobainforma.info\/index.php\/wp-json\/wp\/v2\/comments?post=198014"}],"version-history":[{"count":0,"href":"http:\/\/cordobainforma.info\/index.php\/wp-json\/wp\/v2\/posts\/198014\/revisions"}],"wp:featuredmedia":[{"embeddable":true,"href":"http:\/\/cordobainforma.info\/index.php\/wp-json\/wp\/v2\/media\/198015"}],"wp:attachment":[{"href":"http:\/\/cordobainforma.info\/index.php\/wp-json\/wp\/v2\/media?parent=198014"}],"wp:term":[{"taxonomy":"category","embeddable":true,"href":"http:\/\/cordobainforma.info\/index.php\/wp-json\/wp\/v2\/categories?post=198014"},{"taxonomy":"post_tag","embeddable":true,"href":"http:\/\/cordobainforma.info\/index.php\/wp-json\/wp\/v2\/tags?post=198014"}],"curies":[{"name":"wp","href":"https:\/\/api.w.org\/{rel}","templated":true}]}}