{"id":197980,"date":"2026-09-06T17:49:18","date_gmt":"2026-09-06T17:49:18","guid":{"rendered":"http:\/\/cordobainforma.info\/index.php\/2026\/09\/06\/farmear-aura-que-hay-detras-de-la-nueva-tendencia-que-invade-escuelas-calles-y-plazas\/"},"modified":"2026-09-06T17:49:18","modified_gmt":"2026-09-06T17:49:18","slug":"farmear-aura-que-hay-detras-de-la-nueva-tendencia-que-invade-escuelas-calles-y-plazas","status":"publish","type":"post","link":"http:\/\/cordobainforma.info\/index.php\/2026\/09\/06\/farmear-aura-que-hay-detras-de-la-nueva-tendencia-que-invade-escuelas-calles-y-plazas\/","title":{"rendered":"\u201cFarmear aura\u201d: qu\u00e9 hay detr\u00e1s de la <b>nueva<\/b> tendencia que invade escuelas, calles y plazas"},"content":{"rendered":"<p>En <b>C\u00f3rdoba<\/b>, por ejemplo, 120 hombres, todos pelados, se animaron a hacer su propia interpretaci\u00f3n del fen\u00f3meno y se reunieron para farmear calva. <\/p>\n","protected":false},"excerpt":{"rendered":"<p>En C\u00f3rdoba, por ejemplo, 120 hombres, todos pelados, se animaron a hacer su propia interpretaci\u00f3n del fen\u00f3meno y se reunieron para farmear calva.<\/p>\n","protected":false},"author":1,"featured_media":0,"comment_status":"closed","ping_status":"closed","sticky":false,"template":"","format":"standard","meta":[],"categories":[23],"tags":[],"_links":{"self":[{"href":"http:\/\/cordobainforma.info\/index.php\/wp-json\/wp\/v2\/posts\/197980"}],"collection":[{"href":"http:\/\/cordobainforma.info\/index.php\/wp-json\/wp\/v2\/posts"}],"about":[{"href":"http:\/\/cordobainforma.info\/index.php\/wp-json\/wp\/v2\/types\/post"}],"author":[{"embeddable":true,"href":"http:\/\/cordobainforma.info\/index.php\/wp-json\/wp\/v2\/users\/1"}],"replies":[{"embeddable":true,"href":"http:\/\/cordobainforma.info\/index.php\/wp-json\/wp\/v2\/comments?post=197980"}],"version-history":[{"count":0,"href":"http:\/\/cordobainforma.info\/index.php\/wp-json\/wp\/v2\/posts\/197980\/revisions"}],"wp:attachment":[{"href":"http:\/\/cordobainforma.info\/index.php\/wp-json\/wp\/v2\/media?parent=197980"}],"wp:term":[{"taxonomy":"category","embeddable":true,"href":"http:\/\/cordobainforma.info\/index.php\/wp-json\/wp\/v2\/categories?post=197980"},{"taxonomy":"post_tag","embeddable":true,"href":"http:\/\/cordobainforma.info\/index.php\/wp-json\/wp\/v2\/tags?post=197980"}],"curies":[{"name":"wp","href":"https:\/\/api.w.org\/{rel}","templated":true}]}}