{"id":197976,"date":"2026-09-06T15:19:19","date_gmt":"2026-09-06T15:19:19","guid":{"rendered":"https:\/\/www.clarin.com\/deportes\/franco-colapinto-lloro-frustracion-gran-premio-italia-gran-oportunidad-aproveche_0_N0lgv1fNJu.html"},"modified":"2026-09-06T15:19:19","modified_gmt":"2026-09-06T15:19:19","slug":"franco-colapinto-lloro-por-la-frustracion-en-el-gran-premio-de-italia-tenia-una-gran-oportunidad-y-no-la-aproveche","status":"publish","type":"post","link":"http:\/\/cordobainforma.info\/index.php\/2026\/09\/06\/franco-colapinto-lloro-por-la-frustracion-en-el-gran-premio-de-italia-tenia-una-gran-oportunidad-y-no-la-aproveche\/","title":{"rendered":"Franco Colapinto llor\u00f3 por la frustraci\u00f3n en el Gran Premio de Italia: \u00abTen\u00eda una gran oportunidad y no la aprovech\u00e9\u00bb"},"content":{"rendered":"<p><img src=\"http:\/\/cordobainforma.info\/wp-content\/uploads\/2026\/09\/franco-colapinto-lloro-por-la-frustracion-en-el-gran-premio-de-italia-tenia-una-gran-oportunidad-y-no-la-aproveche.jpg\"><\/p>\n<div><img src=\"http:\/\/cordobainforma.info\/wp-content\/uploads\/2026\/09\/franco-colapinto-lloro-por-la-frustracion-en-el-gran-premio-de-italia-tenia-una-gran-oportunidad-y-no-la-aproveche-2.jpg\" class=\"ff-og-image-inserted\"><\/div>\n<div id=\"element-body-0\" readability=\"30.427553444181\">\n<p><strong>Franco Colapinto no pudo contener la frustraci\u00f3n<\/strong>. La mostr\u00f3 en <strong>forma de llanto<\/strong>, de <strong>l\u00e1grimas que rodaron <\/strong>por su mejilla apenas le preguntaron por su performance en el <strong>Gran Premio de Italia <\/strong>de la <strong>F\u00f3rmula 1<\/strong>. <a href=\"https:\/\/www.clarin.com\/deportes\/fuerte-choque-charles-leclerc-provoco-lagrimas-ferrari-bandera-roja-temprana-gran-premio-italia_0_vWxXenEx8W.html\" target=\"_blank\" title=\"El piloto argentino sinti\u00f3 que era una &quot;gran oportunidad&quot; para poder pelear por un hist\u00f3rico podio y ni siquiera la remontada de siete posiciones despu\u00e9s del despiste en el reinicio de la carrera lo conform\u00f3\" alt=\"El piloto argentino sinti\u00f3 que era una &quot;gran oportunidad&quot; para poder pelear por un hist\u00f3rico podio y ni siquiera la remontada de siete posiciones despu\u00e9s del despiste en el reinicio de la carrera lo conform\u00f3\" rel=\"noopener noreferrer\">El piloto argentino sinti\u00f3 que era una \u00abgran oportunidad\u00bb para poder pelear por un hist\u00f3rico podio y ni siquiera la remontada de siete posiciones despu\u00e9s del despiste en el reinicio de la carrera lo conform\u00f3<\/a>.<\/p>\n<\/div>\n<div id=\"element-body-1\" readability=\"26.057692307692\">\n<blockquote class=\"twitter-tweet\" readability=\"6.414201183432\">\n<p lang=\"es\" dir=\"ltr\">\u00abDESAPROVECH\u00c9 UNA OPORTUNIDAD MUY IMPORTANTE PARA EL EQUIPO Y PARA MI. APRENDER DE ESTO Y SEGUIR\u00bb. La tristeza de Colapinto por el despiste que sufri\u00f3 en Monza \ud83e\udd7a\ud83d\udc94\ud83c\udde6\ud83c\uddf7<\/p>\n<p>\u00a1Arriba, Franco!<\/p>\n<p>\ud83d\udcfa <a href=\"https:\/\/x.com\/hashtag\/ItalianGP?src=hash&amp;ref_src=twsrc%5Etfw\">#ItalianGP<\/a> | Toda la temporada de <a href=\"https:\/\/x.com\/hashtag\/F1?src=hash&amp;ref_src=twsrc%5Etfw\">#F1<\/a> por <a href=\"https:\/\/x.com\/hashtag\/DisneyPlus?src=hash&amp;ref_src=twsrc%5Etfw\">#DisneyPlus<\/a> Plan Premium <a href=\"https:\/\/t.co\/P7eARA60Hj\">pic.twitter.com\/P7eARA60Hj<\/a><\/p>\n<p>\u2014 SportsCenter (@SC_ESPN) <a href=\"https:\/\/x.com\/SC_ESPN\/status\/2096619627279270156?ref_src=twsrc%5Etfw\">September 6, 2026<\/a><\/p><\/blockquote><\/div>\n<div id=\"element-body-2\" readability=\"64\">\n<p>\u00abUna carrera dura, muy frustrante. <strong>Ten\u00eda una gran oportunidad y no la aproveche, podr\u00eda tener una gran carrera y un grave error.<\/strong> Desaprovech\u00e9 una oportunidad muy importante para el equipo y para m\u00ed, as\u00ed que queda aprender de esto\u00bb, fueron las palabras con las que el pilarense reflej\u00f3 su rendimiento a bordo del Alpine.<\/p>\n<\/div>\n<div id=\"element-body-3\" readability=\"63\">\n<p>Unos minutos antes, apenas vio la bandera a cuadros, <strong>Colapinto fue m\u00e1s duro consigo mismo <\/strong>al hablarle a su ingeniero Stuart Barlow por la radio. \u00abLo siento, Stu. <strong>Estoy tan decepcionado de m\u00ed mismo. Soy un idiota<\/strong>. Merec\u00edamos algo mejor\u00bb, afirm\u00f3.<\/p>\n<\/div>\n<div id=\"element-body-4\" readability=\"48.560636182903\">\n<p>Como respuesta, l\u00f3gicamente, su compa\u00f1ero eligi\u00f3 levantarle el \u00e1nimo y <a href=\"https:\/\/www.clarin.com\/deportes\/fuerte-choque-charles-leclerc-provoco-lagrimas-ferrari-bandera-roja-temprana-gran-premio-italia_0_vWxXenEx8W.html\" target=\"_blank\" title=\"resaltar su reacci\u00f3n para poder llegar a los puntos despu\u00e9s del despiste en el relanzamiento de la carrera tras el fuerte choque de Charles Leclerc\" alt=\"resaltar su reacci\u00f3n para poder llegar a los puntos despu\u00e9s del despiste en el relanzamiento de la carrera tras el fuerte choque de Charles Leclerc\" rel=\"noopener noreferrer\">resaltar su reacci\u00f3n para poder llegar a los puntos despu\u00e9s del despiste en el relanzamiento de la carrera tras el fuerte choque de Charles Leclerc<\/a>. \u00abVamos, amigo, pensemos en lo positivo. <strong>Terminaste con un P9 con un manejo incre\u00edble, llevando un poco de da\u00f1os, manejaste realmente bien<\/strong>. De vuelta en Q3, de vuelta en los puntos. Estabas P16, volviste a P9 y casi logramos ser P8. \u00a1El ritmo fue incre\u00edble\u00bb, valor\u00f3 Barlow. <\/p>\n<\/div>\n<div id=\"element-body-5\" readability=\"62\">\n<p>Despu\u00e9s el propio equipo, a trav\u00e9s de las redes sociales, lo respald\u00f3. <strong>\u00abMant\u00e9n esa cabeza bien alta\u00bb<\/strong>, escribi\u00f3 con una foto del argentino sec\u00e1ndose las l\u00e1grimas dentro del casco con los colores celeste y blanco.<\/p>\n<\/div>\n<div id=\"element-body-6\" readability=\"18.007352941176\">\n<blockquote class=\"twitter-tweet\" readability=\"2.9044117647059\">\n<p lang=\"en\" dir=\"ltr\">Keep that head held high <a href=\"https:\/\/x.com\/FranColapinto?ref_src=twsrc%5Etfw\">@FranColapinto<\/a> \ud83d\udc99 <a href=\"https:\/\/t.co\/Sz5msKC1lW\">pic.twitter.com\/Sz5msKC1lW<\/a><\/p>\n<p>\u2014 BWT Alpine Formula One Team (@AlpineF1Team) <a href=\"https:\/\/x.com\/AlpineF1Team\/status\/2096637810279129117?ref_src=twsrc%5Etfw\">September 6, 2026<\/a><\/p><\/blockquote><\/div>\n<div id=\"element-body-7\" readability=\"62\">\n<p>La ilusi\u00f3n hab\u00eda crecido de golpe en Monza. Colapinto aprovech\u00f3 otra excelente largada despu\u00e9s de la interrupci\u00f3n, super\u00f3 incluso al Red Bull de Max Verstappen y se encontr\u00f3 en el tercer lugar, detr\u00e1s de los autos que comandaban la carrera. Era una situaci\u00f3n impensada antes de la largada y una oportunidad enorme para el argentino.<\/p>\n<\/div>\n<div id=\"element-body-8\" readability=\"23.938524590164\">\n<blockquote class=\"twitter-tweet\" readability=\"6.5286885245902\">\n<p lang=\"es\" dir=\"ltr\">\u00a1QUE MALA SUERTE, FRANCO! Colapinto se despist\u00f3 y baj\u00f3 al 16\u00b0 puesto en la carrera. \u00a1Incre\u00edble!<\/p>\n<p>\ud83d\udcfa <a href=\"https:\/\/x.com\/hashtag\/ItalianGP?src=hash&amp;ref_src=twsrc%5Etfw\">#ItalianGP<\/a> | Toda la temporada de <a href=\"https:\/\/x.com\/hashtag\/F1?src=hash&amp;ref_src=twsrc%5Etfw\">#F1<\/a> por <a href=\"https:\/\/x.com\/hashtag\/DisneyPlus?src=hash&amp;ref_src=twsrc%5Etfw\">#DisneyPlus<\/a> Plan Premium <a href=\"https:\/\/t.co\/EDx9fQWOQt\">pic.twitter.com\/EDx9fQWOQt<\/a><\/p>\n<p>\u2014 SportsCenter (@SC_ESPN) <a href=\"https:\/\/x.com\/SC_ESPN\/status\/2096597556784476295?ref_src=twsrc%5Etfw\">September 6, 2026<\/a><\/p><\/blockquote><\/div>\n<div id=\"element-body-9\" readability=\"71\">\n<p>\u00abEstoy simplemente frustrado. Creo que hice algunas cosas buenas. <strong>No s\u00e9, simplemente perd\u00ed completamente el auto en las curvas 5 y 6, un poco de la nada, y es muy frustrante<\/strong>\u00ab, argument\u00f3 Colapinto, que todav\u00eda no supo por qu\u00e9 se le fue el control que lo sac\u00f3 a la leca. \u00abTodav\u00eda no entiendo realmente qu\u00e9 pas\u00f3. Perd\u00ed el auto de manera muy brusca, atraves\u00e9 la grava muy r\u00e1pido, tuve muchos da\u00f1os y pens\u00e9 que iba a tener que abandonar. Pero despu\u00e9s volvimos a salir, cambiamos un poco el auto con las herramientas, cerramos todo un poco m\u00e1s y volvimos a hacer que el auto tuviera algo m\u00e1s de resistencia aerodin\u00e1mica. Y s\u00ed, logramos sumar puntos\u00bb, complet\u00f3 el piloto de 23 a\u00f1os.<\/p>\n<\/div>\n<div id=\"element-body-10\" readability=\"68\">\n<p>M\u00e1s tranquilo, de todas formas, valor\u00f3 el rendimiento de la escuder\u00eda francesa este fin de semana en Monza, que incluy\u00f3 a Pierre Gasly como poleman el s\u00e1bado y su mejor clasificaci\u00f3n desde que compite en la F\u00f3rmula 1. \u00ab<strong>Creo que habr\u00edamos hecho algunas cosas muy buenas, con el segundo y tercer puesto juntos, y cuando te sent\u00eds tan fuerte y de repente est\u00e1s peleando con los equipos de punta, te motiv\u00e1s muy r\u00e1pido<\/strong>. Y un error as\u00ed tira todo por la borda, as\u00ed que estoy simplemente frustrado\u00bb, sostuvo.<\/p>\n<\/div>\n<div id=\"element-body-12\" readability=\"69\">\n<p>Fue, tambi\u00e9n, una prueba y un aprendizaje para Colapinto, so\u00f1ando a futuro. \u00abLogr\u00e9 superar a cuatro autos de los equipos de punta en las largadas, y por eso duele tanto haberlo tirado por la borda. Adem\u00e1s, al asumir m\u00e1s riesgos y estar ah\u00ed arriba con ellos, <strong>no te das cuenta de que en realidad no es tu pelea<\/strong>. Sent\u00eds el podio al alcance y quer\u00e9s seguir avanzando y tomando riesgos, y quiz\u00e1s no ten\u00eda sentido hacerlo. De nuevo, simplemente hay que aprender de esto y tratar de mejorar para la pr\u00f3xima vez que tenga una oportunidad como esta\u00bb, afirm\u00f3.<\/p>\n<\/div>\n<div id=\"element-body-13\" readability=\"61\">\n<p>Y complet\u00f3: \u00ab<strong>Creo que cuando est\u00e1s en el auto realmente no sent\u00eds la diferencia entre uno y otro, pero estuvo bueno pelear con ellos<\/strong>. Eso es lo que quer\u00eda decir: poder pelear rueda a rueda con los autos y los equipos de punta es algo que realmente no podemos hacer. Y por eso dejar pasar una oportunidad como esta es muy doloroso\u00bb. <\/p>\n<\/div>\n","protected":false},"excerpt":{"rendered":"<p>Franco Colapinto no pudo contener la frustraci\u00f3n. La mostr\u00f3 en forma de llanto, de l\u00e1grimas que rodaron por su mejilla apenas le preguntaron por su performance en el Gran Premio de Italia de la F\u00f3rmula 1. El piloto argentino sinti\u00f3 que era una \u00abgran oportunidad\u00bb para poder pelear por un hist\u00f3rico podio y ni siquiera [&hellip;]<\/p>\n","protected":false},"author":1,"featured_media":197977,"comment_status":"closed","ping_status":"closed","sticky":false,"template":"","format":"standard","meta":[],"categories":[20],"tags":[],"_links":{"self":[{"href":"http:\/\/cordobainforma.info\/index.php\/wp-json\/wp\/v2\/posts\/197976"}],"collection":[{"href":"http:\/\/cordobainforma.info\/index.php\/wp-json\/wp\/v2\/posts"}],"about":[{"href":"http:\/\/cordobainforma.info\/index.php\/wp-json\/wp\/v2\/types\/post"}],"author":[{"embeddable":true,"href":"http:\/\/cordobainforma.info\/index.php\/wp-json\/wp\/v2\/users\/1"}],"replies":[{"embeddable":true,"href":"http:\/\/cordobainforma.info\/index.php\/wp-json\/wp\/v2\/comments?post=197976"}],"version-history":[{"count":0,"href":"http:\/\/cordobainforma.info\/index.php\/wp-json\/wp\/v2\/posts\/197976\/revisions"}],"wp:featuredmedia":[{"embeddable":true,"href":"http:\/\/cordobainforma.info\/index.php\/wp-json\/wp\/v2\/media\/197977"}],"wp:attachment":[{"href":"http:\/\/cordobainforma.info\/index.php\/wp-json\/wp\/v2\/media?parent=197976"}],"wp:term":[{"taxonomy":"category","embeddable":true,"href":"http:\/\/cordobainforma.info\/index.php\/wp-json\/wp\/v2\/categories?post=197976"},{"taxonomy":"post_tag","embeddable":true,"href":"http:\/\/cordobainforma.info\/index.php\/wp-json\/wp\/v2\/tags?post=197976"}],"curies":[{"name":"wp","href":"https:\/\/api.w.org\/{rel}","templated":true}]}}