{"id":197968,"date":"2026-09-06T02:00:33","date_gmt":"2026-09-06T02:00:33","guid":{"rendered":"https:\/\/somoscordobeses.com\/2026\/09\/05\/rally-san-francisco-onboard-federico-villagra\/"},"modified":"2026-09-06T02:00:33","modified_gmt":"2026-09-06T02:00:33","slug":"rally-de-san-francisco-el-onboard-de-federico-villagra-muestra-la-exigencia-del-tramo","status":"publish","type":"post","link":"http:\/\/cordobainforma.info\/index.php\/2026\/09\/06\/rally-de-san-francisco-el-onboard-de-federico-villagra-muestra-la-exigencia-del-tramo\/","title":{"rendered":"Rally de San Francisco: el onboard de Federico Villagra muestra la exigencia del tramo"},"content":{"rendered":"<div><img src=\"http:\/\/cordobainforma.info\/wp-content\/uploads\/2026\/09\/rally-de-san-francisco-el-onboard-de-federico-villagra-muestra-la-exigencia-del-tramo.jpg\" class=\"ff-og-image-inserted\"><\/div>\n<div class=\"tdb-block-inner td-fix-index\" readability=\"40\">\n<p><strong>El piloto cordob\u00e9s Federico Villagra, junto a su navegante Diego Curletto, comparti\u00f3 un video desde el habit\u00e1culo de su Skoda Fabia RS Rally2 durante una de las especiales del Rally de San Francisco, competencia que lidera en la categor\u00eda RC2.<\/strong><\/p>\n<p>El Rally de San Francisco, que se disputa este fin de semana en la provincia de C\u00f3rdoba, tambi\u00e9n se vive desde el interior de los autos. En esta ocasi\u00f3n, el piloto Federico Villagra, acompa\u00f1ado por Diego Curletto, difundi\u00f3 un video en primera persona que muestra el desarrollo de uno de los tramos de la competencia.<\/p>\n<p>Las im\u00e1genes, registradas a bordo del Skoda Fabia RS Rally2, permiten observar la precisi\u00f3n del piloto cordob\u00e9s al enfrentar un recorrido que presenta curvas, cambios de ritmo y variaciones en las condiciones del piso. Cada sector del tramo demanda concentraci\u00f3n y destreza por parte de la dupla.<\/p>\n<p>Villagra finaliz\u00f3 la jornada del s\u00e1bado al frente de la clasificaci\u00f3n general de la RC2, por lo que llegar\u00e1 a la \u00faltima etapa del domingo como uno de los principales contendientes por la victoria. La definici\u00f3n del Rally de San Francisco queda abierta, y cada tramo restante ser\u00e1 decisivo en la lucha contra el cron\u00f3metro.<\/p>\n<p>El video compartido por el equipo ofrece una perspectiva directa de c\u00f3mo se vive una especial desde el habit\u00e1culo de uno de los referentes del Rally Argentino.<\/p>\n<\/div>\n","protected":false},"excerpt":{"rendered":"<p>El piloto cordob\u00e9s Federico Villagra, junto a su navegante Diego Curletto, comparti\u00f3 un video desde el habit\u00e1culo de su Skoda Fabia RS Rally2 durante una de las especiales del Rally de San Francisco, competencia que lidera en la categor\u00eda RC2. El Rally de San Francisco, que se disputa este fin de semana en la provincia [&hellip;]<\/p>\n","protected":false},"author":1,"featured_media":197969,"comment_status":"closed","ping_status":"closed","sticky":false,"template":"","format":"standard","meta":[],"categories":[2],"tags":[],"_links":{"self":[{"href":"http:\/\/cordobainforma.info\/index.php\/wp-json\/wp\/v2\/posts\/197968"}],"collection":[{"href":"http:\/\/cordobainforma.info\/index.php\/wp-json\/wp\/v2\/posts"}],"about":[{"href":"http:\/\/cordobainforma.info\/index.php\/wp-json\/wp\/v2\/types\/post"}],"author":[{"embeddable":true,"href":"http:\/\/cordobainforma.info\/index.php\/wp-json\/wp\/v2\/users\/1"}],"replies":[{"embeddable":true,"href":"http:\/\/cordobainforma.info\/index.php\/wp-json\/wp\/v2\/comments?post=197968"}],"version-history":[{"count":0,"href":"http:\/\/cordobainforma.info\/index.php\/wp-json\/wp\/v2\/posts\/197968\/revisions"}],"wp:featuredmedia":[{"embeddable":true,"href":"http:\/\/cordobainforma.info\/index.php\/wp-json\/wp\/v2\/media\/197969"}],"wp:attachment":[{"href":"http:\/\/cordobainforma.info\/index.php\/wp-json\/wp\/v2\/media?parent=197968"}],"wp:term":[{"taxonomy":"category","embeddable":true,"href":"http:\/\/cordobainforma.info\/index.php\/wp-json\/wp\/v2\/categories?post=197968"},{"taxonomy":"post_tag","embeddable":true,"href":"http:\/\/cordobainforma.info\/index.php\/wp-json\/wp\/v2\/tags?post=197968"}],"curies":[{"name":"wp","href":"https:\/\/api.w.org\/{rel}","templated":true}]}}