{"id":197952,"date":"2026-09-05T18:27:37","date_gmt":"2026-09-05T18:27:37","guid":{"rendered":"https:\/\/www.escribiendocine.com\/noticias\/2026\/09\/05\/24872-banff-mountain-film-festival-2026-llega-a-buenos-aires-fechas-programacion-y-entradas"},"modified":"2026-09-05T18:27:37","modified_gmt":"2026-09-05T18:27:37","slug":"banff-mountain-film-festival-2026-llega-a-buenos-aires-fechas-programacion-y-entradas","status":"publish","type":"post","link":"http:\/\/cordobainforma.info\/index.php\/2026\/09\/05\/banff-mountain-film-festival-2026-llega-a-buenos-aires-fechas-programacion-y-entradas\/","title":{"rendered":"Banff Mountain Film Festival 2026 llega a Buenos Aires: fechas, programaci\u00f3n y entradas"},"content":{"rendered":"<div class=\"media_block\"><\/div>\n<div><img src=\"http:\/\/cordobainforma.info\/wp-content\/uploads\/2026\/09\/banff-mountain-film-festival-2026-llega-a-buenos-aires-fechas-programacion-y-entradas.jpg\" class=\"ff-og-image-inserted\"><\/div>\n<div readability=\"23.790697674419\">\n<div class=\"col-xs-12 col-sm-6 col-md-12 col-lg-3 no-padding col-der\" readability=\"7\">\n<p> <span class=\"fecha\">s\u00e1bado 05 de septiembre de 2026 <\/span> <\/p>\n<\/p><\/div><\/div>\n<div readability=\"108.160511115\">\n<p class=\"PDq2pG_selectionAnchorContainer\">El <a href=\"https:\/\/www.banffargentina.com.ar\/\" target=\"_blank\" rel=\"noopener noreferrer\"><strong>Banff Mountain Film Festival World Tour 2026<\/strong><\/a> llegar\u00e1 a la Ciudad de Buenos Aires con tres jornadas dedicadas a las historias de monta\u00f1a, la naturaleza y los deportes extremos. Las funciones se realizar\u00e1n los d\u00edas <strong>15, 16 y 17 de septiembre, a las 20, en el Teatro Coliseo<\/strong>, ubicado en Marcelo T. de Alvear 1125.<\/p>\n<p>La primera parte del encuentro estar\u00e1 destinada a una selecci\u00f3n de doce cortometrajes y documentales internacionales. La tercera noche tendr\u00e1 como protagonista al <strong>Festival Nacional de Cine de Aventura (FNCA)<\/strong>, cuya programaci\u00f3n re\u00fane seis producciones argentinas seleccionadas mediante una convocatoria federal.<\/p>\n<p>La gira ya pas\u00f3 por San Mart\u00edn de los Andes, Bariloche, Neuqu\u00e9n y Mendoza. Despu\u00e9s de su escala porte\u00f1a continuar\u00e1 por Villa La Angostura, Salta, Ushuaia y El Calafate.<\/p>\n<h2>La programaci\u00f3n del Banff Mountain Film Festival 2026<\/h2>\n<p>Durante las dos primeras noches se proyectar\u00e1n pel\u00edculas procedentes de Canad\u00e1, Estados Unidos y Francia, entre otros pa\u00edses. La selecci\u00f3n aborda distintas experiencias vinculadas con el monta\u00f1ismo, la escalada y el trail running.<\/p>\n<p>Entre los t\u00edtulos se encuentra <strong>The Finisher: Jasmin Paris and the Barkley Marathons<\/strong>, documental que sigue a la corredora Jasmin Paris en su intento por convertirse en la primera mujer en completar la Barkley Marathons, una competencia de ultradistancia que se disputa en Tennessee, Estados Unidos.<\/p>\n<p>La programaci\u00f3n tambi\u00e9n incluye <strong>Riders on the Storm<\/strong>, centrada en cuatro escaladores que lograron completar en escalada libre una ruta de la Patagonia despu\u00e9s de m\u00e1s de tres d\u00e9cadas de intentos por parte de diferentes expediciones.<\/p>\n<p>Creado en 1976 en la localidad canadiense de Banff, el festival desarrolla actualmente su gira internacional en m\u00e1s de 40 pa\u00edses. En la Argentina acumula 26 ediciones consecutivas y fue declarado de Inter\u00e9s Cultural en la Ciudad de Buenos Aires.<\/p>\n<h2>Una noche dedicada al cine argentino de aventura<\/h2>\n<p>El 17 de septiembre se realizar\u00e1 el <strong>Festival Nacional de Cine de Aventura<\/strong>, con seis cortometrajes documentales in\u00e9ditos realizados en el pa\u00eds. La propuesta busca ampliar la circulaci\u00f3n de pel\u00edculas que trabajan sobre la cultura de monta\u00f1a, los deportes extremos y la relaci\u00f3n entre las personas y el territorio.<\/p>\n<p>Uno de los t\u00edtulos seleccionados es <strong>Plan Barkley<\/strong>, dirigido por Agust\u00edn Miranda Carreras. La pel\u00edcula acompa\u00f1a al corredor argentino Tano Isola durante su preparaci\u00f3n para participar de la Barkley Marathons.<\/p>\n<p>Tambi\u00e9n se proyectar\u00e1 <strong>El Pintor del Bosque<\/strong>, de Nico Mu\u00f1oz. El documental retrata a Iv\u00e1n Moricz Karl, un pintor autodidacta de 80 a\u00f1os que vive en una caba\u00f1a del Parque Nacional Lan\u00edn y construye su obra a partir de la observaci\u00f3n del entorno.<\/p>\n<h2>Charlas gratuitas en la Semana de la Aventura<\/h2>\n<p>Como actividad complementaria, el Teatro Coliseo ser\u00e1 sede de la <strong>Semana de la Aventura<\/strong>, un ciclo de conversaciones con entrada gratuita y registro previo.<\/p>\n<p>El cronograma comenzar\u00e1 el martes 15 de septiembre a las 18 con la charla \u201cExperiencias. Eleg\u00ed tu propia aventura\u201d. Participar\u00e1n integrantes de Destino Naturaleza, quienes relatar\u00e1n una expedici\u00f3n en kayak por el Ba\u00f1ado La Estrella, y el fot\u00f3grafo Gustavo Cherro, que abordar\u00e1 su trabajo en los Esteros del Iber\u00e1.<\/p>\n<p>El mi\u00e9rcoles 16, tambi\u00e9n a las 18, Virginia Elizalde presentar\u00e1 \u201cEl poder de animarse\u201d, una conversaci\u00f3n sobre su recorrido por las carreras de aventura y los deportes extremos.<\/p>\n<p>El jueves 17 ser\u00e1 el turno de Tano Isola. El atleta y entrenador ofrecer\u00e1 la charla \u201cLo que nos mueve\u201d, centrada en el trail running, el monta\u00f1ismo y las tareas de rescate.<\/p>\n<h2>Entradas para el Banff Mountain Film Festival en Buenos Aires<\/h2>\n<p>Las entradas se encuentran disponibles en la boleter\u00eda del Teatro Coliseo y mediante Ticketek. El precio de cada jornada es de <strong>$28.000<\/strong>, mientras que el abono para las tres noches cuesta <strong>$75.000<\/strong>.<\/p>\n<p>Para las charlas de la Semana de la Aventura, el ingreso es gratuito, aunque requiere inscripci\u00f3n previa en el sitio oficial del festival.<\/p>\n<p>Tras su paso por Buenos Aires, la gira argentina continuar\u00e1 el 24 y 25 de septiembre en el Centro de Convenciones de Villa La Angostura. Luego llegar\u00e1 a Salta el 7 y 8 de noviembre, mientras que las fechas correspondientes a Ushuaia y El Calafate todav\u00eda no fueron confirmadas.<\/p>\n<h2 class=\"PDq2pG_selectionAnchorContainer\">Primera noche<\/h2>\n<ol>\n<li><strong>Cold Calls<\/strong> \u2014 Canad\u00e1 \u2014 Direcci\u00f3n: Alexi Godbout.<\/li>\n<li><strong>The Finisher: Jasmin Paris and the Barkley Marathons<\/strong> \u2014 Estados Unidos \u2014 Direcci\u00f3n: Julia Marie Campanelli y Drew Darby.<\/li>\n<li><strong>Flow Vision<\/strong> \u2014 Francia \u2014 Direcci\u00f3n: Ambroise Trauet.<\/li>\n<li><strong>Best Day Ever<\/strong> \u2014 Estados Unidos \u2014 Direcci\u00f3n: Ben Knight y Berne Broudy.<\/li>\n<li><strong>That One Friend<\/strong> \u2014 Estados Unidos \u2014 Direcci\u00f3n: Sara Beam Robbins y Grant Robbins.<\/li>\n<\/ol>\n<h2>Segunda noche<\/h2>\n<ol>\n<li><strong>Carving Lines<\/strong> \u2014 Estados Unidos \u2014 Direcci\u00f3n: Dmitry Surnin.<\/li>\n<li><strong>Mandala<\/strong> \u2014 Francia \u2014 Direcci\u00f3n: Kilian Bron, Pierre Henni y Valentin Birant.<\/li>\n<li><strong>Kai Jones\u2019 Falling Into Place<\/strong> \u2014 Estados Unidos \u2014 Direcci\u00f3n: Todd Jones.<\/li>\n<li><strong>Becky Bates, Not a Running Story<\/strong> \u2014 Canad\u00e1 \u2014 Direcci\u00f3n: Scot Proudfoot.<\/li>\n<li><strong>Cold Calls \u2013 Japan<\/strong> \u2014 Canad\u00e1 \u2014 Direcci\u00f3n: Alexi Godbout.<\/li>\n<li><strong>My Grandmother\u2019s Sketchbook: Under Mont Blanc<\/strong> \u2014 Estados Unidos \u2014 Direcci\u00f3n: Max Romey.<\/li>\n<li><strong>Reel Rock: Riders on the Storm<\/strong> \u2014 Estados Unidos \u2014 Direcci\u00f3n: Josh Lowell.<\/li>\n<\/ol>\n<h2 class=\"PDq2pG_selectionAnchorContainer\">Tercera noche: Festival Nacional de Cine de Aventura<\/h2>\n<ol>\n<li><strong>Donde lo lleve el viento<\/strong> \u2014 Argentina \u2014 Direcci\u00f3n: Joel Reyero.<\/li>\n<li><strong>De mar a mar<\/strong> \u2014 Argentina \u2014 Direcci\u00f3n: Maximiliano P\u00e9rez de Villa.<\/li>\n<li><strong>Plan Barkley<\/strong> \u2014 Argentina \u2014 Direcci\u00f3n: Agust\u00edn Miranda Carrera.<\/li>\n<li><strong>Waly, una traves\u00eda escrita entre mareas<\/strong> \u2014 Argentina \u2014 Direcci\u00f3n: Esteban Llaurad\u00f3.<\/li>\n<li><strong>El pintor en el bosque<\/strong> \u2014 Argentina \u2014 Direcci\u00f3n: Nico Mu\u00f1oz.<\/li>\n<li><strong>Construyendo Apolo XIII<\/strong> \u2014 Argentina \u2014 Direcci\u00f3n: Bianca Fidani y Julia Cassou.<\/li>\n<\/ol><\/div>\n","protected":false},"excerpt":{"rendered":"<p>s\u00e1bado 05 de septiembre de 2026 El Banff Mountain Film Festival World Tour 2026 llegar\u00e1 a la Ciudad de Buenos Aires con tres jornadas dedicadas a las historias de monta\u00f1a, la naturaleza y los deportes extremos. Las funciones se realizar\u00e1n los d\u00edas 15, 16 y 17 de septiembre, a las 20, en el Teatro Coliseo, [&hellip;]<\/p>\n","protected":false},"author":1,"featured_media":197953,"comment_status":"open","ping_status":"closed","sticky":false,"template":"","format":"standard","meta":[],"categories":[21],"tags":[],"_links":{"self":[{"href":"http:\/\/cordobainforma.info\/index.php\/wp-json\/wp\/v2\/posts\/197952"}],"collection":[{"href":"http:\/\/cordobainforma.info\/index.php\/wp-json\/wp\/v2\/posts"}],"about":[{"href":"http:\/\/cordobainforma.info\/index.php\/wp-json\/wp\/v2\/types\/post"}],"author":[{"embeddable":true,"href":"http:\/\/cordobainforma.info\/index.php\/wp-json\/wp\/v2\/users\/1"}],"replies":[{"embeddable":true,"href":"http:\/\/cordobainforma.info\/index.php\/wp-json\/wp\/v2\/comments?post=197952"}],"version-history":[{"count":0,"href":"http:\/\/cordobainforma.info\/index.php\/wp-json\/wp\/v2\/posts\/197952\/revisions"}],"wp:featuredmedia":[{"embeddable":true,"href":"http:\/\/cordobainforma.info\/index.php\/wp-json\/wp\/v2\/media\/197953"}],"wp:attachment":[{"href":"http:\/\/cordobainforma.info\/index.php\/wp-json\/wp\/v2\/media?parent=197952"}],"wp:term":[{"taxonomy":"category","embeddable":true,"href":"http:\/\/cordobainforma.info\/index.php\/wp-json\/wp\/v2\/categories?post=197952"},{"taxonomy":"post_tag","embeddable":true,"href":"http:\/\/cordobainforma.info\/index.php\/wp-json\/wp\/v2\/tags?post=197952"}],"curies":[{"name":"wp","href":"https:\/\/api.w.org\/{rel}","templated":true}]}}