{"id":197948,"date":"2026-09-05T20:57:18","date_gmt":"2026-09-05T20:57:18","guid":{"rendered":"http:\/\/cordobainforma.info\/index.php\/2026\/09\/05\/importante-visita-de-pacificacion-dmitriev-sobre-el-viaje-a-moscu-de-los-enviados-de-trump\/"},"modified":"2026-09-05T20:57:18","modified_gmt":"2026-09-05T20:57:18","slug":"importante-visita-de-pacificacion-dmitriev-sobre-el-viaje-a-moscu-de-los-enviados-de-trump","status":"publish","type":"post","link":"http:\/\/cordobainforma.info\/index.php\/2026\/09\/05\/importante-visita-de-pacificacion-dmitriev-sobre-el-viaje-a-moscu-de-los-enviados-de-trump\/","title":{"rendered":"\u00abImportante visita de pacificaci\u00f3n\u00bb: Dmitriev sobre el viaje a Mosc\u00fa de los enviados de Trump"},"content":{"rendered":"<p><img src=\"http:\/\/cordobainforma.info\/wp-content\/uploads\/2026\/09\/importante-visita-de-pacificacion-dmitriev-sobre-el-viaje-a-moscu-de-los-enviados-de-trump.jpg\"><\/p>\n<div><img src=\"http:\/\/cordobainforma.info\/wp-content\/uploads\/2026\/09\/importante-visita-de-pacificacion-dmitriev-sobre-el-viaje-a-moscu-de-los-enviados-de-trump-2.jpg\" class=\"ff-og-image-inserted\"><\/div>\n<div class=\"Text-root Text-type_5 ArticleView-text ViewText-root \">\n<p>El enviado especial de la Presidencia rusa, Kiril Dm\u00edtriev, calific\u00f3 la llegada de Steve Witkoff y Jared Kushner a Rusia como una \u00abimportante visita de pacificaci\u00f3n\u00bb en una publicaci\u00f3n en X.<\/p>\n<p>El &#8216;post&#8217; fue acompa\u00f1ado de dos im\u00e1genes desde el aeropuerto de Vn\u00fakovo, adonde Dm\u00edtriev escolt\u00f3 a los enviados estadounidenses tras la reuni\u00f3n, la cual se prolong\u00f3 m\u00e1s de tres horas. Est\u00e1 previsto que la comitiva se desplace posteriormente a Kiev.<\/p>\n<ul>\n<li>Este s\u00e1bado, los enviados especiales de la Casa Blanca, Steve Witkoff y Jared Kushner, llegaron a Mosc\u00fa&nbsp;<a href=\"https:\/\/actualidad-rt.com\/actualidad\/626066-video-putin-reune-enviados-trump\">para reunirse en el Kremlin con el presidente ruso, Vlad\u00edmir Putin<\/a>, con el objetivo de&nbsp;<strong>discutir una posible soluci\u00f3n al conflicto ucraniano<\/strong>.<\/li>\n<li>Al inicio del&nbsp;<a href=\"https:\/\/esrt.space\/actualidad\/626130-finaliza-reunion-putin-witkoff-kushner\">encuentro, que dur\u00f3 m\u00e1s de tres horas<\/a>, Putin transmiti\u00f3 palabras de agradecimiento y sus mejores deseos a su par estadounidense Donald Trump, al tiempo que&nbsp;<strong>valor\u00f3 sus esfuerzos por encontrar una salida a la crisis<\/strong>. Por su parte, los enviados&nbsp;<a href=\"https:\/\/actualidad-rt.com\/actualidad\/626124-witkoff-putin-trump-le-envia\">hicieron llegar al mandatario ruso los \u00abmejores deseos\u00bb<\/a>&nbsp;del presidente de EE.UU.<\/li>\n<li>Los enviados, que posteriormente viajar\u00e1n a Kiev,&nbsp;<strong>recibieron el respaldo de Putin<\/strong>, quien destac\u00f3 que el nivel de confianza hacia ellos es \u00abbastante alto\u00bb y que se abordar\u00e1n \u00abtodos los aspectos\u00bb del conflicto para lograr una \u00abpaz larga y absoluta\u00bb. Adem\u00e1s, Witkoff afirm\u00f3 que Putin&nbsp;<a href=\"https:\/\/actualidad-rt.com\/actualidad\/626126-enviado-trump-recuerdo-putin-alto-memoria-jubilacion\">estar\u00e1&nbsp;\u00aben lo m\u00e1s alto\u00bb&nbsp;de sus \u00abincre\u00edbles historias y recuerdos\u00bb<\/a>&nbsp;cuando se jubile.<\/li>\n<\/ul>\n<\/div>\n","protected":false},"excerpt":{"rendered":"<p>El enviado especial de la Presidencia rusa, Kiril Dm\u00edtriev, calific\u00f3 la llegada de Steve Witkoff y Jared Kushner a Rusia como una \u00abimportante visita de pacificaci\u00f3n\u00bb en una publicaci\u00f3n en X. El &#8216;post&#8217; fue acompa\u00f1ado de dos im\u00e1genes desde el aeropuerto de Vn\u00fakovo, adonde Dm\u00edtriev escolt\u00f3 a los enviados estadounidenses tras la reuni\u00f3n, la cual [&hellip;]<\/p>\n","protected":false},"author":1,"featured_media":197949,"comment_status":"closed","ping_status":"closed","sticky":false,"template":"","format":"standard","meta":[],"categories":[22],"tags":[],"_links":{"self":[{"href":"http:\/\/cordobainforma.info\/index.php\/wp-json\/wp\/v2\/posts\/197948"}],"collection":[{"href":"http:\/\/cordobainforma.info\/index.php\/wp-json\/wp\/v2\/posts"}],"about":[{"href":"http:\/\/cordobainforma.info\/index.php\/wp-json\/wp\/v2\/types\/post"}],"author":[{"embeddable":true,"href":"http:\/\/cordobainforma.info\/index.php\/wp-json\/wp\/v2\/users\/1"}],"replies":[{"embeddable":true,"href":"http:\/\/cordobainforma.info\/index.php\/wp-json\/wp\/v2\/comments?post=197948"}],"version-history":[{"count":0,"href":"http:\/\/cordobainforma.info\/index.php\/wp-json\/wp\/v2\/posts\/197948\/revisions"}],"wp:featuredmedia":[{"embeddable":true,"href":"http:\/\/cordobainforma.info\/index.php\/wp-json\/wp\/v2\/media\/197949"}],"wp:attachment":[{"href":"http:\/\/cordobainforma.info\/index.php\/wp-json\/wp\/v2\/media?parent=197948"}],"wp:term":[{"taxonomy":"category","embeddable":true,"href":"http:\/\/cordobainforma.info\/index.php\/wp-json\/wp\/v2\/categories?post=197948"},{"taxonomy":"post_tag","embeddable":true,"href":"http:\/\/cordobainforma.info\/index.php\/wp-json\/wp\/v2\/tags?post=197948"}],"curies":[{"name":"wp","href":"https:\/\/api.w.org\/{rel}","templated":true}]}}