{"id":197946,"date":"2026-09-05T18:00:03","date_gmt":"2026-09-05T18:00:03","guid":{"rendered":"https:\/\/www.mujerhoy.com\/vivir\/ocio\/cinco-planes-vendimia-rioja-ribera-duero-priorat-toledo-matarrana-20260905120728-nt.html"},"modified":"2026-09-05T18:00:03","modified_gmt":"2026-09-05T18:00:03","slug":"cinco-planes-para-disfrutar-de-la-vendimia-el-dionisiaco-momento-de-recoger-la-uva-probar-el-mosto-y-degustar-el-vino","status":"publish","type":"post","link":"http:\/\/cordobainforma.info\/index.php\/2026\/09\/05\/cinco-planes-para-disfrutar-de-la-vendimia-el-dionisiaco-momento-de-recoger-la-uva-probar-el-mosto-y-degustar-el-vino\/","title":{"rendered":"Cinco planes para disfrutar de la vendimia: el dionis\u00edaco momento de recoger la uva, probar el mosto y degustar el vino"},"content":{"rendered":"<div class=\"media_block\"><\/div>\n<p><!-- AUTHOR --><\/p>\n<div class=\"voc-author-timesocial \">\n<!-- AUTHOR --><\/p>\n<div class=\"voc-author-timesocial__signature \">\n<!-- IMAGE AUTHOR -->\n<picture class=\"voc-image-signature\">\n<img class=\"voc-image-signature__img\" src=\"http:\/\/cordobainforma.info\/wp-content\/uploads\/2026\/09\/cinco-planes-para-disfrutar-de-la-vendimia-el-dionisiaco-momento-de-recoger-la-uva-probar-el-mosto-y-degustar-el-vino.jpg\" alt=\"\u00c1ngeles Castillo\">\n<\/picture>\n<!-- INFO AUTHOR --> <\/div><\/div>\n<p> <!-- COMPONENTS --><\/p>\n<p class=\"voc-paragraph\">\u00abEl vino alegra el coraz\u00f3n del hombre\u00bb. Lo dice la Biblia, en los Salmos. Se entiende como <strong>un regalo de los dioses<\/strong> para celebrar la vida. Se puede recurrir a Dionisos, <a href=\"https:\/\/www.mujerhoy.com\/vivir\/ocio\/rueda-pueblo-bonito-valladolid-ruta-vino-escapadas-cercanas-primavera-20260410110524-nt.html\" target=\"_blank\" data-voc-vtm-id=\"in-text-traffic\" data-mrf-link=\"www.mujerhoy.com\" rel=\"noopener noreferrer\">el dios griego del vino<\/a>, la fertilidad, el teatro y el \u00e9xtasis, para hablar del fruto de la vid y sus misterios. Por ejemplo, ahora, que es <strong>\u00e9poca de vendimia<\/strong> y todo se vuelve dionis\u00edaco, sin entender por dionis\u00edaco desenfreno, simplemente placer y unos buenos tragos de epicure\u00edsmo.<\/p>\n<p class=\"voc-paragraph\">Las <strong>bodegas<\/strong> viven este momento como la gran fiesta. Es la fecha marcada en rojo en el calendario. La hora de la verdad. Cuando todo el trabajo del a\u00f1o en el vi\u00f1edo se transforma en el apreciado n\u00e9ctar. Solo que esta vez la bebida no est\u00e1 reservada a los habitantes del Olimpo, como en la mitolog\u00eda, sino al com\u00fan de los mortales, que podemos disfrutar del proceso gracias a las distintas <a href=\"https:\/\/www.mujerhoy.com\/vivir\/ocio\/enoturismo-galicia-bodega-ribeiro-finca-alojamiento-20250816152903-nt.html\" target=\"_blank\" data-voc-vtm-id=\"in-text-traffic\" data-mrf-link=\"www.mujerhoy.com\" rel=\"noopener noreferrer\">experiencias de enoturismo.<\/a><\/p>\n<div class=\"v-c-cmp v-c-cmp--t1 \">\n<div class=\"v-cmp-rld v-cmp-rld--2 \">\n<div class=\"v-cnt-m v-cnt-m--m\">\n<div class=\"v-cnt-m__c\">\n<div class=\"v-cnt-m__w v-cnt-m__w--1\">\n<p class=\"v-cnt-m__t\">\nTAMBI\u00c9N TE INTERESA\n<\/p>\n<\/div>\n<\/div>\n<\/div>\n<div class=\"v-g v-g--2-c v-g--bdr-min-xs\">\n<div class=\"v-g__c \">\n<article class=\"v-a v-a--cmp-rld v-a--cmp-rld-2 v-a--p-l\">\n<div class=\"v-a-img-c\">\n<figure class=\"v-a-fig\">\n<a href=\"https:\/\/www.mujerhoy.com\/vivir\/ocio\/malpartida-caceres-museo-vostell-malpartida-esculturas-yoko-ono-20260830003839-nt.html#vtm_modulosEngag=mod-rel:vivir:noticia:1:cmp:2-not\" class=\"v-a-link\" title=\"El pueblo de C\u00e1ceres que alberga un incre\u00edble museo con esculturas de Yoko Ono: lo cre\u00f3 un artista alem\u00e1n amigo de Dal\u00ed\"><br \/>\n<img loading=\"lazy\" class=\"v-a-img\" src=\"http:\/\/cordobainforma.info\/wp-content\/uploads\/2026\/09\/cinco-planes-para-disfrutar-de-la-vendimia-el-dionisiaco-momento-de-recoger-la-uva-probar-el-mosto-y-degustar-el-vino-1.jpg\" alt=\"El pueblo de C\u00e1ceres que alberga un incre\u00edble museo con esculturas de Yoko Ono: lo cre\u00f3 un artista alem\u00e1n amigo de Dal\u00ed\"><br \/>\n<\/a><br \/>\n<\/figure>\n<\/div>\n<\/article>\n<\/div>\n<div class=\"v-g__c \">\n<article class=\"v-a v-a--cmp-rld v-a--cmp-rld-2 v-a--p-l\">\n<div class=\"v-a-img-c\">\n<figure class=\"v-a-fig\">\n<a href=\"https:\/\/www.mujerhoy.com\/vivir\/ocio\/herend-ciudad-hungria-fabrica-porcelana-reina-victoria-guillermo-kate-20260829181202-nt.html#vtm_modulosEngag=mod-rel:vivir:noticia:2:cmp:2-not\" class=\"v-a-link\" title=\"En esta bella ciudad de Hungr\u00eda est\u00e1 la f\u00e1brica de porcelana que cautiv\u00f3 a la reina Victoria: Guillermo y Kate tienen su propia vajilla\"><br \/>\n<img loading=\"lazy\" class=\"v-a-img\" src=\"http:\/\/cordobainforma.info\/wp-content\/uploads\/2026\/09\/cinco-planes-para-disfrutar-de-la-vendimia-el-dionisiaco-momento-de-recoger-la-uva-probar-el-mosto-y-degustar-el-vino-2.jpg\" alt=\"En esta bella ciudad de Hungr\u00eda est\u00e1 la f\u00e1brica de porcelana que cautiv\u00f3 a la reina Victoria: Guillermo y Kate tienen su propia vajilla\"><br \/>\n<\/a><br \/>\n<\/figure>\n<\/div>\n<\/article>\n<\/div>\n<\/div>\n<\/div>\n<\/div>\n<p class=\"voc-paragraph\"> Estas son <strong>cinco propuestas<\/strong> para vivir con los cinco sentidos la vendimia. Desde Toledo hasta la comarca turolense del Matarra\u00f1a, pasando por territorios m\u00edticos como la Rioja, <a href=\"https:\/\/www.mujerhoy.com\/vivir\/ocio\/penafiel-pueblo-bonito-valladolid-ribera-duero-vino-plaza-castillo-20250917211201-nt.html\" target=\"_blank\" data-voc-vtm-id=\"in-text-traffic\" data-mrf-link=\"www.mujerhoy.com\" rel=\"noopener noreferrer\">la Ribera del Duero<\/a> y el Priorat.<\/p>\n<p><h3 class=\"v-cmp-suh\">\nBodegas Mart\u00fae, en La Guardia de Toledo<br \/>\n<\/h3>\n<\/p>\n<p class=\"voc-paragraph\"><strong>Bodegas Mart\u00fae<\/strong>, que naci\u00f3 de la mano de Fausto Gonz\u00e1lez, lleva 25 a\u00f1os elaborando sus vinos. Desde 2009 es <strong>Pago Campo de La Guardia<\/strong>, una de las 19 fincas de Espa\u00f1a que tienen esta exquisita calificaci\u00f3n. Est\u00e1 en La Guardia, localidad conocida como el Balc\u00f3n o la Puerta de La Mancha, ubicada en un cerro y asomada a las infinitas planicies de la Mesa de Oca\u00f1a. En su castillo, del que solo quedan restos, <a href=\"https:\/\/www.mujerhoy.com\/vivir\/ocio\/santa-gadea-cid-pueblo-medieval-burgos-desconocido-leyenda-cid-campeador-20260329140121-nt.html\" target=\"_blank\" data-voc-vtm-id=\"in-text-traffic\" data-mrf-link=\"www.mujerhoy.com\" rel=\"noopener noreferrer\">se refugi\u00f3 el Cid Campeador<\/a>. S\u00ed est\u00e1 en pie y se impone en el conjunto la iglesia de Nuestra Se\u00f1ora de la Asunci\u00f3n, con magn\u00edfico retablo, y el palacio de los Jaenes, que acoge el Museo Etnol\u00f3gico.<\/p>\n<div class=\"v-c-cmp v-c-cmp--s\">\n<div class=\"v-cmp-m \">\n<article class=\"v-a v-a--cmp-m v-c-cmp--m-z\">\n<div class=\"v-a-img-c \">\n<div class=\"v-a-fig\">\n<button class=\"v-a-link\" popovertarget=\"photo-852\"><br \/>\n<img loading=\"lazy\" src=\"http:\/\/cordobainforma.info\/wp-content\/uploads\/2026\/09\/cinco-planes-para-disfrutar-de-la-vendimia-el-dionisiaco-momento-de-recoger-la-uva-probar-el-mosto-y-degustar-el-vino-3.jpg\" class=\"v-a-img\" width=\"650\" height=\"650\" alt=\"Bodegas Mart\u00fae, en Toledo, prepara su fiesta de la vendimia.\" data-voc-vtm-id=\"in-text-traffic\"> <\/button><figcaption class=\"v-fc\">\n<span class=\"v-fc__t\"><br \/>\nBodegas Mart\u00fae, en Toledo, prepara su fiesta de la vendimia.<br \/>\n<\/span><br \/>\n<span class=\"v-fc__p\"><br \/>\nCORTES\u00cdA<br \/>\n<\/span><br \/>\n<\/figcaption><\/div>\n<\/div>\n<div id=\"photo-852\" popover class=\"v-mdl v-mdl--fw\">\n<button class=\"v-x\" popovertarget=\"photo-852\" popovertargetaction=\"hide\"><br \/>\n<span class=\"v-i\"><br \/>\n<svg width=\"24\" height=\"23.996\" viewBox=\"0 0 24 23.996\">\n<path data-name=\"Uni\u00f3n 29\" d=\"M12,14.03,2.031,24,0,21.963,9.968,12,0,2.033,2.031,0,12,9.966,21.969,0,24,2.033,14.032,12,24,21.963,21.969,24Z\" \/>\n<\/svg><br \/>\n<\/span><br \/>\n<\/button><\/p>\n<div class=\"v-mdl__c\">\n<div class=\"v-mdl__w\">\n<img loading=\"lazy\" src=\"http:\/\/cordobainforma.info\/wp-content\/uploads\/2026\/09\/cinco-planes-para-disfrutar-de-la-vendimia-el-dionisiaco-momento-de-recoger-la-uva-probar-el-mosto-y-degustar-el-vino-3.jpg\" class=\"v-mdl__img-z\" width=\"650\" height=\"650\" alt>\n<\/div>\n<\/div>\n<\/div>\n<p><span class=\"v-bdp\"><\/span><br \/>\n<\/article>\n<\/div>\n<\/div>\n<p class=\"voc-paragraph\">Mart\u00fae permite vivir la vendimia en primera persona el <strong>s\u00e1bado 12 de septiembre<\/strong>. La jornada para seguir paso a paso la elaboraci\u00f3n del vino comenzar\u00e1 a las 10 h. Los participantes podr\u00e1n vendimiar, descubrir cu\u00e1les son las distintas variedades de uva, catarlas y, como colof\u00f3n, <strong>disfrutar de un p\u00edcnic<\/strong>, acompa\u00f1ado, por supuesto, de un vino. Y con regalo sorpresa. Todo ello en un impresionante paraje natural. <strong>D\u00f3nde:<\/strong> Campo de la Guardia, s\/n. Toledo. <strong>Precio:<\/strong> 70 euros por persona.<\/p>\n<p><h3 class=\"v-cmp-suh\">\nBodegas Montecillo, en la Rioja<br \/>\n<\/h3>\n<\/p>\n<p class=\"voc-paragraph\">Recorrer todas las etapas que comporta la vendimia y viajar hasta los or\u00edgenes del vino tambi\u00e9n puede hacerse en <strong>Bodegas Montecillo<\/strong>, que presume de ser la tercera bodega m\u00e1s antigua de la <strong>DOCa Rioja<\/strong>y hace de su visita guiada tradicional una experiencia inmersiva, mediante un recorrido que va adapt\u00e1ndose al ritmo de la recolecci\u00f3n.<\/p>\n<p class=\"voc-paragraph\">Se trata de descubrir de cerca las distintas fases que atraviesa, desde su nacimiento, una nueva a\u00f1ada. Insisten en que no hay dos jornadas iguales, porque es una experiencia viva y en constante evoluci\u00f3n, al comp\u00e1s de los trabajos del equipo t\u00e9cnico y de campo. Estar\u00e1 abierta mientras dure la vendimia, <strong>septiembre y octubre<\/strong>. Empezar\u00e1 en la bodega para conocer la sala de barricas, el botellero manual y el taller de barricas. <\/p>\n<div class=\"v-c-cmp v-c-cmp--s\">\n<div class=\"v-cmp-m \">\n<article class=\"v-a v-a--cmp-m v-c-cmp--m-z\">\n<div class=\"v-a-img-c \">\n<div class=\"v-a-fig\">\n<button class=\"v-a-link\" popovertarget=\"photo-38\"><br \/>\n<img loading=\"lazy\" src=\"http:\/\/cordobainforma.info\/wp-content\/uploads\/2026\/09\/cinco-planes-para-disfrutar-de-la-vendimia-el-dionisiaco-momento-de-recoger-la-uva-probar-el-mosto-y-degustar-el-vino-4.jpg\" class=\"v-a-img\" width=\"650\" height=\"650\" alt=\"La cata con aperitivo es el broche de oro en Bodegas Montecillo.\" data-voc-vtm-id=\"in-text-traffic\"> <\/button><figcaption class=\"v-fc\">\n<span class=\"v-fc__t\"><br \/>\nLa cata con aperitivo es el broche de oro en Bodegas Montecillo.<br \/>\n<\/span><br \/>\n<span class=\"v-fc__p\"><br \/>\nCORTES\u00cdA<br \/>\n<\/span><br \/>\n<\/figcaption><\/div>\n<\/div>\n<div id=\"photo-38\" popover class=\"v-mdl v-mdl--fw\">\n<button class=\"v-x\" popovertarget=\"photo-38\" popovertargetaction=\"hide\"><br \/>\n<span class=\"v-i\"><br \/>\n<svg width=\"24\" height=\"23.996\" viewBox=\"0 0 24 23.996\">\n<path data-name=\"Uni\u00f3n 29\" d=\"M12,14.03,2.031,24,0,21.963,9.968,12,0,2.033,2.031,0,12,9.966,21.969,0,24,2.033,14.032,12,24,21.963,21.969,24Z\" \/>\n<\/svg><br \/>\n<\/span><br \/>\n<\/button><\/p>\n<div class=\"v-mdl__c\">\n<div class=\"v-mdl__w\">\n<img loading=\"lazy\" src=\"http:\/\/cordobainforma.info\/wp-content\/uploads\/2026\/09\/cinco-planes-para-disfrutar-de-la-vendimia-el-dionisiaco-momento-de-recoger-la-uva-probar-el-mosto-y-degustar-el-vino-4.jpg\" class=\"v-mdl__img-z\" width=\"650\" height=\"650\" alt>\n<\/div>\n<\/div>\n<\/div>\n<p><span class=\"v-bdp\"><\/span><br \/>\n<\/article>\n<\/div>\n<\/div>\n<p class=\"voc-paragraph\">A continuaci\u00f3n, una experiencia audiovisual en la que <strong>Celestino Navajas<\/strong>, su fundador, har\u00e1 un repaso por la historia de dichos espacios. Probar el vino en su origen es lo siguiente, degustando las uvas de racimos reci\u00e9n vendimiados, de tempranillo, mazuelo o graciano, o el mosto extra\u00eddo directamente de los tanques de la bodega, de blanco, rosado o tinto. Como broche de oro, una cata con aperitivo. <strong>D\u00f3nde:<\/strong> Ctra. Fuenmayor km 3. Navarrete (La Rioja). <strong>Precio:<\/strong> 24 euros, de lunes a viernes; 30 euros, s\u00e1bados, domingos y festivos. Menores entre 6 y 17 a\u00f1os, 10 euros.<\/p>\n<p><h3 class=\"v-cmp-suh\">\nTorre del Marqu\u00e9s, en el Matarra\u00f1a<br \/>\n<\/h3>\n<\/p>\n<p class=\"voc-paragraph\">Ser\u00e1 durante los <strong>tres primeros s\u00e1bados de septiembre<\/strong> cuando el hotel <strong>Torres del Marqu\u00e9s<\/strong> abra sus puertas de par en par para dar a conocer el proceso desde dentro, as\u00ed como la relaci\u00f3n entre paisaje, variedades y territorio. Es cuando los vi\u00f1edos de Mas de Llucia alcanzan su punto \u00f3ptimo de maduraci\u00f3n. Arranca la vendimia con una nueva a\u00f1ada en el horizonte. El plan consiste en <strong>un recorrido en 4&#215;4<\/strong> por la citada finca, su vi\u00f1edo ecol\u00f3gico que es parte integrante de la propiedad, para descubrir in situ c\u00f3mo cada enclave influye en la uva. Formar parte de la vendimia es el prop\u00f3sito: tocar la tierra, recoger la uva y ver c\u00f3mo este trabajo est\u00e1 hondamente ligado a los ritmos de la naturaleza.<\/p>\n<div class=\"v-c-cmp v-c-cmp--s\">\n<div class=\"v-cmp-m \">\n<article class=\"v-a v-a--cmp-m v-c-cmp--m-z\">\n<div class=\"v-a-img-c \">\n<div class=\"v-a-fig\">\n<button class=\"v-a-link\" popovertarget=\"photo-863\"><br \/>\n<img loading=\"lazy\" src=\"http:\/\/cordobainforma.info\/wp-content\/uploads\/2026\/09\/cinco-planes-para-disfrutar-de-la-vendimia-el-dionisiaco-momento-de-recoger-la-uva-probar-el-mosto-y-degustar-el-vino-5.jpg\" class=\"v-a-img\" width=\"650\" height=\"650\" alt=\"En Torre del Marqu\u00e9s tambi\u00e9n se puede recoger la uva y seguir el proceso.\" data-voc-vtm-id=\"in-text-traffic\"> <\/button><figcaption class=\"v-fc\">\n<span class=\"v-fc__t\"><br \/>\nEn Torre del Marqu\u00e9s tambi\u00e9n se puede recoger la uva y seguir el proceso.<br \/>\n<\/span><br \/>\n<span class=\"v-fc__p\"><br \/>\nCORTES\u00cdA<br \/>\n<\/span><br \/>\n<\/figcaption><\/div>\n<\/div>\n<div id=\"photo-863\" popover class=\"v-mdl v-mdl--fw\">\n<button class=\"v-x\" popovertarget=\"photo-863\" popovertargetaction=\"hide\"><br \/>\n<span class=\"v-i\"><br \/>\n<svg width=\"24\" height=\"23.996\" viewBox=\"0 0 24 23.996\">\n<path data-name=\"Uni\u00f3n 29\" d=\"M12,14.03,2.031,24,0,21.963,9.968,12,0,2.033,2.031,0,12,9.966,21.969,0,24,2.033,14.032,12,24,21.963,21.969,24Z\" \/>\n<\/svg><br \/>\n<\/span><br \/>\n<\/button><\/p>\n<div class=\"v-mdl__c\">\n<div class=\"v-mdl__w\">\n<img loading=\"lazy\" src=\"http:\/\/cordobainforma.info\/wp-content\/uploads\/2026\/09\/cinco-planes-para-disfrutar-de-la-vendimia-el-dionisiaco-momento-de-recoger-la-uva-probar-el-mosto-y-degustar-el-vino-5.jpg\" class=\"v-mdl__img-z\" width=\"650\" height=\"650\" alt>\n<\/div>\n<\/div>\n<\/div>\n<p><span class=\"v-bdp\"><\/span><br \/>\n<\/article>\n<\/div>\n<\/div>\n<p class=\"voc-paragraph\">No falta la cata en la bodega, de <strong>cuatro vinos ecol\u00f3gicos<\/strong> elaborados en la finca. Ni el men\u00fa degustaci\u00f3n maridado con sus propios vinos. La propuesta se puede alargar con una estancia en este hotel rodeado de vi\u00f1edos y naturaleza mediterr\u00e1nea. Son 200 hect\u00e1reas a disposici\u00f3n del hu\u00e9sped, que puede seguir disfrutando de la gastronom\u00eda en el restaurante La Atalaya del Tastavins. Una torre situada en el este de provincia de Teruel que colinda con una de las joyas naturales de la pen\u00ednsula ib\u00e9rica: el<a href=\"https:\/\/www.mujerhoy.com\/vivir\/ocio\/beceite-pueblo-bonito-teruel-piscinas-naturales-casco-antiguo-escapadas-20260719141613-nt.html\" target=\"_blank\" data-voc-vtm-id=\"in-text-traffic\" data-mrf-link=\"www.mujerhoy.com\" rel=\"noopener noreferrer\"> Parque Natural de los Puertos del Beceite<\/a>. <strong>D\u00f3nde:<\/strong> Paraje Torre del Marqu\u00e9s. Ctra. Fuentespalda a Rafales, km 2,2. Monroyo (Teruel). <strong>Precio:<\/strong> 115 euros.<\/p>\n<p><h3 class=\"v-cmp-suh\">\nFamilia Fern\u00e1ndez Rivera, en la Ribera del Duero<br \/>\n<\/h3>\n<\/p>\n<p class=\"voc-paragraph\">A <strong>orillas del Duero<\/strong> tambi\u00e9n esperan a los amantes del vino con los brazos abiertos para compartir con ellos el proceso completo de su elaboraci\u00f3n y la pasi\u00f3n que sus responsables ponen en cada botella por medio de procesos artesanales. Concretamente, en <strong>Condado de Haza<\/strong>, un ch\u00e2teau castellano que rinde desde 1988, tal y como subrayan, un homenaje al terru\u00f1o, con una producci\u00f3n 100% ecol\u00f3gica.<\/p>\n<div class=\"v-c-cmp v-c-cmp--s\">\n<div class=\"v-cmp-m \">\n<article class=\"v-a v-a--cmp-m v-c-cmp--m-z\">\n<div class=\"v-a-img-c \">\n<div class=\"v-a-fig\">\n<button class=\"v-a-link\" popovertarget=\"photo-610\"><br \/>\n<img loading=\"lazy\" src=\"http:\/\/cordobainforma.info\/wp-content\/uploads\/2026\/09\/cinco-planes-para-disfrutar-de-la-vendimia-el-dionisiaco-momento-de-recoger-la-uva-probar-el-mosto-y-degustar-el-vino-6.jpg\" class=\"v-a-img\" width=\"650\" height=\"650\" alt=\"Un paseo por los vi\u00f1edos de Condado de Haza con motivo de la vendimia.\" data-voc-vtm-id=\"in-text-traffic\"> <\/button><figcaption class=\"v-fc\">\n<span class=\"v-fc__t\"><br \/>\nUn paseo por los vi\u00f1edos de Condado de Haza con motivo de la vendimia.<br \/>\n<\/span><br \/>\n<span class=\"v-fc__p\"><br \/>\nCORTES\u00cdA<br \/>\n<\/span><br \/>\n<\/figcaption><\/div>\n<\/div>\n<div id=\"photo-610\" popover class=\"v-mdl v-mdl--fw\">\n<button class=\"v-x\" popovertarget=\"photo-610\" popovertargetaction=\"hide\"><br \/>\n<span class=\"v-i\"><br \/>\n<svg width=\"24\" height=\"23.996\" viewBox=\"0 0 24 23.996\">\n<path data-name=\"Uni\u00f3n 29\" d=\"M12,14.03,2.031,24,0,21.963,9.968,12,0,2.033,2.031,0,12,9.966,21.969,0,24,2.033,14.032,12,24,21.963,21.969,24Z\" \/>\n<\/svg><br \/>\n<\/span><br \/>\n<\/button><\/p>\n<div class=\"v-mdl__c\">\n<div class=\"v-mdl__w\">\n<img loading=\"lazy\" src=\"http:\/\/cordobainforma.info\/wp-content\/uploads\/2026\/09\/cinco-planes-para-disfrutar-de-la-vendimia-el-dionisiaco-momento-de-recoger-la-uva-probar-el-mosto-y-degustar-el-vino-6.jpg\" class=\"v-mdl__img-z\" width=\"650\" height=\"650\" alt>\n<\/div>\n<\/div>\n<\/div>\n<p><span class=\"v-bdp\"><\/span><br \/>\n<\/article>\n<\/div>\n<\/div>\n<p class=\"voc-paragraph\">Familia Fern\u00e1ndez Rivera ha organizado para <strong>el s\u00e1bado 12 de septiembre<\/strong> una experiencia en torno a esta tradici\u00f3n vitivin\u00edcola. Una jornada en esta bodega de la Ribera del Duero que arranca a las 10:30 con la recepci\u00f3n y bienvenida, e incluye participaci\u00f3n en la vendimia, un almuerzo estilo barbacoa regado con una selecci\u00f3n de sus vinos en el mirador de Condado de Haza, y una visita a la bodega. Concluir\u00e1 a las 17 h.<strong> D\u00f3nde:<\/strong> Ctra. Horra, s\/n. Roa (Burgos). <strong>Precio:<\/strong> 80 euros. <\/p>\n<p><h3 class=\"v-cmp-suh\">\nPerinet, en el Priorat<br \/>\n<\/h3>\n<\/p>\n<p class=\"voc-paragraph\">\u00abUn viaje en el que experimentar\u00e1s el placer de nuestros vinos artesanales y descubrir\u00e1s los misterios de los grandes vinos del Priorat, fruto de una antigua tradici\u00f3n y heroica viticultura\u00bb. As\u00ed definen desde <strong>Perinet<\/strong> la fiesta de la vendimia que tienen preparada para <strong>el 19 de septiembre<\/strong>. \u00abUn viaje de descubrimiento -contin\u00faan- que apela a todos los sentidos\u00bb. No es de extra\u00f1ar porque se trata de conocer la llicorella (suelo de pizarra), los terru\u00f1os, la historia, las costumbres y las <a href=\"https:\/\/www.mujerhoy.com\/vivir\/ocio\/la-vilella-baixa-pueblo-bonito-priorat-tarragona-vino-escapadas-20251116204558-nt.html\" target=\"_blank\" data-voc-vtm-id=\"in-text-traffic\" data-mrf-link=\"www.mujerhoy.com\" rel=\"noopener noreferrer\">tradiciones del Priorat<\/a>, la comarca enclavada entre el Campo de Tarragona y las Tierras del Ebro.<\/p>\n<div class=\"v-c-cmp v-c-cmp--s\">\n<div class=\"v-cmp-m \">\n<article class=\"v-a v-a--cmp-m v-c-cmp--m-z\">\n<div class=\"v-a-img-c \">\n<div class=\"v-a-fig\">\n<button class=\"v-a-link\" popovertarget=\"photo-839\"><br \/>\n<img loading=\"lazy\" src=\"http:\/\/cordobainforma.info\/wp-content\/uploads\/2026\/09\/cinco-planes-para-disfrutar-de-la-vendimia-el-dionisiaco-momento-de-recoger-la-uva-probar-el-mosto-y-degustar-el-vino-7.jpg\" class=\"v-a-img\" width=\"650\" height=\"650\" alt=\"Los vi\u00f1edos en ladera de Perinet, en el Priorat.\" data-voc-vtm-id=\"in-text-traffic\"> <\/button><figcaption class=\"v-fc\">\n<span class=\"v-fc__t\"><br \/>\nLos vi\u00f1edos en ladera de Perinet, en el Priorat.<br \/>\n<\/span><br \/>\n<span class=\"v-fc__p\"><br \/>\nCORTES\u00cdA<br \/>\n<\/span><br \/>\n<\/figcaption><\/div>\n<\/div>\n<div id=\"photo-839\" popover class=\"v-mdl v-mdl--fw\">\n<button class=\"v-x\" popovertarget=\"photo-839\" popovertargetaction=\"hide\"><br \/>\n<span class=\"v-i\"><br \/>\n<svg width=\"24\" height=\"23.996\" viewBox=\"0 0 24 23.996\">\n<path data-name=\"Uni\u00f3n 29\" d=\"M12,14.03,2.031,24,0,21.963,9.968,12,0,2.033,2.031,0,12,9.966,21.969,0,24,2.033,14.032,12,24,21.963,21.969,24Z\" \/>\n<\/svg><br \/>\n<\/span><br \/>\n<\/button><\/p>\n<div class=\"v-mdl__c\">\n<div class=\"v-mdl__w\">\n<img loading=\"lazy\" src=\"http:\/\/cordobainforma.info\/wp-content\/uploads\/2026\/09\/cinco-planes-para-disfrutar-de-la-vendimia-el-dionisiaco-momento-de-recoger-la-uva-probar-el-mosto-y-degustar-el-vino-7.jpg\" class=\"v-mdl__img-z\" width=\"650\" height=\"650\" alt>\n<\/div>\n<\/div>\n<\/div>\n<p><span class=\"v-bdp\"><\/span><br \/>\n<\/article>\n<\/div>\n<\/div>\n<p class=\"voc-paragraph\">Aqu\u00ed, en tierras tarraconenses, el enoturista se topa con excelentes caldos, bodegas que visitar y una gran diversidad de paisajes. En Perinet, sus expertos en el campo y el equipo de la bodega hacen de gu\u00edas por el fascinante mundo del vino. Han preparado para la ocasi\u00f3n un almuerzo tradicional en la terraza, su <strong>Wine Terrace<\/strong>, en medio de una naturaleza salvaje, donde se combinan las delicias locales y de temporada con sus vinos. Desde las 11 hasta las 17 h. <strong>D\u00f3nde:<\/strong> Ctra. de Poboleda T-702, km 1,6. Poboleda (Tarragona). <strong>Precio:<\/strong> 150 euros por adulto y 75 euros por ni\u00f1o (de 7 a 17 a\u00f1os).<\/p>\n<div class=\"v-c-cmp v-c-cmp--t1 \">\n<div class=\"v-cmp-rld v-cmp-rld--2 \">\n<div class=\"v-cnt-m v-cnt-m--m\">\n<div class=\"v-cnt-m__c\">\n<div class=\"v-cnt-m__w v-cnt-m__w--1\">\n<p class=\"v-cnt-m__t\">\nNO TE PIERDAS\n<\/p>\n<\/div>\n<\/div>\n<\/div>\n<div class=\"v-g v-g--2-c v-g--bdr-min-xs\">\n<div class=\"v-g__c \">\n<article class=\"v-a v-a--cmp-rld v-a--cmp-rld-2 v-a--p-l\">\n<div class=\"v-a-img-c\">\n<figure class=\"v-a-fig\">\n<a href=\"https:\/\/www.mujerhoy.com\/vivir\/ocio\/pasajes-san-juan-pueblo-marinero-guipuzcoa-balleneros-victor-hugo-20260809193711-nt.html#vtm_modulosEngag=mod-rel:vivir:noticia:1:cmp:2-not\" class=\"v-a-link\" title=\"El pintoresco pueblo marinero de Guip\u00fazcoa con una sola calle que enamor\u00f3 al novelista franc\u00e9s V\u00edctor Hugo\"><br \/>\n<img loading=\"lazy\" class=\"v-a-img\" src=\"http:\/\/cordobainforma.info\/wp-content\/uploads\/2026\/09\/cinco-planes-para-disfrutar-de-la-vendimia-el-dionisiaco-momento-de-recoger-la-uva-probar-el-mosto-y-degustar-el-vino-8.jpg\" alt=\"El pintoresco pueblo marinero de Guip\u00fazcoa con una sola calle que enamor\u00f3 al novelista franc\u00e9s V\u00edctor Hugo\"><br \/>\n<\/a><br \/>\n<\/figure>\n<\/div>\n<\/article>\n<\/div>\n<div class=\"v-g__c \">\n<article class=\"v-a v-a--cmp-rld v-a--cmp-rld-2 v-a--p-l\">\n<div class=\"v-a-img-c\">\n<figure class=\"v-a-fig\">\n<a href=\"https:\/\/www.mujerhoy.com\/vivir\/ocio\/galerias-comerciales-modernistas-espana-estilo-milan-planes-arte-20260823123243-nt.html#vtm_modulosEngag=mod-rel:vivir:noticia:2:cmp:2-not\" class=\"v-a-link\" title=\"Las tres galer\u00edas comerciales de Espa\u00f1a que tienes que visitar si te gusta el arte: una ruta modernista con mucho glamour\"><br \/>\n<img loading=\"lazy\" class=\"v-a-img\" src=\"http:\/\/cordobainforma.info\/wp-content\/uploads\/2026\/09\/cinco-planes-para-disfrutar-de-la-vendimia-el-dionisiaco-momento-de-recoger-la-uva-probar-el-mosto-y-degustar-el-vino-9.jpg\" alt=\"Las tres galer\u00edas comerciales de Espa\u00f1a que tienes que visitar si te gusta el arte: una ruta modernista con mucho glamour\"><br \/>\n<\/a><br \/>\n<\/figure>\n<\/div>\n<\/article>\n<\/div>\n<\/div>\n<\/div>\n<\/div>\n","protected":false},"excerpt":{"rendered":"<p>\u00abEl vino alegra el coraz\u00f3n del hombre\u00bb. Lo dice la Biblia, en los Salmos. Se entiende como un regalo de los dioses para celebrar la vida. Se puede recurrir a Dionisos, el dios griego del vino, la fertilidad, el teatro y el \u00e9xtasis, para hablar del fruto de la vid y sus misterios. Por ejemplo, [&hellip;]<\/p>\n","protected":false},"author":1,"featured_media":197947,"comment_status":"open","ping_status":"closed","sticky":false,"template":"","format":"standard","meta":[],"categories":[18],"tags":[],"_links":{"self":[{"href":"http:\/\/cordobainforma.info\/index.php\/wp-json\/wp\/v2\/posts\/197946"}],"collection":[{"href":"http:\/\/cordobainforma.info\/index.php\/wp-json\/wp\/v2\/posts"}],"about":[{"href":"http:\/\/cordobainforma.info\/index.php\/wp-json\/wp\/v2\/types\/post"}],"author":[{"embeddable":true,"href":"http:\/\/cordobainforma.info\/index.php\/wp-json\/wp\/v2\/users\/1"}],"replies":[{"embeddable":true,"href":"http:\/\/cordobainforma.info\/index.php\/wp-json\/wp\/v2\/comments?post=197946"}],"version-history":[{"count":0,"href":"http:\/\/cordobainforma.info\/index.php\/wp-json\/wp\/v2\/posts\/197946\/revisions"}],"wp:featuredmedia":[{"embeddable":true,"href":"http:\/\/cordobainforma.info\/index.php\/wp-json\/wp\/v2\/media\/197947"}],"wp:attachment":[{"href":"http:\/\/cordobainforma.info\/index.php\/wp-json\/wp\/v2\/media?parent=197946"}],"wp:term":[{"taxonomy":"category","embeddable":true,"href":"http:\/\/cordobainforma.info\/index.php\/wp-json\/wp\/v2\/categories?post=197946"},{"taxonomy":"post_tag","embeddable":true,"href":"http:\/\/cordobainforma.info\/index.php\/wp-json\/wp\/v2\/tags?post=197946"}],"curies":[{"name":"wp","href":"https:\/\/api.w.org\/{rel}","templated":true}]}}