{"id":197944,"date":"2026-09-05T20:00:00","date_gmt":"2026-09-05T20:00:00","guid":{"rendered":"https:\/\/www.mujerhoy.com\/vivir\/gastronomia\/conservas-premium-trucos-recetas-chefs-platos-faciles-20260905151803-nt.html"},"modified":"2026-09-05T20:00:00","modified_gmt":"2026-09-05T20:00:00","slug":"conservas-las-joyas-de-la-corona-de-la-solucion-culinaria-improvisada-al-producto-gastronomico-de-lujo","status":"publish","type":"post","link":"http:\/\/cordobainforma.info\/index.php\/2026\/09\/05\/conservas-las-joyas-de-la-corona-de-la-solucion-culinaria-improvisada-al-producto-gastronomico-de-lujo\/","title":{"rendered":"Conservas, las joyas de la corona: de la soluci\u00f3n culinaria improvisada al producto gastron\u00f3mico de lujo"},"content":{"rendered":"<div class=\"media_block\"><\/div>\n<p><!-- AUTHOR --><\/p>\n<div class=\"voc-author-timesocial \">\n<!-- AUTHOR --><\/p>\n<div class=\"voc-author-timesocial__signature \">\n<!-- IMAGE AUTHOR -->\n<picture class=\"voc-image-signature\">\n<img class=\"voc-image-signature__img\" src=\"http:\/\/cordobainforma.info\/wp-content\/uploads\/2026\/09\/conservas-las-joyas-de-la-corona-de-la-solucion-culinaria-improvisada-al-producto-gastronomico-de-lujo.jpg\" alt=\"Javier S\u00e1nchez\">\n<\/picture>\n<!-- INFO AUTHOR --> <\/div><\/div>\n<p> <!-- COMPONENTS --><\/p>\n<p class=\"voc-paragraph\">Cada vez que hacemos ese gesto cotidiano, pero m\u00e1gico, de <strong>abrir una lata almacenada en nuestra despensa<\/strong> para darnos un homenaje, deber\u00edamos de acordarnos del franc\u00e9s Nicolas Appert. Este pastelero e inventor dio con la soluci\u00f3n para uno de los quebraderos de cabeza de Napole\u00f3n a principios del siglo XIX: abastecer a sus tropas de <a href=\"https:\/\/www.mujerhoy.com\/vivir\/gastronomia\/comida-a-domicilio-mejores-restaurantes-delivery-madrid-barcelona-20240106143004-nt.html\" title data-voc-vtm-id=\"in-text-traffic\" data-mrf-link=\"www.mujerhoy.com\">comida<\/a> que pudiera seguir en buen estado a temperatura ambiente. Appert descubri\u00f3 que introducir el alimento en cristal sellado y hervirlo durante largos periodos de tiempo obraba el milagro. <\/p>\n<p class=\"voc-paragraph\">Con la tecnolog\u00eda ya inventada, a mediados del siglo XIX la necesidad en otros territorios hizo el resto, a imagen de lo que hab\u00eda ocurrido con las contiendas b\u00e9licas francesas: \u00abSomos un pa\u00eds en el que hay mucho contacto con el mar, donde exist\u00eda hist\u00f3ricamente mucha abundancia de pescado y de marisco. Por eso, surgi\u00f3 aqu\u00ed una <strong>industria conservera<\/strong>; de repente, hab\u00eda un avance que permit\u00eda enlatar y vender el producto\u00bb, explica Robert Ruiz, especialista en fermentaci\u00f3n que acaba de publicar un <a href=\"https:\/\/www.mujerhoy.com\/vivir\/ocio\/novedades-libros-otono-2026-freida-mcfadden-carmen-mola-nuevas-novelas-20260824152856-nt.html\" title data-voc-vtm-id=\"in-text-traffic\" data-mrf-link=\"www.mujerhoy.com\">libro<\/a> de t\u00edtulo inequ\u00edvoco: <em>Conservar<\/em> (Cinco Tintas).<\/p>\n<div class=\"v-c-cmp v-c-cmp--t1 \">\n<div class=\"v-cmp-rld v-cmp-rld--2 \">\n<div class=\"v-cnt-m v-cnt-m--m\">\n<div class=\"v-cnt-m__c\">\n<div class=\"v-cnt-m__w v-cnt-m__w--1\">\n<p class=\"v-cnt-m__t\">\nTAMBI\u00c9N TE INTERESA\n<\/p>\n<\/div>\n<\/div>\n<\/div>\n<div class=\"v-g v-g--2-c v-g--bdr-min-xs\">\n<div class=\"v-g__c \">\n<article class=\"v-a v-a--cmp-rld v-a--cmp-rld-2 v-a--p-l\">\n<div class=\"v-a-img-c\">\n<figure class=\"v-a-fig\">\n<a href=\"https:\/\/www.mujerhoy.com\/vivir\/gastronomia\/gastronomia-arte-comer-con-los-ojos-libro-jorge-guitian-20260627170536-nt.html#vtm_modulosEngag=mod-rel:vivir:noticia:1:cmp:2-not\" class=\"v-a-link\" title=\"Arte que alimenta: el libro que explora la fruct\u00edfera relaci\u00f3n entre la pintura y la gastronom\u00eda\"><br \/>\n<img loading=\"lazy\" class=\"v-a-img\" src=\"http:\/\/cordobainforma.info\/wp-content\/uploads\/2026\/09\/conservas-las-joyas-de-la-corona-de-la-solucion-culinaria-improvisada-al-producto-gastronomico-de-lujo-1.jpg\" alt=\"Arte que alimenta: el libro que explora la fruct\u00edfera relaci\u00f3n entre la pintura y la gastronom\u00eda\"><br \/>\n<\/a><br \/>\n<\/figure>\n<\/div>\n<\/article>\n<\/div>\n<div class=\"v-g__c \">\n<article class=\"v-a v-a--cmp-rld v-a--cmp-rld-2 v-a--p-l\">\n<div class=\"v-a-img-c\">\n<figure class=\"v-a-fig\">\n<a href=\"https:\/\/www.mujerhoy.com\/vivir\/gastronomia\/cevicheria-peruana-recomendada-madrid-restaurante-de-moda-castellana-edicion-limitada-20260628181023-nt.html#vtm_modulosEngag=mod-rel:vivir:noticia:2:cmp:2-not\" class=\"v-a-link\" title=\"La cevicher\u00eda peruana que es uno de los restaurantes de moda en Madrid y estrena una edici\u00f3n limitada para verano\"><br \/>\n<img loading=\"lazy\" class=\"v-a-img\" src=\"http:\/\/cordobainforma.info\/wp-content\/uploads\/2026\/09\/conservas-las-joyas-de-la-corona-de-la-solucion-culinaria-improvisada-al-producto-gastronomico-de-lujo-2.jpg\" alt=\"La cevicher\u00eda peruana que es uno de los restaurantes de moda en Madrid y estrena una edici\u00f3n limitada para verano\"><br \/>\n<\/a><br \/>\n<\/figure>\n<\/div>\n<\/article>\n<\/div>\n<\/div>\n<\/div>\n<\/div>\n<p class=\"voc-paragraph\">Nac\u00edan as\u00ed las primeras industrias conserveras gallegas, que fueron las pioneras, seguidas luego de otras en Andaluc\u00eda occidental, Levante o Cantabria. \u00ab<strong>El at\u00fan, la anchoa, la sardina o el mejill\u00f3n<\/strong> adquieren en la lata un gran inter\u00e9s gastron\u00f3mico y posibilidades culinarias muy amplias\u00bb, establece el experto gastr\u00f3nomo Rafael Ans\u00f3n en su libro Las conservas de pescados y mariscos en la gastronom\u00eda del siglo XXI (Lunwerg), publicado en 2004, donde se\u00f1alaba que las latas, soluci\u00f3n dom\u00e9stica a una comida improvisada, han vivido en los \u00faltimos 25 a\u00f1os una transici\u00f3n hacia una consideraci\u00f3n de producto gastron\u00f3mico de lujo.<\/p>\n<p><h3 class=\"v-cmp-suh\">\nCuanto m\u00e1s viejas, mejor<br \/>\n<\/h3>\n<\/p>\n<p class=\"voc-paragraph\">Las conservas se han convertido en, dig\u00e1moslo ya, objetos de deseo. Entre los que las defienden como joyas comestibles est\u00e1 Carlos \u00c1lvaro, conocido en redes sociales como <strong>El Catalatas<\/strong> (con 373.000 seguidores en Instagram). \u00c1lvaro se encarga de probar todo tipo de latas de pescado, desde las de marca blanca hasta las que tienen un precio m\u00e1s elevado. <\/p>\n<div class=\"v-c-cmp \">\n<div class=\"v-cmp-m v-cmp-m--t1\">\n<article class=\"v-a v-a--cmp-m v-c-cmp--m-p\">\n<div class=\"v-a-img-c v-a-img-c--fw-xs\">\n<div class=\"v-a-fig\">\n<div class=\"v-a-link\">\n<img loading=\"lazy\" src=\"http:\/\/cordobainforma.info\/wp-content\/uploads\/2026\/09\/conservas-las-joyas-de-la-corona-de-la-solucion-culinaria-improvisada-al-producto-gastronomico-de-lujo-3.jpg\" class=\"v-a-img\" width=\"650\" height=\"975\" alt=\"Carlos \u00c1lvaro, El Catalatas, posa con una lata de mejillones en escabeche de Los Peperetes.\" data-voc-vtm-id=\"in-text-traffic\">\n<\/div><figcaption class=\"v-fc\">\n<span class=\"v-fc__t\"><br \/>\nCarlos \u00c1lvaro, El Catalatas, posa con una lata de mejillones en escabeche de Los Peperetes.<br \/>\n<\/span><br \/>\n<span class=\"v-fc__p\"><br \/>\nDR<br \/>\n<\/span><br \/>\n<\/figcaption><\/div>\n<\/div>\n<\/article>\n<\/div>\n<\/div>\n<p class=\"voc-paragraph\">\u00abLas conservas me han gustado desde peque\u00f1ito, pero hace unos a\u00f1os volv\u00ed a interesarme por ellas, esta vez en serio. Desde el a\u00f1o 2015<strong> busco conservas antiguas, incluso ya caducadas<\/strong>, de pescado azul: sardinas, bonito&#8230; porque con el tiempo las latas no se pierden, sino que incluso mejoran. Eso s\u00ed, deben estar elaboradas en aceite de oliva\u00bb, explica este coleccionista latero.<\/p>\n<p class=\"voc-paragraph\">\u00c1lvaro cuenta que se ha comido latas de sardinas \u00abque llevaban caducadas 20 a\u00f1os y que eran pura mantequilla\u00bb. La clave es que, con el paso del tiempo, el aceite penetra en el pescado, produci\u00e9ndose <strong>una especie de confitado<\/strong>, que ablanda su textura y mejora su sabor. Adem\u00e1s de rese\u00f1ar conservas y coleccionar las m\u00e1s vetustas que encuentra, \u00c1lvaro es aficionado tambi\u00e9n a utilizarlas para hacer microrrecetas que apa\u00f1an cualquier comida o cena. <\/p>\n<p class=\"voc-paragraph\">\u00abUna idea perfecta para el verano es una sencilla ensalada de tomate con ventresca de bonito. <strong>Tan solo necesitas tres ingredientes<\/strong>: el mejor tomate que puedas encontrar, un par de dientes de ajo machacados y el bonito. Lo primero es salar el tomate, para que suelte todo el agua por osmosis. Luego le a\u00f1ado vinagre de Jerez, aceite de oliva virgen extra, or\u00e9gano y una buena lata de ventresca de bonito. Siempre tengo a mano una barra de pan para untar y untar, porque la receta lo pide\u00bb.<\/p>\n<p><h3 class=\"v-cmp-suh\">\nVocaci\u00f3n conservera<br \/>\n<\/h3>\n<\/p>\n<p class=\"voc-paragraph\">Muchas de las grandes historias conserveras de nuestro pa\u00eds nacen de la pasi\u00f3n. Es el caso de la gallega Los Peperetes, surgida a principios de los 90 cuando Jes\u00fas Lorenzo convirti\u00f3 junto a su mujer, Mar\u00eda Antonia Paz, un antiguo restaurante de Carril, en Vilagarc\u00eda de Arousa (Pontevedra), en un obrador para empezar a hacer latas. Aquellos c<strong>omienzos artesanales con una sencilla m\u00e1quina<\/strong> acabaron dando lugar a una de las marcas m\u00e1s prestigiosas de nuestro pa\u00eds. David Beckham elev\u00f3 sus sardinillas a fen\u00f3meno internacional cuando pos\u00f3 con una de sus latas en una publicaci\u00f3n en sus redes sociales. <\/p>\n<div class=\"v-c-cmp \">\n<div class=\"v-cmp-m v-cmp-m--t1\">\n<article class=\"v-a v-a--cmp-m v-c-cmp--m-p\">\n<div class=\"v-a-img-c v-a-img-c--fw-xs\">\n<div class=\"v-a-fig\">\n<div class=\"v-a-link\">\n<img loading=\"lazy\" src=\"http:\/\/cordobainforma.info\/wp-content\/uploads\/2026\/09\/conservas-las-joyas-de-la-corona-de-la-solucion-culinaria-improvisada-al-producto-gastronomico-de-lujo-4.jpg\" class=\"v-a-img\" width=\"650\" height=\"975\" alt=\"Una lata de ventresca de bonito en mantequilla de Airas Moniz de la conservera Los Peperetes.\" data-voc-vtm-id=\"in-text-traffic\">\n<\/div><figcaption class=\"v-fc\">\n<span class=\"v-fc__t\"><br \/>\nUna lata de ventresca de bonito en mantequilla de Airas Moniz de la conservera Los Peperetes.<br \/>\n<\/span><br \/>\n<span class=\"v-fc__p\"><br \/>\nD.R<br \/>\n<\/span><br \/>\n<\/figcaption><\/div>\n<\/div>\n<\/article>\n<\/div>\n<\/div>\n<p class=\"voc-paragraph\">\u00abEspa\u00f1a es el primer productor de conservas de la Uni\u00f3n Europea y el segundo a nivel mundial, de ah\u00ed que tengamos un amplio conocimiento sobre ellas, adem\u00e1s de ser grandes consumidores\u00bb, cuenta Lorenzo. Pese al prestigio, en Los Peperetes no se duermen en los laureles, y <strong>no dejan de innovar<\/strong> con ideas como una ventresca de bonito que envasan con mantequilla de la queser\u00eda gallega Airas Moniz, en lugar de con el acostumbrado aceite de oliva. <\/p>\n<p class=\"voc-paragraph\">Otra de esas empresas que marcan la diferencia es la c\u00e1ntabra Sanfilippo, aunque en su caso no cabe hablar de conserva, sino de semiconserva, porque envasan la preciada anchoa del Cant\u00e1brico, que hay que mantener en el frigor\u00edfico hasta su consumo. Con una popularidad que ha ido en auge en los \u00faltimos a\u00f1os gracias a <strong>bocados de moda<\/strong> como, por ejemplo, la <a href=\"https:\/\/www.mujerhoy.com\/vivir\/gastronomia\/vermut-gildas-moda-aperitivo-madrid-comprar-online-20250515143424-nt.html\" title data-voc-vtm-id=\"in-text-traffic\" data-mrf-link=\"www.mujerhoy.com\">gilda<\/a>, en Sanfilippo la quinta generaci\u00f3n perpet\u00faa el trabajo de una saga familiar que lleg\u00f3 desde Sicilia a Santo\u00f1a en busca del bocarte de mayor calidad posible. <\/p>\n<div class=\"v-c-cmp v-c-cmp--s\">\n<div class=\"v-cmp-m \">\n<article class=\"v-a v-a--cmp-m v-c-cmp--m-z\">\n<div class=\"v-a-img-c \">\n<div class=\"v-a-fig\">\n<button class=\"v-a-link\" popovertarget=\"photo-953\"><br \/>\n<img loading=\"lazy\" src=\"http:\/\/cordobainforma.info\/wp-content\/uploads\/2026\/09\/conservas-las-joyas-de-la-corona-de-la-solucion-culinaria-improvisada-al-producto-gastronomico-de-lujo-5.jpg\" class=\"v-a-img\" width=\"650\" height=\"650\" alt=\"Anchoas de la empresa c\u00e1ntabra, Sanfilippo\" data-voc-vtm-id=\"in-text-traffic\"> <\/button><figcaption class=\"v-fc\">\n<span class=\"v-fc__t\"><br \/>\nAnchoas de la empresa c\u00e1ntabra, Sanfilippo<br \/>\n<\/span><br \/>\n<span class=\"v-fc__p\"><br \/>\nD.R.<br \/>\n<\/span><br \/>\n<\/figcaption><\/div>\n<\/div>\n<div id=\"photo-953\" popover class=\"v-mdl v-mdl--fw\">\n<button class=\"v-x\" popovertarget=\"photo-953\" popovertargetaction=\"hide\"><br \/>\n<span class=\"v-i\"><br \/>\n<svg width=\"24\" height=\"23.996\" viewBox=\"0 0 24 23.996\">\n<path data-name=\"Uni\u00f3n 29\" d=\"M12,14.03,2.031,24,0,21.963,9.968,12,0,2.033,2.031,0,12,9.966,21.969,0,24,2.033,14.032,12,24,21.963,21.969,24Z\" \/>\n<\/svg><br \/>\n<\/span><br \/>\n<\/button><\/p>\n<div class=\"v-mdl__c\">\n<div class=\"v-mdl__w\">\n<img loading=\"lazy\" src=\"http:\/\/cordobainforma.info\/wp-content\/uploads\/2026\/09\/conservas-las-joyas-de-la-corona-de-la-solucion-culinaria-improvisada-al-producto-gastronomico-de-lujo-5.jpg\" class=\"v-mdl__img-z\" width=\"650\" height=\"650\" alt>\n<\/div>\n<\/div>\n<\/div>\n<p><span class=\"v-bdp\"><\/span><br \/>\n<\/article>\n<\/div>\n<\/div>\n<p class=\"voc-paragraph\">\u00abLo capturamos con artes al cerco en el mar Cant\u00e1brico durante las semanas de primavera, que es cuando se acerca a desovar. Este caviar y la falta de grasa hace que sea el momento \u00f3ptimo para el salazonado\u00bb, resume B\u00e1rbara Sanfilippo, que dirige la empresa junto a su hermano, Nacho. En el <strong>fileteado de la anchoa en salaz\u00f3n para transformarla en otra anchoa<\/strong>, en aceite en este caso, es fundamental la labor de las conocidas como sobadoras de anchoas. Cada una de estas mujeres, cargadas de paciencia (y sabidur\u00eda), son las responsables de que cada filete est\u00e9 pluscuamperfecto cuando abrimos una de estas latas. <\/p>\n<p class=\"voc-paragraph\">La conserva entendida como una de las bellas artes inspira tambi\u00e9n el trabajo de Dimas Noval, asturiano que en 2023 lanz\u00f3 La Mar de Tazones tras toda una vida fogue\u00e1ndose en la empresa familiar. Sus productos se salen de lo com\u00fan: carne de bogavante azul en aceite de oliva, ostras en vinagreta de albari\u00f1o o buey de mar al natural. \u00abEn Espa\u00f1a, <strong>la conserva de pescado es un elemento identitario<\/strong> y forma parte de nuestra cultura gastron\u00f3mica. El concepto de aperitivo o tapeo no lo es sin una buena lata en la barra de un bar\u00bb, afirma.<\/p>\n<p><h3 class=\"v-cmp-suh\">\nUna pareja perfecta<br \/>\n<\/h3>\n<\/p>\n<p class=\"voc-paragraph\">Esa filosof\u00eda del tapeo a base de latas es religi\u00f3n en locales como Quimet &amp; Quimet en Barcelona. Cada d\u00eda, antes de la apertura a las 12 del mediod\u00eda, ya hay una larga cola esperando para entrar. Hasta el a\u00f1o 2015 ten\u00edan cocina completa, pero a partir de esa fecha decidieron fiarlo todo a las latas. <strong>A base \u00fanicamente de conservas <\/strong>hacen virguer\u00edas como el montadito de berberechos con yogur o el de boquerones con queso de cabra. Y, a veces, es suficiente con abrir alguna de las joyas que presentan en sus estantes.<\/p>\n<div class=\"v-c-cmp v-c-cmp--s\">\n<div class=\"v-cmp-m \">\n<article class=\"v-a v-a--cmp-m v-c-cmp--m-z\">\n<div class=\"v-a-img-c \">\n<div class=\"v-a-fig\">\n<button class=\"v-a-link\" popovertarget=\"photo-289\"><br \/>\n<img loading=\"lazy\" src=\"http:\/\/cordobainforma.info\/wp-content\/uploads\/2026\/09\/conservas-las-joyas-de-la-corona-de-la-solucion-culinaria-improvisada-al-producto-gastronomico-de-lujo-6.jpg\" class=\"v-a-img\" width=\"650\" height=\"650\" alt=\"Fachada del restaurante madrile\u00f1o, Infame.\" data-voc-vtm-id=\"in-text-traffic\"> <\/button><figcaption class=\"v-fc\">\n<span class=\"v-fc__t\"><br \/>\nFachada del restaurante madrile\u00f1o, Infame.<br \/>\n<\/span><br \/>\n<span class=\"v-fc__p\"><br \/>\nD.R<br \/>\n<\/span><br \/>\n<\/figcaption><\/div>\n<\/div>\n<div id=\"photo-289\" popover class=\"v-mdl v-mdl--fw\">\n<button class=\"v-x\" popovertarget=\"photo-289\" popovertargetaction=\"hide\"><br \/>\n<span class=\"v-i\"><br \/>\n<svg width=\"24\" height=\"23.996\" viewBox=\"0 0 24 23.996\">\n<path data-name=\"Uni\u00f3n 29\" d=\"M12,14.03,2.031,24,0,21.963,9.968,12,0,2.033,2.031,0,12,9.966,21.969,0,24,2.033,14.032,12,24,21.963,21.969,24Z\" \/>\n<\/svg><br \/>\n<\/span><br \/>\n<\/button><\/p>\n<div class=\"v-mdl__c\">\n<div class=\"v-mdl__w\">\n<img loading=\"lazy\" src=\"http:\/\/cordobainforma.info\/wp-content\/uploads\/2026\/09\/conservas-las-joyas-de-la-corona-de-la-solucion-culinaria-improvisada-al-producto-gastronomico-de-lujo-6.jpg\" class=\"v-mdl__img-z\" width=\"650\" height=\"650\" alt>\n<\/div>\n<\/div>\n<\/div>\n<p><span class=\"v-bdp\"><\/span><br \/>\n<\/article>\n<\/div>\n<\/div>\n<p class=\"voc-paragraph\">En la reci\u00e9n abierta Cervecer\u00eda Acorde (Madrid), el cocinero \u00c1lex Marug\u00e1n tambi\u00e9n se apunta a jugar con las latas para dar forma a recetas pintonas con las que acompa\u00f1ar unas ca\u00f1as bien tiradas. \u00abCompramos sardinas ahumadas en conserva y las utilizamos para dar el punto diferente al salmorejo que hacemos, a\u00f1adiendo un chorrito de un buen aceite de oliva virgen extra\u00bb, cuenta el chef. La <strong>receta estrella del restaurante<\/strong> tambi\u00e9n tiene origen latero. \u00abCompramos unas navajas en aceite de oliva buen\u00edsimas. Escurrimos ese aceite y lo empleamos para hacer un refrito con un ajo cortado en l\u00e1minas, agregamos una gotita de vinagre y emulsionamos todo. Lo echamos de nuevo sobre las navajas y a\u00f1adimos un poquito de lima rallada. Salen como churros\u00bb.<\/p>\n<p class=\"voc-paragraph\">Cocinar a base de latas <strong>no es patrimonio \u00fanicamente de bares y tabernas<\/strong>. Alex Santamar\u00eda, chef del restaurante de cocina vasca Infame (Madrid), incluye en su carta una receta para la que emplea dos conservas, una de pescado y otra vegetal. \u00abUtilizamos yemas de esp\u00e1rragos de lata, que mezclamos con un tapenade de aceitunas negras, anchoas en conserva, cebolleta y aceite de oliva virgen. Servimos con pulpa de tomate y ensalada ali\u00f1ada con vinagreta francesa\u00bb.<\/p>\n<p class=\"voc-paragraph\">Para Santamar\u00eda la versatilidad de las (buenas) conservas permite incluso recrear recetas que parecen complejas en s\u00f3lo dos pasos. Y para demostrarlo <strong>propone un ceviche que se prepara en un abrir y cerrar de ojos<\/strong>. \u00abCoges una lata de berberechos, el zumo de una lima, cebolla roja picada, tomate y aguacate en daditos, sal y un toque picante de alguna salsa que tengas por casa. Lo echas todo en un tarro, incluido el l\u00edquido de los berberechos, cierras y agitas hasta emulsionar. M\u00e1s f\u00e1cil, imposible\u00bb. As\u00ed son las buenas conservas: no s\u00f3lo apa\u00f1an una cena r\u00e1pida, tambi\u00e9n ponen f\u00e1cil hacer recetas que pintan bien y saben mejor. <\/p>\n<div class=\"v-c-cmp v-c-cmp--t1 \">\n<div class=\"v-cmp-rld v-cmp-rld--2 \">\n<div class=\"v-cnt-m v-cnt-m--m\">\n<div class=\"v-cnt-m__c\">\n<div class=\"v-cnt-m__w v-cnt-m__w--1\">\n<p class=\"v-cnt-m__t\">\nTAMBI\u00c9N TE INTERESA\n<\/p>\n<\/div>\n<\/div>\n<\/div>\n<div class=\"v-g v-g--2-c v-g--bdr-min-xs\">\n<div class=\"v-g__c \">\n<article class=\"v-a v-a--cmp-rld v-a--cmp-rld-2 v-a--p-l\">\n<div class=\"v-a-img-c\">\n<figure class=\"v-a-fig\">\n<a href=\"https:\/\/www.mujerhoy.com\/vivir\/ocio\/sevilla-recomendaciones-gastro-donde-comer-dormir-iconica-fest-20260605180622-nt.html#vtm_modulosEngag=mod-rel:vivir:noticia:1:cmp:2-not\" class=\"v-a-link\" title=\"Tapas, tradici\u00f3n y descanso: d\u00f3nde comer y dormir en Sevilla si vas al Ic\u00f3nica Santaluc\u00eda Sevilla Fest\"><br \/>\n<img loading=\"lazy\" class=\"v-a-img\" src=\"http:\/\/cordobainforma.info\/wp-content\/uploads\/2026\/09\/conservas-las-joyas-de-la-corona-de-la-solucion-culinaria-improvisada-al-producto-gastronomico-de-lujo-7.jpg\" alt=\"Tapas, tradici\u00f3n y descanso: d\u00f3nde comer y dormir en Sevilla si vas al Ic\u00f3nica Santaluc\u00eda Sevilla Fest\"><br \/>\n<\/a><br \/>\n<\/figure>\n<\/div>\n<\/article>\n<\/div>\n<div class=\"v-g__c \">\n<article class=\"v-a v-a--cmp-rld v-a--cmp-rld-2 v-a--p-l\">\n<div class=\"v-a-img-c\">\n<figure class=\"v-a-fig\">\n<a href=\"https:\/\/www.mujerhoy.com\/vivir\/gastronomia\/tomate-temporada-mejores-restaurantes-para-disfrutarlo-20260727234640-nt.html#vtm_modulosEngag=mod-rel:vivir:noticia:2:cmp:2-not\" class=\"v-a-link\" title=\"El buen tomate, objeto de deseo: los platos m\u00e1s deliciosos para disfrutarlo de la mano de los mejores chefs\"><br \/>\n<img loading=\"lazy\" class=\"v-a-img\" src=\"http:\/\/cordobainforma.info\/wp-content\/uploads\/2026\/09\/conservas-las-joyas-de-la-corona-de-la-solucion-culinaria-improvisada-al-producto-gastronomico-de-lujo-8.jpg\" alt=\"El buen tomate, objeto de deseo: los platos m\u00e1s deliciosos para disfrutarlo de la mano de los mejores chefs\"><br \/>\n<\/a><br \/>\n<\/figure>\n<\/div>\n<\/article>\n<\/div>\n<\/div>\n<\/div>\n<\/div>\n","protected":false},"excerpt":{"rendered":"<p>Cada vez que hacemos ese gesto cotidiano, pero m\u00e1gico, de abrir una lata almacenada en nuestra despensa para darnos un homenaje, deber\u00edamos de acordarnos del franc\u00e9s Nicolas Appert. Este pastelero e inventor dio con la soluci\u00f3n para uno de los quebraderos de cabeza de Napole\u00f3n a principios del siglo XIX: abastecer a sus tropas de [&hellip;]<\/p>\n","protected":false},"author":1,"featured_media":197945,"comment_status":"open","ping_status":"closed","sticky":false,"template":"","format":"standard","meta":[],"categories":[18],"tags":[],"_links":{"self":[{"href":"http:\/\/cordobainforma.info\/index.php\/wp-json\/wp\/v2\/posts\/197944"}],"collection":[{"href":"http:\/\/cordobainforma.info\/index.php\/wp-json\/wp\/v2\/posts"}],"about":[{"href":"http:\/\/cordobainforma.info\/index.php\/wp-json\/wp\/v2\/types\/post"}],"author":[{"embeddable":true,"href":"http:\/\/cordobainforma.info\/index.php\/wp-json\/wp\/v2\/users\/1"}],"replies":[{"embeddable":true,"href":"http:\/\/cordobainforma.info\/index.php\/wp-json\/wp\/v2\/comments?post=197944"}],"version-history":[{"count":0,"href":"http:\/\/cordobainforma.info\/index.php\/wp-json\/wp\/v2\/posts\/197944\/revisions"}],"wp:featuredmedia":[{"embeddable":true,"href":"http:\/\/cordobainforma.info\/index.php\/wp-json\/wp\/v2\/media\/197945"}],"wp:attachment":[{"href":"http:\/\/cordobainforma.info\/index.php\/wp-json\/wp\/v2\/media?parent=197944"}],"wp:term":[{"taxonomy":"category","embeddable":true,"href":"http:\/\/cordobainforma.info\/index.php\/wp-json\/wp\/v2\/categories?post=197944"},{"taxonomy":"post_tag","embeddable":true,"href":"http:\/\/cordobainforma.info\/index.php\/wp-json\/wp\/v2\/tags?post=197944"}],"curies":[{"name":"wp","href":"https:\/\/api.w.org\/{rel}","templated":true}]}}