{"id":197907,"date":"2026-09-05T18:05:01","date_gmt":"2026-09-05T18:05:01","guid":{"rendered":"http:\/\/cordobainforma.info\/index.php\/2026\/09\/05\/amparo-contra-iosfa-ate-pidio-una-respuesta-urgente-de-la-justicia-federal-a-la-corte\/"},"modified":"2026-09-05T18:05:01","modified_gmt":"2026-09-05T18:05:01","slug":"amparo-contra-iosfa-ate-pidio-una-respuesta-urgente-de-la-justicia-federal-a-la-corte","status":"publish","type":"post","link":"http:\/\/cordobainforma.info\/index.php\/2026\/09\/05\/amparo-contra-iosfa-ate-pidio-una-respuesta-urgente-de-la-justicia-federal-a-la-corte\/","title":{"rendered":"Amparo contra IOSFA: ATE pidi\u00f3 una respuesta urgente de la Justicia Federal a la Corte &#8230;"},"content":{"rendered":"<p>&#8230; <b>C\u00f3rdoba<\/b>, Entre R\u00edos y Salta &#8230; &quot;Frente a esta situaci\u00f3n, el jueves 3 de septiembre se interpuso y fund\u00f3 un recurso de apelaci\u00f3n contra la <b>nueva<\/b>&nbsp;&#8230; <\/p>\n","protected":false},"excerpt":{"rendered":"<p>&#8230; C\u00f3rdoba, Entre R\u00edos y Salta &#8230; &quot;Frente a esta situaci\u00f3n, el jueves 3 de septiembre se interpuso y fund\u00f3 un recurso de apelaci\u00f3n contra la nueva&nbsp;&#8230;<\/p>\n","protected":false},"author":1,"featured_media":0,"comment_status":"closed","ping_status":"closed","sticky":false,"template":"","format":"standard","meta":[],"categories":[23],"tags":[],"_links":{"self":[{"href":"http:\/\/cordobainforma.info\/index.php\/wp-json\/wp\/v2\/posts\/197907"}],"collection":[{"href":"http:\/\/cordobainforma.info\/index.php\/wp-json\/wp\/v2\/posts"}],"about":[{"href":"http:\/\/cordobainforma.info\/index.php\/wp-json\/wp\/v2\/types\/post"}],"author":[{"embeddable":true,"href":"http:\/\/cordobainforma.info\/index.php\/wp-json\/wp\/v2\/users\/1"}],"replies":[{"embeddable":true,"href":"http:\/\/cordobainforma.info\/index.php\/wp-json\/wp\/v2\/comments?post=197907"}],"version-history":[{"count":0,"href":"http:\/\/cordobainforma.info\/index.php\/wp-json\/wp\/v2\/posts\/197907\/revisions"}],"wp:attachment":[{"href":"http:\/\/cordobainforma.info\/index.php\/wp-json\/wp\/v2\/media?parent=197907"}],"wp:term":[{"taxonomy":"category","embeddable":true,"href":"http:\/\/cordobainforma.info\/index.php\/wp-json\/wp\/v2\/categories?post=197907"},{"taxonomy":"post_tag","embeddable":true,"href":"http:\/\/cordobainforma.info\/index.php\/wp-json\/wp\/v2\/tags?post=197907"}],"curies":[{"name":"wp","href":"https:\/\/api.w.org\/{rel}","templated":true}]}}