{"id":197903,"date":"2026-09-05T15:31:25","date_gmt":"2026-09-05T15:31:25","guid":{"rendered":"https:\/\/www.clarin.com\/deportes\/sorpresa-alpine-monza-gasly-logro-pole-colapinto-largara-7-realizar-mejor-clasificacion-carrera_0_cOU7DY5yJq.html"},"modified":"2026-09-05T15:31:25","modified_gmt":"2026-09-05T15:31:25","slug":"sorpresa-de-alpine-en-monza-gasly-logro-la-pole-y-colapinto-partira-7-su-mejor-posicion-de-largada","status":"publish","type":"post","link":"http:\/\/cordobainforma.info\/index.php\/2026\/09\/05\/sorpresa-de-alpine-en-monza-gasly-logro-la-pole-y-colapinto-partira-7-su-mejor-posicion-de-largada\/","title":{"rendered":"Sorpresa de Alpine en Monza: Gasly logr\u00f3 la pole y Colapinto partir\u00e1 7\u00b0, su mejor posici\u00f3n de largada"},"content":{"rendered":"<p><img src=\"http:\/\/cordobainforma.info\/wp-content\/uploads\/2026\/09\/sorpresa-de-alpine-en-monza-gasly-logro-la-pole-y-colapinto-partira-7-su-mejor-posicion-de-largada.jpg\"><\/p>\n<div><img src=\"http:\/\/cordobainforma.info\/wp-content\/uploads\/2026\/09\/sorpresa-de-alpine-en-monza-gasly-logro-la-pole-y-colapinto-partira-7-su-mejor-posicion-de-largada-2.jpg\" class=\"ff-og-image-inserted\"><\/div>\n<div class=\"sc-45461e9c-0 eqiBeF container-text text-embed \" id=\"element-body-0\" readability=\"54.751693002257\">\n<p>Se puede pasar de la bronca a la felicidad plena por un resultado deportivo. <strong>Alpine<\/strong>, que el viernes se mov\u00eda en Monza entre <a href=\"https:\/\/www.clarin.com\/deportes\/flavio-briatore-desato-escandalo-medios-fallo-fia-alpine-denuncio-jueces-recibio-coches-mclaren_0_RtN0NyLei9.html\" target=\"_blank\" title=\"el enojo por la quita del podio en M\u00f3naco\" alt=\"el enojo por la quita del podio en M\u00f3naco\" rel=\"noopener noreferrer\">el enojo por la quita del podio en M\u00f3naco<\/a> y el <a href=\"https:\/\/www.clarin.com\/deportes\/gp-italia-franco-colapinto-confirmo-mejorias-alpine-dia-furia-briatore-monza_0_f9N2DHlQ3d.html\" target=\"_blank\" title=\"gran rendimiento\" alt=\"gran rendimiento\" rel=\"noopener noreferrer\">gran rendimiento<\/a> de <strong>Franco Colapinto<\/strong> con un A526 actualizado, festej\u00f3 este s\u00e1bado una clasificaci\u00f3n inolvidable: los dos autos en Q3, <strong>la primera pole de la carrera de Pierre Gasly y la mejor posici\u00f3n de largada del argentino<\/strong> desde que lleg\u00f3 a la F\u00f3rmula 1 en 2024.<\/p>\n<\/div>\n<div class=\"sc-45461e9c-0 eqiBeF container-text text-embed \" id=\"element-body-1\" readability=\"64\">\n<p>\u00ab<strong>Es bastante incre\u00edble. No es que esper\u00e1bamos hacer la pole<\/strong>. Hacer la pole es una sorpresa para todos, pero gran laburo de Pierre y del equipo\u00bb, felicit\u00f3 el bonaerense a su compa\u00f1ero apenas se baj\u00f3 del coche y fue al corralito de prensa. \u00ab\u00c9l en la pole, yo octavo&#8230; Con ganas de hacer una buena carrera e ir para adelante\u00bb, agreg\u00f3 quien <strong>largar\u00e1 s\u00e9ptimo por la penalizaci\u00f3n de 30 puestos a Kimi Antonelli<\/strong>.<\/p>\n<\/div>\n<div class=\"sc-106e49c0-0 dcVumd freeHtml-embed undefined\" id=\"element-body-2\" readability=\"24.901098901099\">\n<blockquote class=\"twitter-tweet\" readability=\"6.7912087912088\">\n<p lang=\"es\" dir=\"ltr\">\u00abCREO QUE ES SORPRESA DEL EQUIPO TAMBI\u00c9N\u00bb<\/p>\n<p>Franco Colapinto y una confesi\u00f3n TOP acerca de la Pole Position que logr\u00f3 Pierre Gasly<\/p>\n<p>\ud83d\udcfa <a href=\"https:\/\/x.com\/hashtag\/ItalianGP?src=hash&amp;ref_src=twsrc%5Etfw\">#ItalianGP<\/a> | Toda la temporada de <a href=\"https:\/\/x.com\/hashtag\/F1?src=hash&amp;ref_src=twsrc%5Etfw\">#F1<\/a> por <a href=\"https:\/\/x.com\/hashtag\/DisneyPlus?src=hash&amp;ref_src=twsrc%5Etfw\">#DisneyPlus<\/a> Plan Premium <a href=\"https:\/\/t.co\/ZhVFaZJDY6\">pic.twitter.com\/ZhVFaZJDY6<\/a><\/p>\n<p>\u2014 SportsCenter (@SC_ESPN) <a href=\"https:\/\/x.com\/SC_ESPN\/status\/2096261985625129415?ref_src=twsrc%5Etfw\">September 5, 2026<\/a><\/p><\/blockquote><\/div>\n<div class=\"sc-45461e9c-0 eqiBeF container-text text-embed \" id=\"element-body-3\" readability=\"63\">\n<p>Pese a que solo qued\u00f3 a cuatro d\u00e9cimas de Gasly, Colapinto explic\u00f3 que buscar\u00e1 entender por qu\u00e9 no mejor\u00f3 tanto entre sesi\u00f3n y sesi\u00f3n durante la clasificaci\u00f3n, en la que <strong>volvi\u00f3 a meterse en Q3 <\/strong>por cuarta vez en su carrera -las otras fueron Azerbaiy\u00e1n 2024 (9\u00b0), Miami 2026 (8\u00b0) y Canad\u00e1 2026 (10\u00b0)- y confirm\u00f3 las se\u00f1ales positivas que hab\u00eda mostrado el viernes con la nueva configuraci\u00f3n del Alpine. <\/p>\n<\/div>\n<div class=\"sc-45461e9c-0 eqiBeF container-text text-embed \" id=\"element-body-4\" readability=\"61\">\n<p>Es que Colapinto se mostr\u00f3 fuerte desde el inicio de la clasificaci\u00f3n, en una jornada que hab\u00eda comenzado con un \u00faltimo entrenamiento en el que los dos autos de la escuder\u00eda francesa terminaron en el top 10, con Gasly noveno y el argentino d\u00e9cimo.<\/p>\n<\/div>\n<div class=\"sc-45461e9c-0 eqiBeF container-text text-embed \" id=\"element-body-5\" readability=\"66\">\n<p>En la Q1, apenas les alcanz\u00f3 la primera vuelta. El argentino marc\u00f3 1m22s662, a 50 mil\u00e9simas de su compa\u00f1ero y 31 por detr\u00e1s de Verstappen, para quedar primero y tercero respectivamente, aunque luego Franco caer\u00eda al cuarto lugar. La tanda de 18 minutos dej\u00f3 eliminados a los Aston Martin, los Cadillac, el Williams de Alex Albon y el Racing Bulls de Yuki Tsunoda.<\/p>\n<\/div>\n<div class=\"sc-106e49c0-0 dcVumd freeHtml-embed undefined\" id=\"element-body-6\" readability=\"23.764925373134\">\n<blockquote class=\"twitter-tweet\" readability=\"6.4813432835821\">\n<p lang=\"es\" dir=\"ltr\">\u00a1FRANCO TERMIN\u00d3 CUARTO EN LA Q1! <\/p>\n<p>El tiempo de Colapinto ilusiona para lo que viene en la clasificaci\u00f3n del <a href=\"https:\/\/x.com\/hashtag\/ItalianGP?src=hash&amp;ref_src=twsrc%5Etfw\">#ItalianGP<\/a>.<\/p>\n<p>\ud83d\udcfa Mir\u00e1 la \ud83c\udfce\ufe0f <a href=\"https:\/\/x.com\/hashtag\/Formula1?src=hash&amp;ref_src=twsrc%5Etfw\">#Formula1<\/a> en el Plan Premium de <a href=\"https:\/\/x.com\/disneyplusla?ref_src=twsrc%5Etfw\">@disneyplusla<\/a> <a href=\"https:\/\/t.co\/cIcPDVmdnz\">pic.twitter.com\/cIcPDVmdnz<\/a><\/p>\n<p>\u2014 ESPN Argentina (@ESPNArgentina) <a href=\"https:\/\/x.com\/ESPNArgentina\/status\/2096243340039622671?ref_src=twsrc%5Etfw\">September 5, 2026<\/a><\/p><\/blockquote><\/div>\n<div class=\"sc-45461e9c-0 eqiBeF container-text text-embed \" id=\"element-body-7\" readability=\"64\">\n<p>En una clasificaci\u00f3n donde <strong>el rebufo fue clave y los equipos jugaron en parejas<\/strong> para recortar las mil\u00e9simas que pod\u00edan meterlos o dejarlos afuera del top 10, el piloto de 23 a\u00f1os mejor\u00f3 sus registros en la Q2. Marc\u00f3 1m22s403 en su primer intento y, aunque apenas pudo bajar tres mil\u00e9simas en el segundo, le alcanz\u00f3 para pasar octavo, con Gasly cuarto.<\/p>\n<\/div>\n<div class=\"sc-106e49c0-0 dcVumd freeHtml-embed undefined\" id=\"element-body-8\" readability=\"23.480769230769\">\n<blockquote class=\"twitter-tweet\" readability=\"6.4038461538462\">\n<p lang=\"es\" dir=\"ltr\">\u00a1FRANCO SE CLASIFIC\u00d3 A LA Q3! <\/p>\n<p>Colapinto tuvo un gran desempe\u00f1o en la Q2 al finalizar octavo en el <a href=\"https:\/\/x.com\/hashtag\/ItalianGP?src=hash&amp;ref_src=twsrc%5Etfw\">#ItalianGP<\/a>. <\/p>\n<p>\ud83d\udcfa Mir\u00e1 la \ud83c\udfce\ufe0f <a href=\"https:\/\/x.com\/hashtag\/Formula1?src=hash&amp;ref_src=twsrc%5Etfw\">#Formula1<\/a> en el Plan Premium de <a href=\"https:\/\/x.com\/disneyplusla?ref_src=twsrc%5Etfw\">@disneyplusla<\/a> <a href=\"https:\/\/t.co\/0KOGR1IuHy\">pic.twitter.com\/0KOGR1IuHy<\/a><\/p>\n<p>\u2014 ESPN Argentina (@ESPNArgentina) <a href=\"https:\/\/x.com\/ESPNArgentina\/status\/2096248420344254760?ref_src=twsrc%5Etfw\">September 5, 2026<\/a><\/p><\/blockquote><\/div>\n<div class=\"sc-45461e9c-0 eqiBeF container-text text-embed \" id=\"element-body-9\" readability=\"64\">\n<p>Sin Lawson -que fue obstruido por Oscar Piastri y qued\u00f3 eliminado junto a Sainz, los hombres de Haas y los de Audi-, Verstappen se qued\u00f3 sin una pieza clave para el juego de rebufos y debi\u00f3 conformarse con el sexto lugar, detr\u00e1s de las Ferrari de Charles Leclerc y Lewis Hamilton, que no cumplieron con las expectativas que hab\u00edan generado en los tifosi.<\/p>\n<\/div>\n<div class=\"sc-106e49c0-0 dcVumd freeHtml-embed undefined\" id=\"element-body-10\" readability=\"24.375\">\n<blockquote class=\"twitter-tweet\" readability=\"6\">\n<p lang=\"en\" dir=\"ltr\">\ud83d\udea8 Oscar Piastri has been handed a three-place grid penalty for impeding Liam Lawson during qualifying <\/p>\n<p>He drops from P3 to P6 on the grid \u2b07\ufe0f<a href=\"https:\/\/x.com\/hashtag\/F1?src=hash&amp;ref_src=twsrc%5Etfw\">#F1<\/a> <a href=\"https:\/\/x.com\/hashtag\/ItalianGP?src=hash&amp;ref_src=twsrc%5Etfw\">#ItalianGP<\/a> <a href=\"https:\/\/t.co\/znrzUkGJ4b\">pic.twitter.com\/znrzUkGJ4b<\/a><\/p>\n<p>\u2014 Formula 1 (@F1) <a href=\"https:\/\/x.com\/F1\/status\/2096275738110353494?ref_src=twsrc%5Etfw\">September 5, 2026<\/a><\/p><\/blockquote><\/div>\n<div class=\"sc-45461e9c-0 eqiBeF container-text text-embed \" id=\"element-body-11\" readability=\"64\">\n<p>Fue entonces cuando apareci\u00f3 la gran sorpresa, vestida de azul y rosa. Mientras George Russell se ilusionaba con quedarse con la pole y hac\u00eda el mejor tiempo en la primera salida, el \u00faltimo ingreso a la pista dej\u00f3 a Gasly con un tiempo de 1m21s786 para superarlo por 60 mil\u00e9simas y convertirse, a los 30 a\u00f1os, en poleman de la F\u00f3rmula 1.<\/p>\n<\/div>\n<div class=\"sc-45461e9c-0 eqiBeF container-text text-embed \" id=\"element-body-12\" readability=\"60\">\n<p><strong>\u00abMe decepcion\u00f3 no conseguir la pole\u00bb<\/strong>, reconoci\u00f3 Russell, quien quer\u00eda aprovechar que su compa\u00f1ero de equipo penalizar\u00e1 y largar\u00e1 \u00faltimo para recortar su ventaja en el Campeonato de Pilotos.<\/p>\n<\/div>\n<div class=\"sc-45461e9c-0 eqiBeF container-text text-embed \" id=\"element-body-13\" readability=\"63\">\n<p>Mientras Gasly cruzaba la meta con esa pole provisoria, Colapinto cerr\u00f3 su vuelta y mejor\u00f3 el 1m22s735 de una primera salida con errores que lo hab\u00eda dejado lejos. Con el 1m22s200, logr\u00f3 aprovecharse de una vuelta lenta de Lando Norris, quien se qued\u00f3 sin remolque porque Piastri se pas\u00f3 de largo.<\/p>\n<\/div>\n<div class=\"sc-106e49c0-0 dcVumd freeHtml-embed undefined\" id=\"element-body-14\" readability=\"24.125\">\n<blockquote class=\"twitter-tweet\" readability=\"7.2014925373134\">\n<p lang=\"es\" dir=\"ltr\">\u00a1FRANCO SE CLASIFIC\u00d3 OCTAVO PARA EL <a href=\"https:\/\/x.com\/hashtag\/ItalianGP?src=hash&amp;ref_src=twsrc%5Etfw\">#ItalianGP<\/a>! <\/p>\n<p>Adem\u00e1s del puesto de Colapinto, Alpine festej\u00f3 por la pole de Gasly. <\/p>\n<p>\ud83d\udcfa Mir\u00e1 la \ud83c\udfce\ufe0f <a href=\"https:\/\/x.com\/hashtag\/Formula1?src=hash&amp;ref_src=twsrc%5Etfw\">#Formula1<\/a> en el Plan Premium de <a href=\"https:\/\/x.com\/disneyplusla?ref_src=twsrc%5Etfw\">@disneyplusla<\/a> <a href=\"https:\/\/t.co\/xRwu6a1ab8\">pic.twitter.com\/xRwu6a1ab8<\/a><\/p>\n<p>\u2014 ESPN Argentina (@ESPNArgentina) <a href=\"https:\/\/x.com\/ESPNArgentina\/status\/2096253937846190088?ref_src=twsrc%5Etfw\">September 5, 2026<\/a><\/p><\/blockquote><\/div>\n<div class=\"sc-45461e9c-0 eqiBeF container-text text-embed \" id=\"element-body-15\" readability=\"63\">\n<p>Pese a que largar\u00e1 desde el s\u00e9ptimo lugar -con lo que mejorar\u00e1 el octavo caj\u00f3n de Azerbaiy\u00e1n 2024, donde consigui\u00f3 sus primeros puntos en la F1, y el de Miami 2026-, el pilarense reconoci\u00f3 que <strong>\u00abhab\u00eda un poco m\u00e1s\u00bb<\/strong> para sacarle a su ritmo a una vuelta porque le costaron \u00abun par de curvas toda la sesi\u00f3n\u00bb.<\/p>\n<\/div>\n<div class=\"sc-45461e9c-0 eqiBeF container-text text-embed \" id=\"element-body-16\" readability=\"61\">\n<p>\u00abEso fue un poco lo que me falt\u00f3, pero es parte de la experiencia. Tengo que aprender de un piloto experimentado como Pierre que da esos saltos de sesi\u00f3n a sesi\u00f3n. Pero fue <strong>un muy buen d\u00eda para el equipo<\/strong>\u00ab, reconoci\u00f3 despu\u00e9s de darle un abrazo a su compa\u00f1ero de equipo.<\/p>\n<\/div>\n<div class=\"sc-45461e9c-0 eqiBeF container-text text-embed \" id=\"element-body-17\" readability=\"63\">\n<p>En el box de al lado, la euforia era proporcional a la magnitud del logro de un piloto que llevaba casi una d\u00e9cada buscando su primera pole. Y hacerlo en Monza ten\u00eda un significado especial. <strong>All\u00ed Gasly consigui\u00f3 su primera victoria en la F\u00f3rmula 1 en 2020<\/strong> y ahora, seis a\u00f1os despu\u00e9s, volvi\u00f3 a poner a Alpine en lo m\u00e1s alto.<\/p>\n<\/div>\n<div class=\"sc-45461e9c-0 eqiBeF container-text text-embed \" id=\"element-body-18\" readability=\"62\">\n<p>\u00ab<strong>Gan\u00e9 mi primera carrera en Monza y ahora, mi primera pole<\/strong>. Han pasado nueve a\u00f1os de trabajo constante intentando conseguir la pole. Fue incre\u00edble. Fue una sesi\u00f3n de clasificaci\u00f3n incre\u00edble. Desde la primera vuelta en la Q1 me sent\u00ed de maravilla en el coche. Se sinti\u00f3 como una vuelta muy buena\u00bb, resalt\u00f3 Gasly.<\/p>\n<\/div>\n<div class=\"sc-45461e9c-0 eqiBeF container-text text-embed \" id=\"element-body-19\" readability=\"63\">\n<p>Alpine ir\u00e1 por la victoria en Monza, tal como lo reconoci\u00f3 su director general, Steve Nielsen. \u00ab<strong>\u00a1Vamos a ganar! <\/strong>Nuestro paquete no genera mucha resistencia aerodin\u00e1mica, lo que favorece nuestra velocidad punta. Por eso seremos dif\u00edciles de adelantar ma\u00f1ana\u00bb, argument\u00f3.<\/p>\n<\/div>\n<div class=\"sc-45461e9c-0 eqiBeF container-text text-embed \" id=\"element-body-20\" readability=\"65\">\n<p>Esa caracter\u00edstica, sumada a la cualidad de ser <strong>el piloto con mejor tiempo de reacci\u00f3n en la largada de la temporada<\/strong>, puede favorecer a Franco Colapinto para para protagonizar una carrera que, hasta hace apenas unos d\u00edas, parec\u00eda dif\u00edcil de imaginar. Largar\u00e1 s\u00e9ptimo, con un Alpine competitivo y su compa\u00f1ero de equipo en la pole. El desaf\u00edo ahora ser\u00e1 convertir la sorpresa de la clasificaci\u00f3n en <strong>el mejor domingo de la temporada justo en el fin de semana que comenz\u00f3 con nueve puntos menos<\/strong>.<\/p>\n<\/div>\n<div class=\"sc-45461e9c-0 eqiBeF container-text text-embed \" id=\"element-body-21\" readability=\"61\">\n<p>Parec\u00eda imposible recuperar el quinto lugar del Campeonato de Constructores, ya que son 16 puntos los que lo distancian de Racing Bulls. Pero la esperanza la alimenta el rendimiento. Los dos Alpine fueron competitivos y confirmaron que con la actualizaci\u00f3n en los dos autos pueden recortar esa brecha y volver a ser los mejores del resto.<\/p>\n<\/div>\n","protected":false},"excerpt":{"rendered":"<p>Se puede pasar de la bronca a la felicidad plena por un resultado deportivo. Alpine, que el viernes se mov\u00eda en Monza entre el enojo por la quita del podio en M\u00f3naco y el gran rendimiento de Franco Colapinto con un A526 actualizado, festej\u00f3 este s\u00e1bado una clasificaci\u00f3n inolvidable: los dos autos en Q3, la [&hellip;]<\/p>\n","protected":false},"author":1,"featured_media":197904,"comment_status":"closed","ping_status":"closed","sticky":false,"template":"","format":"standard","meta":[],"categories":[20],"tags":[],"_links":{"self":[{"href":"http:\/\/cordobainforma.info\/index.php\/wp-json\/wp\/v2\/posts\/197903"}],"collection":[{"href":"http:\/\/cordobainforma.info\/index.php\/wp-json\/wp\/v2\/posts"}],"about":[{"href":"http:\/\/cordobainforma.info\/index.php\/wp-json\/wp\/v2\/types\/post"}],"author":[{"embeddable":true,"href":"http:\/\/cordobainforma.info\/index.php\/wp-json\/wp\/v2\/users\/1"}],"replies":[{"embeddable":true,"href":"http:\/\/cordobainforma.info\/index.php\/wp-json\/wp\/v2\/comments?post=197903"}],"version-history":[{"count":0,"href":"http:\/\/cordobainforma.info\/index.php\/wp-json\/wp\/v2\/posts\/197903\/revisions"}],"wp:featuredmedia":[{"embeddable":true,"href":"http:\/\/cordobainforma.info\/index.php\/wp-json\/wp\/v2\/media\/197904"}],"wp:attachment":[{"href":"http:\/\/cordobainforma.info\/index.php\/wp-json\/wp\/v2\/media?parent=197903"}],"wp:term":[{"taxonomy":"category","embeddable":true,"href":"http:\/\/cordobainforma.info\/index.php\/wp-json\/wp\/v2\/categories?post=197903"},{"taxonomy":"post_tag","embeddable":true,"href":"http:\/\/cordobainforma.info\/index.php\/wp-json\/wp\/v2\/tags?post=197903"}],"curies":[{"name":"wp","href":"https:\/\/api.w.org\/{rel}","templated":true}]}}