{"id":197899,"date":"2026-09-04T20:02:15","date_gmt":"2026-09-04T20:02:15","guid":{"rendered":"https:\/\/somoscordobeses.com\/2026\/09\/04\/reino-unido-respuesta-milei-malvinas-autodeterminacion\/"},"modified":"2026-09-04T20:02:15","modified_gmt":"2026-09-04T20:02:15","slug":"reino-unido-respondio-al-discurso-de-milei-sobre-malvinas-y-defendio-la-autodeterminacion-de-los-islenos","status":"publish","type":"post","link":"http:\/\/cordobainforma.info\/index.php\/2026\/09\/04\/reino-unido-respondio-al-discurso-de-milei-sobre-malvinas-y-defendio-la-autodeterminacion-de-los-islenos\/","title":{"rendered":"Reino Unido respondi\u00f3 al discurso de Milei sobre Malvinas y defendi\u00f3 la autodeterminaci\u00f3n de los isle\u00f1os"},"content":{"rendered":"<div><img src=\"http:\/\/cordobainforma.info\/wp-content\/uploads\/2026\/09\/reino-unido-respondio-al-discurso-de-milei-sobre-malvinas-y-defendio-la-autodeterminacion-de-los-islenos.jpg\" class=\"ff-og-image-inserted\"><\/div>\n<div class=\"tdb-block-inner td-fix-index\" readability=\"34\">\n<p><strong>Tras la cadena nacional del presidente Javier Milei, el gobierno brit\u00e1nico emiti\u00f3 una respuesta oficial en la que afirm\u00f3 que las islas Malvinas seguir\u00e1n siendo brit\u00e1nicas mientras los isle\u00f1os lo deseen.<\/strong><\/p>\n<p>Luego de la cadena nacional realizada por el presidente Javier Milei el jueves, el gobierno de Reino Unido emiti\u00f3 una respuesta oficial respecto al reclamo argentino por las islas Malvinas.<\/p>\n<p>Seg\u00fan inform\u00f3 la BBC, un portavoz de Downing Street declar\u00f3 que las fuerzas armadas brit\u00e1nicas \u00abest\u00e1n en alerta las 24 horas del d\u00eda, los siete d\u00edas de la semana, para proteger al Reino Unido\u00bb.<\/p>\n<p>En su discurso, Milei se refiri\u00f3 a la soberan\u00eda argentina sobre las islas y anunci\u00f3 sanciones contra las petroleras que operan en el archipi\u00e9lago sin autorizaci\u00f3n argentina.<\/p>\n<p>Desde el gobierno brit\u00e1nico insistieron en que las islas seguir\u00e1n siendo brit\u00e1nicas \u00abmientras los isle\u00f1os lo deseen\u00bb, haciendo \u00e9nfasis en el concepto de autodeterminaci\u00f3n de los habitantes.<\/p>\n<p>\u00abNo es la primera vez que un Gobierno argentino pronuncia amenazas contra los isle\u00f1os. Nosotros dejamos claro que la autodeterminaci\u00f3n de esos habitantes se extiende al derecho a explotar sus riquezas naturales\u00bb, expres\u00f3 el portavoz.<\/p>\n<\/div>\n","protected":false},"excerpt":{"rendered":"<p>Tras la cadena nacional del presidente Javier Milei, el gobierno brit\u00e1nico emiti\u00f3 una respuesta oficial en la que afirm\u00f3 que las islas Malvinas seguir\u00e1n siendo brit\u00e1nicas mientras los isle\u00f1os lo deseen. Luego de la cadena nacional realizada por el presidente Javier Milei el jueves, el gobierno de Reino Unido emiti\u00f3 una respuesta oficial respecto al [&hellip;]<\/p>\n","protected":false},"author":1,"featured_media":197900,"comment_status":"closed","ping_status":"closed","sticky":false,"template":"","format":"standard","meta":[],"categories":[2],"tags":[],"_links":{"self":[{"href":"http:\/\/cordobainforma.info\/index.php\/wp-json\/wp\/v2\/posts\/197899"}],"collection":[{"href":"http:\/\/cordobainforma.info\/index.php\/wp-json\/wp\/v2\/posts"}],"about":[{"href":"http:\/\/cordobainforma.info\/index.php\/wp-json\/wp\/v2\/types\/post"}],"author":[{"embeddable":true,"href":"http:\/\/cordobainforma.info\/index.php\/wp-json\/wp\/v2\/users\/1"}],"replies":[{"embeddable":true,"href":"http:\/\/cordobainforma.info\/index.php\/wp-json\/wp\/v2\/comments?post=197899"}],"version-history":[{"count":0,"href":"http:\/\/cordobainforma.info\/index.php\/wp-json\/wp\/v2\/posts\/197899\/revisions"}],"wp:featuredmedia":[{"embeddable":true,"href":"http:\/\/cordobainforma.info\/index.php\/wp-json\/wp\/v2\/media\/197900"}],"wp:attachment":[{"href":"http:\/\/cordobainforma.info\/index.php\/wp-json\/wp\/v2\/media?parent=197899"}],"wp:term":[{"taxonomy":"category","embeddable":true,"href":"http:\/\/cordobainforma.info\/index.php\/wp-json\/wp\/v2\/categories?post=197899"},{"taxonomy":"post_tag","embeddable":true,"href":"http:\/\/cordobainforma.info\/index.php\/wp-json\/wp\/v2\/tags?post=197899"}],"curies":[{"name":"wp","href":"https:\/\/api.w.org\/{rel}","templated":true}]}}