{"id":197897,"date":"2026-09-04T20:50:36","date_gmt":"2026-09-04T20:50:36","guid":{"rendered":"https:\/\/somoscordobeses.com\/2026\/09\/04\/provincia-inauguro-sala-3-anos-ipea-403-las-varas\/"},"modified":"2026-09-04T20:50:36","modified_gmt":"2026-09-04T20:50:36","slug":"la-provincia-inauguro-una-sala-de-3-anos-y-acompano-la-imposicion-de-nombre-del-ipea-n-o-403-en-las-varas","status":"publish","type":"post","link":"http:\/\/cordobainforma.info\/index.php\/2026\/09\/04\/la-provincia-inauguro-una-sala-de-3-anos-y-acompano-la-imposicion-de-nombre-del-ipea-n-o-403-en-las-varas\/","title":{"rendered":"La Provincia inaugur\u00f3 una sala de 3 a\u00f1os y acompa\u00f1\u00f3 la imposici\u00f3n de nombre del IPEA N.\u00ba 403 en Las Varas"},"content":{"rendered":"<div><img src=\"http:\/\/cordobainforma.info\/wp-content\/uploads\/2026\/09\/la-provincia-inauguro-una-sala-de-3-anos-y-acompano-la-imposicion-de-nombre-del-ipea-n-o-403-en-las-varas.jpg\" class=\"ff-og-image-inserted\"><\/div>\n<p><strong>El Ministerio de Educaci\u00f3n de la Provincia inaugur\u00f3 una nueva sala de 3 a\u00f1os en el Jard\u00edn de Infantes Mariano Moreno y encabez\u00f3 el acto de imposici\u00f3n de nombre del IPEA N.\u00ba 403 \u201cEdith Ferri de Mac\u00edas\u201d en Las Varas.<\/strong><\/p>\n<p>La Provincia, a trav\u00e9s del Ministerio de Educaci\u00f3n, inaugur\u00f3 una nueva sala de 3 a\u00f1os en el Jard\u00edn de Infantes Mariano Moreno y encabez\u00f3 el acto de imposici\u00f3n de nombre del IPEA N.\u00ba 403 \u201cEdith Ferri de Mac\u00edas\u201d, en la localidad de Las Varas.<\/p>\n<p>La actividad institucional fue encabezada por el ministro Horacio Ferreyra y el intendente Fabi\u00e1n Mac\u00edas, junto a la comunidad escolar. La nueva sala ampl\u00eda la infraestructura educativa local y permite extender las condiciones de escolarizaci\u00f3n para ni\u00f1as y ni\u00f1os desde la primera infancia.<\/p>\n<p>\u201cCada nueva sala es una puerta que se abre para garantizar m\u00e1s oportunidades, mejores aprendizajes y trayectorias educativas cuidadas desde los primeros a\u00f1os\u201d, expres\u00f3 Ferreyra, quien agreg\u00f3: \u201cEl gobernador Mart\u00edn Llaryora sostiene a la educaci\u00f3n como una prioridad y eso se traduce en obras concretas para las comunidades de toda la provincia\u201d.<\/p>\n<p>Por su parte, el intendente Fabi\u00e1n Mac\u00edas destac\u00f3 el impacto de la obra para Las Varas: \u201cEsta sala representa una mejora muy importante para las familias y para toda la comunidad educativa. Es una inversi\u00f3n que acompa\u00f1a el crecimiento de nuestra localidad y reafirma el valor de trabajar articuladamente con la Provincia\u201d.<\/p>\n<p>Durante la segunda actividad, se llev\u00f3 adelante el acto de imposici\u00f3n de nombre del IPEA N.\u00ba 403, que desde ahora lleva la denominaci\u00f3n \u201cEdith Ferri de Mac\u00edas\u201d. La iniciativa reconoce la trayectoria de una educadora de Las Varas en el \u00e1mbito de la formaci\u00f3n de ni\u00f1as, ni\u00f1os y j\u00f3venes.<\/p>\n<p>El instituto fue creado en 2009 para brindar a j\u00f3venes de Las Varas y la regi\u00f3n una propuesta de formaci\u00f3n agropecuaria vinculada al trabajo y al desarrollo local. Inici\u00f3 sus actividades como anexo del IPEM N.\u00ba 263 \u201cBernardo Houssay\u201d, en instalaciones cedidas por la Escuela Primaria Mariano Moreno. En octubre de 2010 inaugur\u00f3 su edificio propio, ubicado en la intersecci\u00f3n de las calles Falucho y Chancay.<\/p>\n<p>Actualmente, la instituci\u00f3n es dirigida por Elizabeth T\u00e1ppero y cuenta con una matr\u00edcula de 157 estudiantes y una planta funcional de 42 agentes. Tambi\u00e9n participaron del evento la subinspectora general de Educaci\u00f3n T\u00e9cnica, Claudia M\u00e9ndez, y el legislador provincial por el departamento San Justo, Gustavo Tevez.<\/p>\n","protected":false},"excerpt":{"rendered":"<p>El Ministerio de Educaci\u00f3n de la Provincia inaugur\u00f3 una nueva sala de 3 a\u00f1os en el Jard\u00edn de Infantes Mariano Moreno y encabez\u00f3 el acto de imposici\u00f3n de nombre del IPEA N.\u00ba 403 \u201cEdith Ferri de Mac\u00edas\u201d en Las Varas. La Provincia, a trav\u00e9s del Ministerio de Educaci\u00f3n, inaugur\u00f3 una nueva sala de 3 a\u00f1os [&hellip;]<\/p>\n","protected":false},"author":1,"featured_media":197898,"comment_status":"closed","ping_status":"closed","sticky":false,"template":"","format":"standard","meta":[],"categories":[2],"tags":[],"_links":{"self":[{"href":"http:\/\/cordobainforma.info\/index.php\/wp-json\/wp\/v2\/posts\/197897"}],"collection":[{"href":"http:\/\/cordobainforma.info\/index.php\/wp-json\/wp\/v2\/posts"}],"about":[{"href":"http:\/\/cordobainforma.info\/index.php\/wp-json\/wp\/v2\/types\/post"}],"author":[{"embeddable":true,"href":"http:\/\/cordobainforma.info\/index.php\/wp-json\/wp\/v2\/users\/1"}],"replies":[{"embeddable":true,"href":"http:\/\/cordobainforma.info\/index.php\/wp-json\/wp\/v2\/comments?post=197897"}],"version-history":[{"count":0,"href":"http:\/\/cordobainforma.info\/index.php\/wp-json\/wp\/v2\/posts\/197897\/revisions"}],"wp:featuredmedia":[{"embeddable":true,"href":"http:\/\/cordobainforma.info\/index.php\/wp-json\/wp\/v2\/media\/197898"}],"wp:attachment":[{"href":"http:\/\/cordobainforma.info\/index.php\/wp-json\/wp\/v2\/media?parent=197897"}],"wp:term":[{"taxonomy":"category","embeddable":true,"href":"http:\/\/cordobainforma.info\/index.php\/wp-json\/wp\/v2\/categories?post=197897"},{"taxonomy":"post_tag","embeddable":true,"href":"http:\/\/cordobainforma.info\/index.php\/wp-json\/wp\/v2\/tags?post=197897"}],"curies":[{"name":"wp","href":"https:\/\/api.w.org\/{rel}","templated":true}]}}