{"id":197893,"date":"2026-09-04T20:41:20","date_gmt":"2026-09-04T20:41:20","guid":{"rendered":"http:\/\/cordobainforma.info\/index.php\/2026\/09\/04\/el-mapa-del-mundo-cambia-despues-de-casi-500-anos-la-historica-decision-de-la-onu\/"},"modified":"2026-09-04T20:41:20","modified_gmt":"2026-09-04T20:41:20","slug":"el-mapa-del-mundo-cambia-despues-de-casi-500-anos-la-historica-decision-de-la-onu","status":"publish","type":"post","link":"http:\/\/cordobainforma.info\/index.php\/2026\/09\/04\/el-mapa-del-mundo-cambia-despues-de-casi-500-anos-la-historica-decision-de-la-onu\/","title":{"rendered":"El mapa del mundo cambia despu\u00e9s de casi 500 a\u00f1os: la hist\u00f3rica decisi\u00f3n de la ONU"},"content":{"rendered":"<p><img src=\"http:\/\/cordobainforma.info\/wp-content\/uploads\/2026\/09\/el-mapa-del-mundo-cambia-despues-de-casi-500-anos-la-historica-decision-de-la-onu.jpg\"><\/p>\n<p>La Asamblea General de la ONU aprob\u00f3 este viernes una resoluci\u00f3n que promueve <strong>dejar atr\u00e1s la proyecci\u00f3n de Mercator<\/strong>, creada en el siglo XVI y todav\u00eda ampliamente utilizada, para avanzar hacia mapas que reflejen con mayor precisi\u00f3n el tama\u00f1o real de los continentes, <a href=\"https:\/\/www.reuters.com\/world\/africa\/un-approves-resolution-support-map-that-shows-africas-true-size-2026-09-04\/\" target=\"_blank\" rel=\"noopener noreferrer\">inform\u00f3<\/a> Reuters. La iniciativa, impulsada por pa\u00edses africanos, obtuvo 164 votos a favor, seis abstenciones y solo uno en contra: el de EE.UU.<\/p>\n<div class=\"EmbedBlock-root EmbedBlock-all\">\n<div class=\"AllEmbed\">\n<blockquote class=\"twitter-tweet\">\n<p lang=\"es\" dir=\"ltr\">\ud83d\udd34URGENTE. La Asamblea General de la ONU adopta una resoluci\u00f3n para dejar de utilizar oficialmente el mapa del mundo de Mercator y sustituirlo por otro m\u00e1s fiel al verdadero tama\u00f1o de los continentes, en especial \u00c1frica.<\/p>\n<p>A FAVOR: 164<br \/>EN CONTRA: 1 (Estados Unidos)<br \/>ABSTACIONES: 6 <a href=\"https:\/\/t.co\/NrKVcEOVvg\">pic.twitter.com\/NrKVcEOVvg<\/a><\/p>\n<p>\u2014 Noticias ONU (@NoticiasONU) <a href=\"https:\/\/x.com\/NoticiasONU\/status\/2095905691365994831?ref_src=twsrc%5Etfw\">September 4, 2026<\/a><\/p><\/blockquote>\n<\/div>\n<\/div>\n<p>El principal cuestionamiento a Mercator es <strong>la distorsi\u00f3n que produce al representar una superficie esf\u00e9rica sobre un plano<\/strong>: agranda las masas terrestres pr\u00f3ximas a los polos respecto de las situadas cerca del ecuador. El ejemplo m\u00e1s llamativo es Groenlandia, que aparece aproximadamente del mismo tama\u00f1o que \u00c1frica, pese a que el continente africano es unas 14 veces mayor.<\/p>\n<p>La resoluci\u00f3n promueve como alternativa la proyecci\u00f3n Equal Earth (Tierra igual), desarrollada en 2018 y dise\u00f1ada para <strong>conservar de manera mucho m\u00e1s fiel las proporciones relativas de las superficies<\/strong>. La medida no es jur\u00eddicamente vinculante y tampoco cuestiona el empleo de Mercator en la navegaci\u00f3n mar\u00edtima y a\u00e9rea, \u00e1mbito para el cual contin\u00faa siendo adecuada.<\/p>\n<div class=\"EmbedBlock-root EmbedBlock-all\">\n<div class=\"AllEmbed\">\n<blockquote class=\"twitter-tweet\">\n<p lang=\"en\" dir=\"ltr\">\ud83c\udf0d The U.N. voted 164-1 to encourage a shift away from the Mercator map toward the Equal Earth projection, which better reflects countries\u2019 true size.<\/p>\n<p>\ud83c\uddfa\ud83c\uddf8 The U.S. was the only country to vote against it, calling the measure an \u201cideological agenda.\u201d<\/p>\n<p>Africa is about 14x larger\u2026 <a href=\"https:\/\/t.co\/oX9UBAVpF7\">pic.twitter.com\/oX9UBAVpF7<\/a><\/p>\n<p>\u2014 Ground News (@Ground_app) <a href=\"https:\/\/x.com\/Ground_app\/status\/2095945373705707655?ref_src=twsrc%5Etfw\">September 4, 2026<\/a><\/p><\/blockquote>\n<\/div>\n<\/div>\n<p>Togo encabez\u00f3 la iniciativa en Naciones Unidas como parte de una campa\u00f1a m\u00e1s amplia respaldada por la Uni\u00f3n Africana para limitar el uso de Mercator. <strong>\u00abUn mundo justo comienza con un mapa justo\u00bb<\/strong>, afirm\u00f3 a Reuters el ministro de Relaciones Exteriores togol\u00e9s, Robert Dussey, antes de la votaci\u00f3n.<\/p>\n<div class=\"ReadMore-root Section-root Section-is1to3-xs_is1to1\" data-widgets=\"ReadMore\">\n<div class=\"Section-container Section-isRow-isTop-isWrap\">\n<article class=\"Card-root Card-is1to1 Card-default\">\n<div class=\"Card-imageWrap\">\n<div class=\"Card-picture\"> <picture class=\"Picture-root Picture-default\"><!--[if IE 9]><video style=\"display: none;\"><![endif]--><source media=\"(-webkit-min-device-pixel-ratio: 2) and (min-resolution: 120dpi)\" srcset=\"http:\/\/cordobainforma.info\/wp-content\/uploads\/2026\/09\/el-mapa-del-mundo-cambia-despues-de-casi-500-anos-la-historica-decision-de-la-onu-2.jpg 850w, http:\/\/cordobainforma.info\/wp-content\/uploads\/2026\/09\/el-mapa-del-mundo-cambia-despues-de-casi-500-anos-la-historica-decision-de-la-onu-3.jpg 1960w\"><source srcset=\"http:\/\/cordobainforma.info\/wp-content\/uploads\/2026\/09\/el-mapa-del-mundo-cambia-despues-de-casi-500-anos-la-historica-decision-de-la-onu-2.jpg, https:\/\/actualidad.rt.com\/actualidad\/460, http:\/\/cordobainforma.info\/wp-content\/uploads\/2026\/09\/el-mapa-del-mundo-cambia-despues-de-casi-500-anos-la-historica-decision-de-la-onu-3.jpg 980w\"><!--[if IE 9]><\/video><![endif]--><img data-sizes=\"auto\" src=\"http:\/\/cordobainforma.info\/wp-content\/uploads\/2026\/09\/el-mapa-del-mundo-cambia-despues-de-casi-500-anos-la-historica-decision-de-la-onu-2.jpg\" class=\"Picture-root Picture-default lazyload\" alt=\"Un pron\u00f3stico preocupante sobre El Ni\u00f1o pone al mundo en alerta\"><\/picture><!-- noscript pattern --><noscript><img src=\"http:\/\/cordobainforma.info\/wp-content\/uploads\/2026\/09\/el-mapa-del-mundo-cambia-despues-de-casi-500-anos-la-historica-decision-de-la-onu-3.jpg\" alt=\"Un pron\u00f3stico preocupante sobre El Ni\u00f1o pone al mundo en alerta\"><\/noscript> <\/div><\/div>\n<\/article><\/div><\/div>\n<h3>EE.UU., el \u00fanico voto negativo<\/h3>\n<p>EE.UU., \u00fanico pa\u00eds que rechaz\u00f3 la resoluci\u00f3n, argument\u00f3 que esta promov\u00eda una<strong> \u00abagenda ideol\u00f3gica\u00bb<\/strong> y desviaba la atenci\u00f3n de los \u00abverdaderos problemas de paz internacional, prosperidad o buenas relaciones\u00bb. Togo, en cambio, pretende convertirse antes de fin de a\u00f1o en el primer pa\u00eds en modificar sus libros escolares de geograf\u00eda de acuerdo con la iniciativa.<\/p>\n<p>El debate viene cobrando fuerza desde hace a\u00f1os. La Uni\u00f3n Africana <a href=\"https:\/\/actualidad.rt.com\/actualidad\/562700-africa-exige-corregir-mapas-campa%C3%B1a-global\">respald\u00f3 en 2025 la campa\u00f1a internacional &#8216;Correct The Map&#8217;<\/a> (Correjid el mapa), que sostiene que la representaci\u00f3n tradicional contribuy\u00f3 a minimizar visualmente a \u00c1frica y otras regiones pr\u00f3ximas al ecuador. Sus impulsores consideran que esa distorsi\u00f3n tambi\u00e9n <strong>ha influido en la percepci\u00f3n del peso pol\u00edtico, econ\u00f3mico y cultural del continente.<\/strong><\/p>\n<p>La proyecci\u00f3n fue creada en 1569 por el cart\u00f3grafo flamenco Gerardus Mercator para facilitar la navegaci\u00f3n, no para comparar superficies territoriales. Casi cinco siglos despu\u00e9s, Togo buscar\u00e1 ahora que otros gobiernos, escuelas, organismos internacionales y empresas tecnol\u00f3gicas adopten alternativas como &#8216;Equal Earth&#8217;, y prev\u00e9 discutir durante los pr\u00f3ximos seis meses con pa\u00edses de la Uni\u00f3n Africana y otras regiones c\u00f3mo extender su utilizaci\u00f3n.<\/p>\n","protected":false},"excerpt":{"rendered":"<p>La Asamblea General de la ONU aprob\u00f3 este viernes una resoluci\u00f3n que promueve dejar atr\u00e1s la proyecci\u00f3n de Mercator, creada en el siglo XVI y todav\u00eda ampliamente utilizada, para avanzar hacia mapas que reflejen con mayor precisi\u00f3n el tama\u00f1o real de los continentes, inform\u00f3 Reuters. La iniciativa, impulsada por pa\u00edses africanos, obtuvo 164 votos a [&hellip;]<\/p>\n","protected":false},"author":1,"featured_media":197894,"comment_status":"closed","ping_status":"closed","sticky":false,"template":"","format":"standard","meta":[],"categories":[22],"tags":[],"_links":{"self":[{"href":"http:\/\/cordobainforma.info\/index.php\/wp-json\/wp\/v2\/posts\/197893"}],"collection":[{"href":"http:\/\/cordobainforma.info\/index.php\/wp-json\/wp\/v2\/posts"}],"about":[{"href":"http:\/\/cordobainforma.info\/index.php\/wp-json\/wp\/v2\/types\/post"}],"author":[{"embeddable":true,"href":"http:\/\/cordobainforma.info\/index.php\/wp-json\/wp\/v2\/users\/1"}],"replies":[{"embeddable":true,"href":"http:\/\/cordobainforma.info\/index.php\/wp-json\/wp\/v2\/comments?post=197893"}],"version-history":[{"count":0,"href":"http:\/\/cordobainforma.info\/index.php\/wp-json\/wp\/v2\/posts\/197893\/revisions"}],"wp:featuredmedia":[{"embeddable":true,"href":"http:\/\/cordobainforma.info\/index.php\/wp-json\/wp\/v2\/media\/197894"}],"wp:attachment":[{"href":"http:\/\/cordobainforma.info\/index.php\/wp-json\/wp\/v2\/media?parent=197893"}],"wp:term":[{"taxonomy":"category","embeddable":true,"href":"http:\/\/cordobainforma.info\/index.php\/wp-json\/wp\/v2\/categories?post=197893"},{"taxonomy":"post_tag","embeddable":true,"href":"http:\/\/cordobainforma.info\/index.php\/wp-json\/wp\/v2\/tags?post=197893"}],"curies":[{"name":"wp","href":"https:\/\/api.w.org\/{rel}","templated":true}]}}