{"id":197891,"date":"2026-09-04T20:43:42","date_gmt":"2026-09-04T20:43:42","guid":{"rendered":"http:\/\/cordobainforma.info\/index.php\/2026\/09\/04\/trump-dice-que-tiene-una-propuesta-para-poner-fin-al-conflicto-ucraniano\/"},"modified":"2026-09-04T20:43:42","modified_gmt":"2026-09-04T20:43:42","slug":"trump-dice-que-tiene-una-propuesta-para-poner-fin-al-conflicto-ucraniano","status":"publish","type":"post","link":"http:\/\/cordobainforma.info\/index.php\/2026\/09\/04\/trump-dice-que-tiene-una-propuesta-para-poner-fin-al-conflicto-ucraniano\/","title":{"rendered":"Trump dice que tiene una \u00abpropuesta para poner fin\u00bb al conflicto ucraniano"},"content":{"rendered":"<p><img src=\"http:\/\/cordobainforma.info\/wp-content\/uploads\/2026\/09\/trump-dice-que-tiene-una-propuesta-para-poner-fin-al-conflicto-ucraniano.jpg\"><\/p>\n<p>El presidente de Estados Unidos, Donald Trump, se refiri\u00f3 este viernes ante periodistas en la Casa Blanca a la posible visita de sus enviados Jared Kushner y Steve Witkoff a Mosc\u00fa y Kiev, y coment\u00f3 que ambos llevar\u00edan una \u00abpropuesta para poner fin a la guerra\u00bb en Ucrania.<\/p>\n<div class=\"ReadMore-root Section-root Section-is1to3-xs_is1to1\" data-widgets=\"ReadMore\">\n<div class=\"Section-container Section-isRow-isTop-isWrap\">\n<article class=\"Card-root Card-is1to1 Card-default\">\n<div class=\"Card-imageWrap\">\n<div class=\"Card-picture\"> <picture class=\"Picture-root Picture-default\"><!--[if IE 9]><video style=\"display: none;\"><![endif]--><source media=\"(-webkit-min-device-pixel-ratio: 2) and (min-resolution: 120dpi)\" srcset=\"http:\/\/cordobainforma.info\/wp-content\/uploads\/2026\/09\/trump-dice-que-tiene-una-propuesta-para-poner-fin-al-conflicto-ucraniano-2.jpg 850w, http:\/\/cordobainforma.info\/wp-content\/uploads\/2026\/09\/trump-dice-que-tiene-una-propuesta-para-poner-fin-al-conflicto-ucraniano-3.jpg 1960w\"><source srcset=\"http:\/\/cordobainforma.info\/wp-content\/uploads\/2026\/09\/trump-dice-que-tiene-una-propuesta-para-poner-fin-al-conflicto-ucraniano-2.jpg, https:\/\/actualidad.rt.com\/actualidad\/460, http:\/\/cordobainforma.info\/wp-content\/uploads\/2026\/09\/trump-dice-que-tiene-una-propuesta-para-poner-fin-al-conflicto-ucraniano-3.jpg 980w\"><!--[if IE 9]><\/video><![endif]--><img data-sizes=\"auto\" src=\"http:\/\/cordobainforma.info\/wp-content\/uploads\/2026\/09\/trump-dice-que-tiene-una-propuesta-para-poner-fin-al-conflicto-ucraniano-2.jpg\" class=\"Picture-root Picture-default lazyload\" alt=\"Trump asegura que Rusia no tiene intenci\u00f3n de atacar a los pa\u00edses de la OTAN\"><\/picture><!-- noscript pattern --><noscript><img src=\"http:\/\/cordobainforma.info\/wp-content\/uploads\/2026\/09\/trump-dice-que-tiene-una-propuesta-para-poner-fin-al-conflicto-ucraniano-3.jpg\" alt=\"Trump asegura que Rusia no tiene intenci\u00f3n de atacar a los pa\u00edses de la OTAN\"><\/noscript> <\/div><\/div>\n<\/article><\/div><\/div>\n<p>Cuando una periodista le pregunt\u00f3 si Kushner y Witkoff \u2014quienes se espera que viajen a Kiev y Mosc\u00fa, aunque&nbsp;no se ha confirmado oficialmente\u2014 llevar\u00edan consigo <strong>nuevas propuestas<\/strong> para terminar el conflicto, Trump respondi\u00f3: \u00abNo, ellos llevan <strong>una propuesta<\/strong> para terminar la guerra\u00bb, y a\u00f1adi\u00f3: \u00abPorque he terminado ocho guerras. Espero que est\u00e9n orgullosos de m\u00ed\u00bb.<\/p>\n<p>Por su parte, el portavoz de la Presidencia de Rusia, Dmitri <a href=\"https:\/\/actualidad.rt.com\/actualidad\/625900-peskov-comenta-reportes-visita-kushner-witkoff\">Peskov, declar\u00f3 este viernes<\/a> que Mosc\u00fa no anunciar\u00eda&nbsp;nada de antemano, pero que informar\u00e1n cuando se produzcan los contactos.&nbsp;<\/p>\n","protected":false},"excerpt":{"rendered":"<p>El presidente de Estados Unidos, Donald Trump, se refiri\u00f3 este viernes ante periodistas en la Casa Blanca a la posible visita de sus enviados Jared Kushner y Steve Witkoff a Mosc\u00fa y Kiev, y coment\u00f3 que ambos llevar\u00edan una \u00abpropuesta para poner fin a la guerra\u00bb en Ucrania. Cuando una periodista le pregunt\u00f3 si Kushner [&hellip;]<\/p>\n","protected":false},"author":1,"featured_media":197892,"comment_status":"closed","ping_status":"closed","sticky":false,"template":"","format":"standard","meta":[],"categories":[22],"tags":[],"_links":{"self":[{"href":"http:\/\/cordobainforma.info\/index.php\/wp-json\/wp\/v2\/posts\/197891"}],"collection":[{"href":"http:\/\/cordobainforma.info\/index.php\/wp-json\/wp\/v2\/posts"}],"about":[{"href":"http:\/\/cordobainforma.info\/index.php\/wp-json\/wp\/v2\/types\/post"}],"author":[{"embeddable":true,"href":"http:\/\/cordobainforma.info\/index.php\/wp-json\/wp\/v2\/users\/1"}],"replies":[{"embeddable":true,"href":"http:\/\/cordobainforma.info\/index.php\/wp-json\/wp\/v2\/comments?post=197891"}],"version-history":[{"count":0,"href":"http:\/\/cordobainforma.info\/index.php\/wp-json\/wp\/v2\/posts\/197891\/revisions"}],"wp:featuredmedia":[{"embeddable":true,"href":"http:\/\/cordobainforma.info\/index.php\/wp-json\/wp\/v2\/media\/197892"}],"wp:attachment":[{"href":"http:\/\/cordobainforma.info\/index.php\/wp-json\/wp\/v2\/media?parent=197891"}],"wp:term":[{"taxonomy":"category","embeddable":true,"href":"http:\/\/cordobainforma.info\/index.php\/wp-json\/wp\/v2\/categories?post=197891"},{"taxonomy":"post_tag","embeddable":true,"href":"http:\/\/cordobainforma.info\/index.php\/wp-json\/wp\/v2\/tags?post=197891"}],"curies":[{"name":"wp","href":"https:\/\/api.w.org\/{rel}","templated":true}]}}