{"id":197889,"date":"2026-09-04T02:58:00","date_gmt":"2026-09-04T02:58:00","guid":{"rendered":"https:\/\/www.mujerhoy.com\/vivir\/bienestar\/doctora-ana-isabel-sanz-psiquiatra-como-altera-cerebro-calor-malestar-estres-20260904145536-nt.html"},"modified":"2026-09-04T02:58:00","modified_gmt":"2026-09-04T02:58:00","slug":"dra-ana-isabel-sanz-psiquiatra-el-calor-altera-el-funcionamiento-de-nuestro-cerebro-y-genera-una-sensacion-de-malestar-y-estres","status":"publish","type":"post","link":"http:\/\/cordobainforma.info\/index.php\/2026\/09\/04\/dra-ana-isabel-sanz-psiquiatra-el-calor-altera-el-funcionamiento-de-nuestro-cerebro-y-genera-una-sensacion-de-malestar-y-estres\/","title":{"rendered":"Dra. Ana Isabel Sanz, psiquiatra: \u00abEl calor altera el funcionamiento de nuestro cerebro y genera una sensaci\u00f3n de malestar y estr\u00e9s\u00bb"},"content":{"rendered":"<div class=\"media_block\"><\/div>\n<p><!-- AUTHOR --><\/p>\n<div class=\"voc-author-timesocial \">\n<!-- AUTHOR --><\/p>\n<div class=\"voc-author-timesocial__signature \">\n<!-- IMAGE AUTHOR -->\n<picture class=\"voc-image-signature\">\n<img class=\"voc-image-signature__img\" src=\"http:\/\/cordobainforma.info\/wp-content\/uploads\/2026\/09\/dra-ana-isabel-sanz-psiquiatra-el-calor-altera-el-funcionamiento-de-nuestro-cerebro-y-genera-una-sensacion-de-malestar-y-estres.png\" alt=\"Sandra Hern\u00e1ndez\">\n<\/picture>\n<!-- INFO AUTHOR --> <\/div><\/div>\n<p> <!-- COMPONENTS --><\/p>\n<p class=\"voc-paragraph\">El calor no solo se siente en la piel. <strong>La Dra. Ana Isabel Sanz, m\u00e9dico psiquiatra, psicoterapeuta y directora del Instituto Psiqui\u00e1trico Ipsias,<\/strong> lo explica as\u00ed: \u00abEl calor altera el funcionamiento de nuestro cerebro y genera una sensaci\u00f3n de malestar y estr\u00e9s que activa el eje <a href=\"https:\/\/www.mujerhoy.com\/vivir\/bienestar\/cinco-habitos-saludables-controlar-cortisol-hormona-estres-20240412121240-nt.html\" target=\"_self\" data-voc-vtm-id=\"in-text-traffic\" data-mrf-link=\"www.mujerhoy.com\" rel=\"noopener noreferrer\">del cortisol<\/a> y la adrenalina. Es una respuesta ante una situaci\u00f3n que el organismo interpreta como una agresi\u00f3n o una alerta frente a la que necesita defenderse\u00bb. <a href=\"https:\/\/www.mujerhoy.com\/vivir\/bienestar\/asun-arias-farmaceutica-mayoria-serotonina-produce-intestino-cerebro-20260715130627-nt.html\" target=\"_self\" data-voc-vtm-id=\"in-text-traffic\" data-mrf-link=\"www.mujerhoy.com\" rel=\"noopener noreferrer\">La serotonina<\/a> y <a href=\"https:\/\/www.mujerhoy.com\/vivir\/bienestar\/trucos-experto-aumentar-dopamina-manera-natural-felicidad-20240828141230-nt.html\" target=\"_self\" data-voc-vtm-id=\"in-text-traffic\" data-mrf-link=\"www.mujerhoy.com\" rel=\"noopener noreferrer\">la dopamina<\/a> bajan. La impulsividad sube.<\/p>\n<p class=\"voc-paragraph\">Hay un mecanismo muy concreto detr\u00e1s de esa irritabilidad de verano. \u00ab<strong>Ante una situaci\u00f3n de estr\u00e9s t\u00e9rmico, el cerebro reorganiza la distribuci\u00f3n de la energ\u00eda y prioriza zonas m\u00e1s relacionadas con la regulaci\u00f3n de la temperatura<\/strong>, como el hipot\u00e1lamo. Esto puede reducir la disponibilidad de recursos para \u00e1reas relacionadas con el razonamiento complejo y el autocontrol\u00bb, explica la Dra. Sanz. Ah\u00ed entra tambi\u00e9n el sistema nervioso simp\u00e1tico, el que se activa ante una amenaza real.<\/p>\n<div class=\"v-c-cmp v-c-cmp--t1 \">\n<div class=\"v-cmp-rld v-cmp-rld--2 \">\n<div class=\"v-cnt-m v-cnt-m--m\">\n<div class=\"v-cnt-m__c\">\n<div class=\"v-cnt-m__w v-cnt-m__w--1\">\n<p class=\"v-cnt-m__t\">\nTAMBI\u00c9N TE INTERESA\n<\/p>\n<\/div>\n<\/div>\n<\/div>\n<div class=\"v-g v-g--2-c v-g--bdr-min-xs\">\n<div class=\"v-g__c \">\n<article class=\"v-a v-a--cmp-rld v-a--cmp-rld-2 v-a--p-l\">\n<div class=\"v-a-img-c\">\n<figure class=\"v-a-fig\">\n<a href=\"https:\/\/www.mujerhoy.com\/vivir\/fitness\/dra-mariel-silva-directora-medica-estar-vacaciones-20260822141144-nt.html#vtm_modulosEngag=mod-rel:vivir:noticia:1:cmp:2-not\" class=\"v-a-link\" title=\"Dra. Mariel Silva, directora m\u00e9dica: \u00abEstar de vacaciones no garantiza por s\u00ed solo una recuperaci\u00f3n\u00bb\"><br \/>\n<img loading=\"lazy\" class=\"v-a-img\" src=\"http:\/\/cordobainforma.info\/wp-content\/uploads\/2026\/09\/dra-ana-isabel-sanz-psiquiatra-el-calor-altera-el-funcionamiento-de-nuestro-cerebro-y-genera-una-sensacion-de-malestar-y-estres.jpg\" alt=\"Dra. Mariel Silva, directora m\u00e9dica: \u00abEstar de vacaciones no garantiza por s\u00ed solo una recuperaci\u00f3n\u00bb\"><br \/>\n<\/a><br \/>\n<\/figure>\n<\/div>\n<\/article>\n<\/div>\n<div class=\"v-g__c \">\n<article class=\"v-a v-a--cmp-rld v-a--cmp-rld-2 v-a--p-l\">\n<div class=\"v-a-img-c\">\n<figure class=\"v-a-fig\">\n<a href=\"https:\/\/www.mujerhoy.com\/vivir\/bienestar\/mejores-alimentos-depurar-cuerpo-recomendaciones-sandra-lorden-nutricionista-deportiva-20260820142531-nt.html#vtm_modulosEngag=mod-rel:vivir:noticia:2:cmp:2-not\" class=\"v-a-link\" title=\"Sandra Lord\u00e9n, nutricionista deportiva: \u00abNing\u00fan alimento elimina toxinas por s\u00ed solo, pero estos tres ayudan a depurar el cuerpo\u00bb\"><br \/>\n<img loading=\"lazy\" class=\"v-a-img\" src=\"http:\/\/cordobainforma.info\/wp-content\/uploads\/2026\/09\/dra-ana-isabel-sanz-psiquiatra-el-calor-altera-el-funcionamiento-de-nuestro-cerebro-y-genera-una-sensacion-de-malestar-y-estres-1.jpg\" alt=\"Sandra Lord\u00e9n, nutricionista deportiva: \u00abNing\u00fan alimento elimina toxinas por s\u00ed solo, pero estos tres ayudan a depurar el cuerpo\u00bb\"><br \/>\n<\/a><br \/>\n<\/figure>\n<\/div>\n<\/article>\n<\/div>\n<\/div>\n<\/div>\n<\/div>\n<p class=\"voc-paragraph\">Pero el calor no lo explica todo. \u00abEn verano tambi\u00e9n <a href=\"https:\/\/www.mujerhoy.com\/vivir\/bienestar\/ana-ibanez-experta-neurociencia-trucos-consejos-dormir-mejor-insomnio-mujeres-20231119084948-nt.html\" target=\"_self\" data-voc-vtm-id=\"in-text-traffic\" data-mrf-link=\"www.mujerhoy.com\" rel=\"noopener noreferrer\">dormimos peor<\/a>, podemos deshidratarnos con mayor facilidad y cambian muchas de <a href=\"https:\/\/www.mujerhoy.com\/vivir\/fitness\/yoga-insomnio-rutina-15-minutos-dormir-recomiendan-expertos-20260629142427-nt.html\" target=\"_self\" data-voc-vtm-id=\"in-text-traffic\" data-mrf-link=\"www.mujerhoy.com\" rel=\"noopener noreferrer\">nuestras rutinas<\/a> habituales. Todo ello contribuye a que estemos <a href=\"https:\/\/www.mujerhoy.com\/vivir\/bienestar\/remedio-natural-acaba-cansancio-controla-astenia-avalado-ciencia-luz-solar-20240408072841-nt.html\" target=\"_self\" data-voc-vtm-id=\"in-text-traffic\" data-mrf-link=\"www.mujerhoy.com\" rel=\"noopener noreferrer\">m\u00e1s cansados<\/a>, menos organizados y <strong>con una mayor sensaci\u00f3n de descontrol<\/strong>\u00bb, se\u00f1ala la Dra. Sanz. Los d\u00edas largos desajustan la melatonina, y el calor recorta las fases de sue\u00f1o profundo y REM, justo las que m\u00e1s recuperan al sistema nervioso.<\/p>\n<p><h3 class=\"v-cmp-suh\">\nEl c\u00edrculo entre sue\u00f1o, alimentaci\u00f3n y rutina<br \/>\n<\/h3>\n<\/p>\n<p class=\"voc-paragraph\">Ese desajuste se retroalimenta solo. <strong>\u00abDormimos peor, estamos m\u00e1s cansados e irritables y ese malestar repercute a su vez en la calidad del sue\u00f1o\u00bb, explica la Dra. Sanz.<\/strong> La comida tambi\u00e9n pesa: az\u00facar de m\u00e1s, subid\u00f3n y baj\u00f3n de glucosa, irritabilidad garantizada. Y las rutinas que desaparecen en verano dejan un vac\u00edo que a veces se convierte en frustraci\u00f3n pura.<\/p>\n<p class=\"voc-paragraph\"><strong>No todo el mundo es igual de vulnerable.<\/strong> \u00abLos ni\u00f1os muy peque\u00f1os y las personas de edad avanzada pueden ser m\u00e1s sensibles porque sus mecanismos de regulaci\u00f3n psicof\u00edsica son, respectivamente, m\u00e1s inmaduros o est\u00e1n m\u00e1s desgastados\u00bb, explica la Dra. Sanz. Quienes ya tienen depresi\u00f3n, trastorno bipolar o ansiedad corren m\u00e1s riesgo de reca\u00edda, igual que las personas con TEA o TDAH.<\/p>\n<p class=\"voc-paragraph\">Hay m\u00e1s factores en juego, m\u00e1s all\u00e1 de la edad o el diagn\u00f3stico. \u00abUna peor tolerancia biol\u00f3gica al calor, determinados <a href=\"https:\/\/www.mujerhoy.com\/vivir\/bienestar\/201908\/28\/reloj-interno-ritmos-circadianos-salud-rev-20190828074638.html\" target=\"_self\" data-voc-vtm-id=\"in-text-traffic\" data-mrf-link=\"www.mujerhoy.com\" rel=\"noopener noreferrer\">ritmos circadianos<\/a>, especialmente <strong>en personas que funcionan mejor por la tarde, o una elevada necesidad de control y una baja tolerancia a la improvisaci\u00f3n y a los cambios de planes<\/strong>\u00bb, detalla la Dra. Sanz. Ciertos medicamentos que act\u00faan sobre el sistema nervioso tambi\u00e9n suman sensibilidad al calor.<\/p>\n<div class=\"v-c-cmp v-c-cmp--s\">\n<div class=\"v-cmp-m \">\n<article class=\"v-a v-a--cmp-m v-c-cmp--m-z\">\n<div class=\"v-a-img-c \">\n<div class=\"v-a-fig\">\n<button class=\"v-a-link\" popovertarget=\"photo-497\"><br \/>\n<img loading=\"lazy\" src=\"http:\/\/cordobainforma.info\/wp-content\/uploads\/2026\/09\/dra-ana-isabel-sanz-psiquiatra-el-calor-altera-el-funcionamiento-de-nuestro-cerebro-y-genera-una-sensacion-de-malestar-y-estres-2.jpg\" class=\"v-a-img\" width=\"650\" height=\"650\" alt=\"Dra. Ana Isabel Sanz, M\u00e9dico psiquiatra y Psicoterapeuta.\" data-voc-vtm-id=\"in-text-traffic\"> <\/button><figcaption class=\"v-fc\">\n<span class=\"v-fc__t\"><br \/>\nDra. Ana Isabel Sanz, M\u00e9dico psiquiatra y Psicoterapeuta.<br \/>\n<\/span><br \/>\n<span class=\"v-fc__p\"><br \/>\nD.R.<br \/>\n<\/span><br \/>\n<\/figcaption><\/div>\n<\/div>\n<div id=\"photo-497\" popover class=\"v-mdl v-mdl--fw\">\n<button class=\"v-x\" popovertarget=\"photo-497\" popovertargetaction=\"hide\"><br \/>\n<span class=\"v-i\"><br \/>\n<svg width=\"24\" height=\"23.996\" viewBox=\"0 0 24 23.996\">\n<path data-name=\"Uni\u00f3n 29\" d=\"M12,14.03,2.031,24,0,21.963,9.968,12,0,2.033,2.031,0,12,9.966,21.969,0,24,2.033,14.032,12,24,21.963,21.969,24Z\" \/>\n<\/svg><br \/>\n<\/span><br \/>\n<\/button><\/p>\n<div class=\"v-mdl__c\">\n<div class=\"v-mdl__w\">\n<img loading=\"lazy\" src=\"http:\/\/cordobainforma.info\/wp-content\/uploads\/2026\/09\/dra-ana-isabel-sanz-psiquiatra-el-calor-altera-el-funcionamiento-de-nuestro-cerebro-y-genera-una-sensacion-de-malestar-y-estres-2.jpg\" class=\"v-mdl__img-z\" width=\"650\" height=\"650\" alt>\n<\/div>\n<\/div>\n<\/div>\n<p><span class=\"v-bdp\"><\/span><br \/>\n<\/article>\n<\/div>\n<\/div>\n<p><h3 class=\"v-cmp-suh\">\nQu\u00e9 ayuda a gestionarlo<br \/>\n<\/h3>\n<\/p>\n<p class=\"voc-paragraph\">La terapia cognitivo-conductual tiene mucho respaldo aqu\u00ed. \u00abEspecialmente para trabajar pensamientos catastrofistas o ideas anticipatorias sobre <strong>lo insoportable que va a resultar el calor y las consecuencias negativas que tendr\u00e1 sobre nuestro bienestar<\/strong>\u00bb, explica la Dra. Sanz. Dormir a horas m\u00e1s o menos fijas, ajustadas a la luz y al calor, tambi\u00e9n ayuda bastante.<\/p>\n<p class=\"voc-paragraph\">Respirar y relajarse baja la activaci\u00f3n del cuerpo. \u00ab<strong>Otro aspecto importante es la aceptaci\u00f3n. No podemos modificar determinadas condiciones clim\u00e1ticas, pero s\u00ed podemos ajustar nuestras expectativas<\/strong> y dejar de exigirnos el mismo nivel de productividad cuando nuestro organismo necesita m\u00e1s descanso\u00bb, se\u00f1ala la Dra. Sanz. Un diario sencillo, anotando cu\u00e1ndo aparece la irritabilidad y con qu\u00e9 se relaciona, calor, sed, mal sue\u00f1o, puede ser suficiente sin necesitar terapia.<\/p>\n<p class=\"voc-paragraph\">\u00bfEs real todo esto, o exageramos culpando al calor? Es real. \u00ab<strong>Existen estudios que relacionan los periodos de temperaturas elevadas con un aumento de consultas por malestar emocional y reca\u00eddas depresivas.<\/strong> Incluso existe un trastorno afectivo estacional de inicio veraniego, que ser\u00eda en cierto modo la variante inversa del trastorno afectivo estacional m\u00e1s conocido asociado al invierno\u00bb, explica la Dra. Sanz. Las expectativas de disfrutar el verano suman presi\u00f3n, pero por debajo hay una base fisiol\u00f3gica que tambi\u00e9n es cierta.<\/p>\n<div class=\"v-c-cmp v-c-cmp--t1 \">\n<div class=\"v-cmp-rld v-cmp-rld--2 \">\n<div class=\"v-cnt-m v-cnt-m--m\">\n<div class=\"v-cnt-m__c\">\n<div class=\"v-cnt-m__w v-cnt-m__w--1\">\n<p class=\"v-cnt-m__t\">\nTAMBI\u00c9N TE INTERESA\n<\/p>\n<\/div>\n<\/div>\n<\/div>\n<div class=\"v-g v-g--2-c v-g--bdr-min-xs\">\n<div class=\"v-g__c \">\n<article class=\"v-a v-a--cmp-rld v-a--cmp-rld-2 v-a--p-l\">\n<div class=\"v-a-img-c\">\n<figure class=\"v-a-fig\">\n<a href=\"https:\/\/www.mujerhoy.com\/vivir\/bienestar\/violeta-kushkyan-especialista-nutricion-cenar-tarde-verano-20260817115204-nt.html#vtm_modulosEngag=mod-rel:vivir:noticia:1:cmp:2-not\" class=\"v-a-link\" title=\"Violeta Kushkyan, especialista en nutrici\u00f3n: \u00abCenar tarde en verano no desajusta el metabolismo para siempre\u00bb\"><br \/>\n<img loading=\"lazy\" class=\"v-a-img\" src=\"http:\/\/cordobainforma.info\/wp-content\/uploads\/2026\/09\/dra-ana-isabel-sanz-psiquiatra-el-calor-altera-el-funcionamiento-de-nuestro-cerebro-y-genera-una-sensacion-de-malestar-y-estres-3.jpg\" alt=\"Violeta Kushkyan, especialista en nutrici\u00f3n: \u00abCenar tarde en verano no desajusta el metabolismo para siempre\u00bb\"><br \/>\n<\/a><br \/>\n<\/figure>\n<\/div>\n<\/article>\n<\/div>\n<div class=\"v-g__c \">\n<article class=\"v-a v-a--cmp-rld v-a--cmp-rld-2 v-a--p-l\">\n<div class=\"v-a-img-c\">\n<figure class=\"v-a-fig\">\n<a href=\"https:\/\/www.mujerhoy.com\/vivir\/bienestar\/hidratacion-verano-beber-agua-suficiente-que-necesita-cuerpo-20260806152011-nt.html#vtm_modulosEngag=mod-rel:vivir:noticia:2:cmp:2-not\" class=\"v-a-link\" title=\"Beber agua ya no es suficiente en agosto: esto es lo que tu cuerpo necesita para hidratarse de verdad\"><br \/>\n<img loading=\"lazy\" class=\"v-a-img\" src=\"http:\/\/cordobainforma.info\/wp-content\/uploads\/2026\/09\/dra-ana-isabel-sanz-psiquiatra-el-calor-altera-el-funcionamiento-de-nuestro-cerebro-y-genera-una-sensacion-de-malestar-y-estres-4.jpg\" alt=\"Beber agua ya no es suficiente en agosto: esto es lo que tu cuerpo necesita para hidratarse de verdad\"><br \/>\n<\/a><br \/>\n<\/figure>\n<\/div>\n<\/article>\n<\/div>\n<\/div>\n<\/div>\n<\/div>\n","protected":false},"excerpt":{"rendered":"<p>El calor no solo se siente en la piel. La Dra. Ana Isabel Sanz, m\u00e9dico psiquiatra, psicoterapeuta y directora del Instituto Psiqui\u00e1trico Ipsias, lo explica as\u00ed: \u00abEl calor altera el funcionamiento de nuestro cerebro y genera una sensaci\u00f3n de malestar y estr\u00e9s que activa el eje del cortisol y la adrenalina. Es una respuesta ante [&hellip;]<\/p>\n","protected":false},"author":1,"featured_media":197890,"comment_status":"open","ping_status":"closed","sticky":false,"template":"","format":"standard","meta":[],"categories":[18],"tags":[],"_links":{"self":[{"href":"http:\/\/cordobainforma.info\/index.php\/wp-json\/wp\/v2\/posts\/197889"}],"collection":[{"href":"http:\/\/cordobainforma.info\/index.php\/wp-json\/wp\/v2\/posts"}],"about":[{"href":"http:\/\/cordobainforma.info\/index.php\/wp-json\/wp\/v2\/types\/post"}],"author":[{"embeddable":true,"href":"http:\/\/cordobainforma.info\/index.php\/wp-json\/wp\/v2\/users\/1"}],"replies":[{"embeddable":true,"href":"http:\/\/cordobainforma.info\/index.php\/wp-json\/wp\/v2\/comments?post=197889"}],"version-history":[{"count":0,"href":"http:\/\/cordobainforma.info\/index.php\/wp-json\/wp\/v2\/posts\/197889\/revisions"}],"wp:featuredmedia":[{"embeddable":true,"href":"http:\/\/cordobainforma.info\/index.php\/wp-json\/wp\/v2\/media\/197890"}],"wp:attachment":[{"href":"http:\/\/cordobainforma.info\/index.php\/wp-json\/wp\/v2\/media?parent=197889"}],"wp:term":[{"taxonomy":"category","embeddable":true,"href":"http:\/\/cordobainforma.info\/index.php\/wp-json\/wp\/v2\/categories?post=197889"},{"taxonomy":"post_tag","embeddable":true,"href":"http:\/\/cordobainforma.info\/index.php\/wp-json\/wp\/v2\/tags?post=197889"}],"curies":[{"name":"wp","href":"https:\/\/api.w.org\/{rel}","templated":true}]}}