{"id":197885,"date":"2026-09-04T20:07:00","date_gmt":"2026-09-04T20:07:00","guid":{"rendered":"https:\/\/www.mujerhoy.com\/moda\/no-te-pierdas\/vaqueros-perfectos-pantalones-basicos-mejor-sientan-otono-favoritos-20260904095045-nt.html"},"modified":"2026-09-04T20:07:00","modified_gmt":"2026-09-04T20:07:00","slug":"todo-el-mundo-esta-buscando-los-vaqueros-perfectos-y-estos-son-nuestros-favoritos","status":"publish","type":"post","link":"http:\/\/cordobainforma.info\/index.php\/2026\/09\/04\/todo-el-mundo-esta-buscando-los-vaqueros-perfectos-y-estos-son-nuestros-favoritos\/","title":{"rendered":"Todo el mundo est\u00e1 buscando los vaqueros perfectos y estos son nuestros favoritos"},"content":{"rendered":"<div class=\"media_block\"><\/div>\n<p><!-- AUTHOR --><\/p>\n<div class=\"voc-author-timesocial \">\n<!-- AUTHOR --><\/p>\n<div class=\"voc-author-timesocial__signature \">\n<!-- IMAGE AUTHOR -->\n<picture class=\"voc-image-signature\">\n<img class=\"voc-image-signature__img\" src=\"http:\/\/cordobainforma.info\/wp-content\/uploads\/2026\/09\/todo-el-mundo-esta-buscando-los-vaqueros-perfectos-y-estos-son-nuestros-favoritos.jpg\" alt=\"Gemma Cano\">\n<\/picture>\n<!-- INFO AUTHOR --><\/p>\n<div class=\"voc-author-timesocial__info\" data-mrf-recirculation=\"Autor\">\n<div class=\"voc-author-info\">\n<author><br \/>\n<a class=\"voc-author\" href=\"https:\/\/www.mujerhoy.com\/autor\/gemma-cano-1220.html\">Gemma Cano<\/a><br \/>\n<\/author><br \/>\n<!-- TIME --><br \/>\n<time datetime=\"2026-09-04T20:07:00Z\" data-timestamp><br \/>\nPublicado \u00b7 <span data-voc-date-modified-short> 4 de septiembre de 2026, 22:07 h <\/span><br \/>\n<\/time>\n<\/div>\n<\/div>\n<\/div><\/div>\n<p> <!-- COMPONENTS --><\/p>\n<p class=\"voc-paragraph\">Aunque todav\u00eda quedan d\u00edas de buen tiempo por delante, la mayor\u00eda de nosotras ya estamos pensando en todas esas prendas que llevaremos durante los d\u00edas de entretiempo. Las secciones de novedades llegan cargadas con <strong>muchas tendencias que dominar\u00e1n todos los looks de oto\u00f1o<\/strong>, pero tambi\u00e9n con una buena selecci\u00f3n de b\u00e1sicos. <\/p>\n<p class=\"voc-paragraph\">\u00bfPor d\u00f3nde empezar a construir el armario de <a href=\"https:\/\/www.mujerhoy.com\/moda\/no-te-pierdas\/cazadora-cuero-tendencia-otono-comprar-ahora-20260830002941-nt.html\" target=\"_self\" data-voc-vtm-id=\"in-text-traffic\" data-mrf-link=\"www.mujerhoy.com\" rel=\"noopener noreferrer\">nueva temporada<\/a>? Echando un vistazo a nuestras tiendas online de cabecera detectado algo: Una vez m\u00e1s, los vaqueros se posicionan como una de las piezas imprescindibles de la temporada y llegan con todo tipo de dise\u00f1os.<\/p>\n<div class=\"v-c-cmp v-c-cmp--t1 \">\n<div class=\"v-cmp-rld v-cmp-rld--2 \">\n<div class=\"v-cnt-m v-cnt-m--m\">\n<div class=\"v-cnt-m__c\">\n<div class=\"v-cnt-m__w v-cnt-m__w--1\">\n<p class=\"v-cnt-m__t\">\nTAMBI\u00c9N TE INTERESA\n<\/p>\n<\/div>\n<\/div>\n<\/div>\n<div class=\"v-g v-g--2-c v-g--bdr-min-xs\">\n<div class=\"v-g__c \">\n<article class=\"v-a v-a--cmp-rld v-a--cmp-rld-2 v-a--p-l\">\n<div class=\"v-a-img-c\">\n<figure class=\"v-a-fig\">\n<a href=\"https:\/\/www.mujerhoy.com\/moda\/no-te-pierdas\/pantalones-zara-hacen-tipazo-colores-estampados-25-euros-20260819104924-nt.html#vtm_modulosEngag=mod-rel:moda:noticia:1:cmp:2-not\" class=\"v-a-link\" title=\"Hemos encontrado en Zara los pantalones que mejor sientan y llegan en siete colores distintos\"><br \/>\n<img loading=\"lazy\" class=\"v-a-img\" src=\"http:\/\/cordobainforma.info\/wp-content\/uploads\/2026\/09\/todo-el-mundo-esta-buscando-los-vaqueros-perfectos-y-estos-son-nuestros-favoritos-1.jpg\" alt=\"Hemos encontrado en Zara los pantalones que mejor sientan y llegan en siete colores distintos\"><br \/>\n<\/a><br \/>\n<\/figure>\n<\/div>\n<\/article>\n<\/div>\n<div class=\"v-g__c \">\n<article class=\"v-a v-a--cmp-rld v-a--cmp-rld-2 v-a--p-l\">\n<div class=\"v-a-img-c\">\n<figure class=\"v-a-fig\">\n<a href=\"https:\/\/www.mujerhoy.com\/moda\/no-te-pierdas\/mejores-vaqueros-septiembre-favorecedores-bonitos-20260822161102-nt.html#vtm_modulosEngag=mod-rel:moda:noticia:2:cmp:2-not\" class=\"v-a-link\" title=\"Si est\u00e1s lista para usar vaqueros, estos son los \u00fanicos que deber\u00edas llevar\"><br \/>\n<img loading=\"lazy\" class=\"v-a-img\" src=\"http:\/\/cordobainforma.info\/wp-content\/uploads\/2026\/09\/todo-el-mundo-esta-buscando-los-vaqueros-perfectos-y-estos-son-nuestros-favoritos-2.jpg\" alt=\"Si est\u00e1s lista para usar vaqueros, estos son los \u00fanicos que deber\u00edas llevar\"><br \/>\n<\/a><br \/>\n<\/figure>\n<\/div>\n<\/article>\n<\/div>\n<\/div>\n<\/div>\n<\/div>\n<p class=\"voc-paragraph\">El armario de <a href=\"https:\/\/www.mujerhoy.com\/moda\/no-te-pierdas\/accesorios-entretiempo-deseados-nueva-temporada-20260830141908-nt.html\" target=\"_self\" data-voc-vtm-id=\"in-text-traffic\" data-mrf-link=\"www.mujerhoy.com\" rel=\"noopener noreferrer\">entretiempo<\/a> nos ofrece infinitas posibilidades. Es la \u00e9poca del a\u00f1o en la que podemos jugar con combinaciones inesperadas y lucir prendas a medio camino entre las dos estaciones. Gracias al juego de capas y superposiciones estas semanas nos invitan a redescubrir nuestro armario desde otra perspectiva, mucho m\u00e1s imaginativa. <\/p>\n<div class=\"v-c-cmp \">\n<div class=\"v-cmp-m v-cmp-m--t1\">\n<article class=\"v-a v-a--cmp-m v-c-cmp--m-p\">\n<div class=\"v-a-img-c v-a-img-c--fw-xs\">\n<div class=\"v-a-fig\">\n<div class=\"v-a-link\">\n<img loading=\"lazy\" src=\"http:\/\/cordobainforma.info\/wp-content\/uploads\/2026\/09\/todo-el-mundo-esta-buscando-los-vaqueros-perfectos-y-estos-son-nuestros-favoritos-3.jpg\" class=\"v-a-img\" width=\"650\" height=\"975\" alt data-voc-vtm-id=\"in-text-traffic\">\n<\/div>\n<\/div>\n<\/div>\n<\/article>\n<\/div>\n<\/div>\n<p class=\"voc-paragraph\">Sin embargo, hay <strong>una pieza que siempre est\u00e1 en primera l\u00ednea de armario<\/strong>. Hablamos de los vaqueros, esa prenda vinculada a la comodidad, pero que en realidad puede resultar de lo m\u00e1s sofisticada. Los vaqueros han de asumir el protagonismo que se merecen. No esperes m\u00e1s para descubrir los dise\u00f1os m\u00e1s deseados.<\/p>\n<div class=\"v-c-cmp \">\n<div class=\"v-cmp-m v-cmp-m--t1\">\n<article class=\"v-a v-a--cmp-m v-c-cmp--m-p\">\n<div class=\"v-a-img-c v-a-img-c--fw-xs\">\n<div class=\"v-a-fig\">\n<div class=\"v-a-link\">\n<img loading=\"lazy\" src=\"http:\/\/cordobainforma.info\/wp-content\/uploads\/2026\/09\/todo-el-mundo-esta-buscando-los-vaqueros-perfectos-y-estos-son-nuestros-favoritos-4.jpg\" class=\"v-a-img\" width=\"650\" height=\"975\" alt data-voc-vtm-id=\"in-text-traffic\">\n<\/div>\n<\/div>\n<\/div>\n<\/article>\n<\/div>\n<\/div>\n<p class=\"voc-paragraph\">\u00bfQu\u00e9 nos proponen nuestras marcas de referencia para la nueva temporada que acaba de arrancar? Ahora mismo las opciones son pr\u00e1cticamente infinitas y llegan cargadas de dise\u00f1os sencillos, pero con detalles especiales.<\/p>\n<div class=\"v-c-cmp \">\n<div class=\"v-cmp-m v-cmp-m--t1\">\n<article class=\"v-a v-a--cmp-m v-c-cmp--m-p\">\n<div class=\"v-a-img-c v-a-img-c--fw-xs\">\n<div class=\"v-a-fig\">\n<div class=\"v-a-link\">\n<img loading=\"lazy\" src=\"http:\/\/cordobainforma.info\/wp-content\/uploads\/2026\/09\/todo-el-mundo-esta-buscando-los-vaqueros-perfectos-y-estos-son-nuestros-favoritos-5.jpg\" class=\"v-a-img\" width=\"650\" height=\"975\" alt=\"Vaqueros rectos de Rouje (150 euros)\" data-voc-vtm-id=\"in-text-traffic\">\n<\/div><figcaption class=\"v-fc\">\n<span class=\"v-fc__t\"><br \/>\nVaqueros rectos de Rouje (150 euros)<br \/>\n<\/span><br \/>\n<\/figcaption><\/div>\n<\/div>\n<\/article>\n<\/div>\n<\/div>\n<p><h3 class=\"v-cmp-suh\">\nVaqueros rectos de Rouje (150 euros)<br \/>\n<\/h3>\n<\/p>\n<p class=\"voc-paragraph\">Un par de jeans de nueva temporada, de corte recto, que no puedes dejar escapar este oto\u00f1o. Apuesta por los tonos medios para conseguir el estilismo muy vers\u00e1til de entretiempo sin mucho esfuerzo.<\/p>\n<div class=\"v-c-cmp \">\n<div class=\"v-cmp-m v-cmp-m--t1\">\n<article class=\"v-a v-a--cmp-m v-c-cmp--m-p\">\n<div class=\"v-a-img-c v-a-img-c--fw-xs\">\n<div class=\"v-a-fig\">\n<div class=\"v-a-link\">\n<img loading=\"lazy\" src=\"http:\/\/cordobainforma.info\/wp-content\/uploads\/2026\/09\/todo-el-mundo-esta-buscando-los-vaqueros-perfectos-y-estos-son-nuestros-favoritos-6.jpg\" class=\"v-a-img\" width=\"650\" height=\"975\" alt=\"Vaqueros con botones de S\u00e9zane (125 euros)\" data-voc-vtm-id=\"in-text-traffic\">\n<\/div><figcaption class=\"v-fc\">\n<span class=\"v-fc__t\"><br \/>\nVaqueros con botones de S\u00e9zane (125 euros)<br \/>\n<\/span><br \/>\n<\/figcaption><\/div>\n<\/div>\n<\/article>\n<\/div>\n<\/div>\n<p><h3 class=\"v-cmp-suh\">\nVaqueros con botones de S\u00e9zane (125 euros)<br \/>\n<\/h3>\n<\/p>\n<p class=\"voc-paragraph\">Este tipo de pantalones de estilo franc\u00e9s son perfectos para conseguir el mejor look diario durante las semanas de entretiempo. Una de las piezas m\u00e1s especiales de la nueva temporada de esta popular firma.<\/p>\n<div class=\"v-c-cmp \">\n<div class=\"v-cmp-m v-cmp-m--t1\">\n<article class=\"v-a v-a--cmp-m v-c-cmp--m-p\">\n<div class=\"v-a-img-c v-a-img-c--fw-xs\">\n<div class=\"v-a-fig\">\n<div class=\"v-a-link\">\n<img loading=\"lazy\" src=\"http:\/\/cordobainforma.info\/wp-content\/uploads\/2026\/09\/todo-el-mundo-esta-buscando-los-vaqueros-perfectos-y-estos-son-nuestros-favoritos-7.jpg\" class=\"v-a-img\" width=\"650\" height=\"975\" alt=\"Jeans con cintur\u00f3n de Zara (35,95 euros)\" data-voc-vtm-id=\"in-text-traffic\">\n<\/div><figcaption class=\"v-fc\">\n<span class=\"v-fc__t\"><br \/>\nJeans con cintur\u00f3n de Zara (35,95 euros)<br \/>\n<\/span><br \/>\n<\/figcaption><\/div>\n<\/div>\n<\/article>\n<\/div>\n<\/div>\n<p><h3 class=\"v-cmp-suh\">\nJeans con cintur\u00f3n de Zara (35,95 euros)<br \/>\n<\/h3>\n<\/p>\n<p class=\"voc-paragraph\">Aqu\u00ed est\u00e1 el par de vaqueros m\u00e1s favorecedor de la temporada gracias a sus detalles especiales. Un pantal\u00f3n de estilo cropped que tienes que incluir, s\u00ed o s\u00ed, en tu lista de deseos de oto\u00f1o. \u00a1Y ya est\u00e1 a punto de agotarse!<\/p>\n<div class=\"v-c-cmp \">\n<div class=\"v-cmp-m v-cmp-m--t1\">\n<article class=\"v-a v-a--cmp-m v-c-cmp--m-p\">\n<div class=\"v-a-img-c v-a-img-c--fw-xs\">\n<div class=\"v-a-fig\">\n<div class=\"v-a-link\">\n<img loading=\"lazy\" src=\"http:\/\/cordobainforma.info\/wp-content\/uploads\/2026\/09\/todo-el-mundo-esta-buscando-los-vaqueros-perfectos-y-estos-son-nuestros-favoritos-8.jpg\" class=\"v-a-img\" width=\"650\" height=\"975\" alt=\"Jeans con botones de Mango (29,99 euros)\" data-voc-vtm-id=\"in-text-traffic\">\n<\/div><figcaption class=\"v-fc\">\n<span class=\"v-fc__t\"><br \/>\nJeans con botones de Mango (29,99 euros)<br \/>\n<\/span><br \/>\n<\/figcaption><\/div>\n<\/div>\n<\/article>\n<\/div>\n<\/div>\n<p><h3 class=\"v-cmp-suh\">\nJeans con botones de Mango (29,99 euros)<br \/>\n<\/h3>\n<\/p>\n<p class=\"voc-paragraph\">Este tipo de vaqueros con doble botonadura en color dorado son una propuesta infalible para los primeros looks de entretiempo. Un dise\u00f1o que llega en cuatro colores y que podr\u00e1s llevar a todas horas.<\/p>\n<div class=\"v-c-cmp \">\n<div class=\"v-cmp-m v-cmp-m--t1\">\n<article class=\"v-a v-a--cmp-m v-c-cmp--m-p\">\n<div class=\"v-a-img-c v-a-img-c--fw-xs\">\n<div class=\"v-a-fig\">\n<div class=\"v-a-link\">\n<img loading=\"lazy\" src=\"http:\/\/cordobainforma.info\/wp-content\/uploads\/2026\/09\/todo-el-mundo-esta-buscando-los-vaqueros-perfectos-y-estos-son-nuestros-favoritos-9.jpg\" class=\"v-a-img\" width=\"650\" height=\"975\" alt=\"Pantalones estampados de Zara (49,95 euros)\" data-voc-vtm-id=\"in-text-traffic\">\n<\/div><figcaption class=\"v-fc\">\n<span class=\"v-fc__t\"><br \/>\nPantalones estampados de Zara (49,95 euros)<br \/>\n<\/span><br \/>\n<\/figcaption><\/div>\n<\/div>\n<\/article>\n<\/div>\n<\/div>\n<p><h3 class=\"v-cmp-suh\">\nPantalones estampados de Zara (49,95 euros)<br \/>\n<\/h3>\n<\/p>\n<p class=\"voc-paragraph\">Y hemos dejado para el final el dise\u00f1o m\u00e1s especial de la temporada. Un original pantal\u00f3n recto en tejido denim con estampado paisley,<\/p>\n<div class=\"v-c-cmp v-c-cmp--t1 \">\n<div class=\"v-cmp-rld v-cmp-rld--2 \">\n<div class=\"v-cnt-m v-cnt-m--m\">\n<div class=\"v-cnt-m__c\">\n<div class=\"v-cnt-m__w v-cnt-m__w--1\">\n<p class=\"v-cnt-m__t\">\nTAMBI\u00c9N TE INTERESA\n<\/p>\n<\/div>\n<\/div>\n<\/div>\n<div class=\"v-g v-g--2-c v-g--bdr-min-xs\">\n<div class=\"v-g__c \">\n<article class=\"v-a v-a--cmp-rld v-a--cmp-rld-2 v-a--p-l\">\n<div class=\"v-a-img-c\">\n<figure class=\"v-a-fig\">\n<a href=\"https:\/\/www.mujerhoy.com\/moda\/no-te-pierdas\/pantalones-tobilleros-basicos-entretiempo-vuelta-oficina-20260831101035-nt.html#vtm_modulosEngag=mod-rel:moda:noticia:1:cmp:2-not\" class=\"v-a-link\" title=\"Los mejores pantalones tobilleros para la vuelta a la oficina\"><br \/>\n<img loading=\"lazy\" class=\"v-a-img\" src=\"http:\/\/cordobainforma.info\/wp-content\/uploads\/2026\/09\/todo-el-mundo-esta-buscando-los-vaqueros-perfectos-y-estos-son-nuestros-favoritos-10.jpg\" alt=\"Los mejores pantalones tobilleros para la vuelta a la oficina\"><br \/>\n<\/a><br \/>\n<\/figure>\n<\/div>\n<\/article>\n<\/div>\n<div class=\"v-g__c \">\n<article class=\"v-a v-a--cmp-rld v-a--cmp-rld-2 v-a--p-l\">\n<div class=\"v-a-img-c\">\n<figure class=\"v-a-fig\">\n<a href=\"https:\/\/www.mujerhoy.com\/moda\/no-te-pierdas\/jorts-elegantes-forman-parte-armario-atemporales-20260816201010-nt.html#vtm_modulosEngag=mod-rel:moda:noticia:2:cmp:2-not\" class=\"v-a-link\" title=\"S\u00ed, los jorts est\u00e1n de moda, y estos son los \u00fanicos modelos elegantes que entraron en mi r\u00e1nking\"><br \/>\n<img loading=\"lazy\" class=\"v-a-img\" src=\"http:\/\/cordobainforma.info\/wp-content\/uploads\/2026\/09\/todo-el-mundo-esta-buscando-los-vaqueros-perfectos-y-estos-son-nuestros-favoritos-11.jpg\" alt=\"S\u00ed, los jorts est\u00e1n de moda, y estos son los \u00fanicos modelos elegantes que entraron en mi r\u00e1nking\"><br \/>\n<\/a><br \/>\n<\/figure>\n<\/div>\n<\/article>\n<\/div>\n<\/div>\n<\/div>\n<\/div>\n","protected":false},"excerpt":{"rendered":"<p>Gemma Cano Publicado \u00b7 4 de septiembre de 2026, 22:07 h Aunque todav\u00eda quedan d\u00edas de buen tiempo por delante, la mayor\u00eda de nosotras ya estamos pensando en todas esas prendas que llevaremos durante los d\u00edas de entretiempo. Las secciones de novedades llegan cargadas con muchas tendencias que dominar\u00e1n todos los looks de oto\u00f1o, pero [&hellip;]<\/p>\n","protected":false},"author":1,"featured_media":197886,"comment_status":"closed","ping_status":"closed","sticky":false,"template":"","format":"standard","meta":[],"categories":[24],"tags":[],"_links":{"self":[{"href":"http:\/\/cordobainforma.info\/index.php\/wp-json\/wp\/v2\/posts\/197885"}],"collection":[{"href":"http:\/\/cordobainforma.info\/index.php\/wp-json\/wp\/v2\/posts"}],"about":[{"href":"http:\/\/cordobainforma.info\/index.php\/wp-json\/wp\/v2\/types\/post"}],"author":[{"embeddable":true,"href":"http:\/\/cordobainforma.info\/index.php\/wp-json\/wp\/v2\/users\/1"}],"replies":[{"embeddable":true,"href":"http:\/\/cordobainforma.info\/index.php\/wp-json\/wp\/v2\/comments?post=197885"}],"version-history":[{"count":0,"href":"http:\/\/cordobainforma.info\/index.php\/wp-json\/wp\/v2\/posts\/197885\/revisions"}],"wp:featuredmedia":[{"embeddable":true,"href":"http:\/\/cordobainforma.info\/index.php\/wp-json\/wp\/v2\/media\/197886"}],"wp:attachment":[{"href":"http:\/\/cordobainforma.info\/index.php\/wp-json\/wp\/v2\/media?parent=197885"}],"wp:term":[{"taxonomy":"category","embeddable":true,"href":"http:\/\/cordobainforma.info\/index.php\/wp-json\/wp\/v2\/categories?post=197885"},{"taxonomy":"post_tag","embeddable":true,"href":"http:\/\/cordobainforma.info\/index.php\/wp-json\/wp\/v2\/tags?post=197885"}],"curies":[{"name":"wp","href":"https:\/\/api.w.org\/{rel}","templated":true}]}}