{"id":197872,"date":"2026-09-04T20:28:32","date_gmt":"2026-09-04T20:28:32","guid":{"rendered":"http:\/\/cordobainforma.info\/index.php\/2026\/09\/04\/te-vamos-a-plantar-droga-investigan-a-policias-de-chaco-acusados-de-quitar-un-auto-y-montar-un-operativo\/"},"modified":"2026-09-04T20:28:32","modified_gmt":"2026-09-04T20:28:32","slug":"te-vamos-a-plantar-droga-investigan-a-policias-de-chaco-acusados-de-quitar-un-auto-y-montar-un-operativo","status":"publish","type":"post","link":"http:\/\/cordobainforma.info\/index.php\/2026\/09\/04\/te-vamos-a-plantar-droga-investigan-a-policias-de-chaco-acusados-de-quitar-un-auto-y-montar-un-operativo\/","title":{"rendered":"\u201cTe vamos a plantar droga\u201d: investigan a polic\u00edas de Chaco acusados de quitar un auto y montar un operativo"},"content":{"rendered":"<div class=\"media_block\"><\/div>\n<div><img src=\"http:\/\/cordobainforma.info\/wp-content\/uploads\/2026\/09\/te-vamos-a-plantar-droga-investigan-a-policias-de-chaco-acusados-de-quitar-un-auto-y-montar-un-operativo.jpg\" class=\"ff-og-image-inserted\"><\/div>\n<p>Un procedimiento que hab\u00eda sido presentado como un exitoso secuestro policial qued\u00f3 envuelto en una <strong>grave investigaci\u00f3n penal en Resistencia<\/strong>. Dos efectivos de la <strong>Comisar\u00eda Und\u00e9cima<\/strong> son investigados ante la sospecha de que un Volkswagen Gol Trend no habr\u00eda sido hallado tras una persecuci\u00f3n, como se inform\u00f3 oficialmente, sino que habr\u00eda sido obtenido un d\u00eda antes mediante <strong>amenazas contra un hombre dedicado a la compraventa de veh\u00edculos<\/strong>.<\/p>\n<p>La acusaci\u00f3n es particularmente delicada porque pone en discusi\u00f3n no s\u00f3lo la manera en que el autom\u00f3vil lleg\u00f3 a manos de los agentes, sino tambi\u00e9n <strong>si el operativo difundido el 26 de agosto ocurri\u00f3 realmente en las condiciones descriptas por la propia Polic\u00eda<\/strong>. Mientras la Fiscal\u00eda de Investigaci\u00f3n Penal N\u00b010, a cargo de <strong>Liliana Irala<\/strong>, avanza con la producci\u00f3n de pruebas, el <strong>\u00d3rgano de Control Institucional (OCI)<\/strong> dispuso la suspensi\u00f3n preventiva de los efectivos se\u00f1alados.<\/p>\n<p class=\"destacadoNota\"><a target=\"_blank\" href=\"https:\/\/www.perfil.com\/noticias\/nea\/capitanich-cruzo-a-milei-por-malvinas-y-advirtio-sobre-oportunismo-electoral.phtml\" rel=\"noopener noreferrer\">Capitanich cruz\u00f3 a Milei por Malvinas y advirti\u00f3 sobre \u201coportunismo\u201d electoral<\/a><\/p>\n<h2>\u201cTe vamos a plantar droga\u201d<\/h2>\n<p>La causa comenz\u00f3 a tomar otra dimensi\u00f3n cuando el denunciante asegur\u00f3 haber reconocido en las noticias el mismo veh\u00edculo que, seg\u00fan su versi\u00f3n, <strong>polic\u00edas le hab\u00edan quitado el d\u00eda anterior<\/strong>.<\/p>\n<p>El hombre sostuvo que fue intimidado para entregar el Gol Trend y denunci\u00f3 haber recibido una amenaza de extrema gravedad: <strong>\u201cSabemos que est\u00e1s en la mala, te vamos a plantar droga\u201d<\/strong>. Seg\u00fan su relato, ante esa situaci\u00f3n termin\u00f3 entregando el autom\u00f3vil.<\/p>\n<p>Ahora, una de las principales tareas de los investigadores ser\u00e1 establecer <strong>qu\u00e9 ocurri\u00f3 durante esas horas previas al procedimiento oficial<\/strong>, qui\u00e9nes participaron del supuesto encuentro con el denunciante y bajo qu\u00e9 circunstancias el veh\u00edculo termin\u00f3 en poder de la Polic\u00eda. Tambi\u00e9n se busca precisar si los agentes investigados <strong>vest\u00edan uniforme o se encontraban de civil<\/strong> al momento del episodio denunciado.<\/p>\n<p class=\"destacadoNota\"><a target=\"_blank\" href=\"https:\/\/www.perfil.com\/noticias\/nea\/el-pj-rompio-con-katia-blanc-tras-su-voto-contra-las-paso-la-acuso-de-traicion.phtml\" rel=\"noopener noreferrer\">El PJ rompi\u00f3 con Katia Blanc tras su voto contra las PASO: la acus\u00f3 de \u201ctraici\u00f3n\u201d<\/a><\/p>\n<h2>La versi\u00f3n oficial que qued\u00f3 bajo la lupa<\/h2>\n<p>El parte policial difundido el 26 de agosto describ\u00eda una secuencia completamente diferente. Seg\u00fan aquella informaci\u00f3n, efectivos del Servicio Externo de la Comisar\u00eda Und\u00e9cima realizaban tareas en la zona de <strong>avenida Marconi y calle Bariloche<\/strong> cuando detectaron un autom\u00f3vil blanco que circulaba a gran velocidad junto a una motocicleta tipo cross.<\/p>\n<p>La versi\u00f3n sosten\u00eda que ambos veh\u00edculos aceleraron al advertir la presencia policial y que comenz\u00f3 una persecuci\u00f3n de unos 200 metros. En ese contexto, el conductor del Gol Trend habr\u00eda intentado escapar, perdido el control y terminado <strong>dentro de una zanja, entre pastizales<\/strong>.<\/p>\n<p>Siempre de acuerdo con aquel comunicado, el automovilista abandon\u00f3 el veh\u00edculo y escap\u00f3 en la motocicleta que lo acompa\u00f1aba. Uno de los agentes habr\u00eda iniciado una persecuci\u00f3n en moto, pero sufri\u00f3 una ca\u00edda cuando intent\u00f3 esquivar un cami\u00f3n estacionado.<\/p>\n<p class=\"destacadoNota\"><a target=\"_blank\" href=\"https:\/\/www.perfil.com\/noticias\/nea\/el-senado-aprobo-la-indemnizacion-a-productores-por-ataques-de-pumas-y-yaguaretes-en-corrientes.phtml\" rel=\"noopener noreferrer\">El Senado aprob\u00f3 la indemnizaci\u00f3n a productores por ataques de pumas y yaguaret\u00e9s en Corrientes<\/a><\/p>\n<p>La investigaci\u00f3n sobre la actuaci\u00f3n policial no elimina otro dato relevante: el autom\u00f3vil presentaba <strong>serias irregularidades en su identificaci\u00f3n<\/strong>. Las verificaciones determinaron que tanto el n\u00famero de motor como el de chasis ten\u00edan grabados que no correspond\u00edan a los originales de f\u00e1brica. La chapa patente tampoco contaba con las medidas de seguridad habituales y los investigadores estimaron que pod\u00eda tratarse de un veh\u00edculo <strong>\u201cmellizo\u201d<\/strong>.<\/p>\n<p>Durante el procedimiento tambi\u00e9n intervino el Departamento Canes para buscar posibles estupefacientes en el interior del autom\u00f3vil. <strong>El resultado fue negativo.<\/strong> Esas anomal\u00edas forman parte del expediente relacionado con el veh\u00edculo, pero no responden al interrogante central que abri\u00f3 la nueva denuncia: <strong>si los polic\u00edas obtuvieron el auto de manera legal y si la persecuci\u00f3n posteriormente informada ocurri\u00f3 realmente<\/strong>.<\/p>\n<p class=\"destacadoNota\"><a target=\"_blank\" href=\"https:\/\/www.perfil.com\/noticias\/nea\/disputa-por-el-cune-la-unne-recuperara-el-predio-y-el-club-denuncia-que-no-hubo-dialogo.phtml\" rel=\"noopener noreferrer\">Disputa por el CUNE: la UNNE recuperar\u00e1 el predio y el club denuncia que no hubo di\u00e1logo<\/a><\/p>\n<h2>Allanamientos y posibles imputaciones<\/h2>\n<p>La <strong>Fiscal\u00eda N\u00b010<\/strong> mantiene el expediente bajo investigaci\u00f3n y durante este jueves se realizaron allanamientos vinculados con la causa. Las medidas buscan reunir elementos que permitan reconstruir con precisi\u00f3n c\u00f3mo lleg\u00f3 el Gol Trend a manos policiales y determinar la intervenci\u00f3n de cada uno de los agentes se\u00f1alados.<\/p>\n<p>De acuerdo con la informaci\u00f3n conocida hasta el momento, <strong>podr\u00edan producirse novedades respecto de eventuales imputaciones durante la pr\u00f3xima semana<\/strong>, aunque por ahora la investigaci\u00f3n contin\u00faa en etapa probatoria y no existe una definici\u00f3n judicial sobre las responsabilidades.<\/p>\n<p>Mientras tanto, el OCI resolvi\u00f3 apartar preventivamente a los efectivos involucrados. As\u00ed, un procedimiento que inicialmente hab\u00eda sido difundido como el secuestro de un veh\u00edculo adulterado termin\u00f3 convertido en <strong>una investigaci\u00f3n por una presunta maniobra policial mucho m\u00e1s grave<\/strong>.<\/p>\n<div class=\"article__tags\">\n<p>En esta Nota<\/p>\n<\/p><\/div>\n","protected":false},"excerpt":{"rendered":"<p>Un procedimiento que hab\u00eda sido presentado como un exitoso secuestro policial qued\u00f3 envuelto en una grave investigaci\u00f3n penal en Resistencia. Dos efectivos de la Comisar\u00eda Und\u00e9cima son investigados ante la sospecha de que un Volkswagen Gol Trend no habr\u00eda sido hallado tras una persecuci\u00f3n, como se inform\u00f3 oficialmente, sino que habr\u00eda sido obtenido un d\u00eda [&hellip;]<\/p>\n","protected":false},"author":1,"featured_media":197873,"comment_status":"closed","ping_status":"closed","sticky":false,"template":"","format":"standard","meta":[],"categories":[2],"tags":[],"_links":{"self":[{"href":"http:\/\/cordobainforma.info\/index.php\/wp-json\/wp\/v2\/posts\/197872"}],"collection":[{"href":"http:\/\/cordobainforma.info\/index.php\/wp-json\/wp\/v2\/posts"}],"about":[{"href":"http:\/\/cordobainforma.info\/index.php\/wp-json\/wp\/v2\/types\/post"}],"author":[{"embeddable":true,"href":"http:\/\/cordobainforma.info\/index.php\/wp-json\/wp\/v2\/users\/1"}],"replies":[{"embeddable":true,"href":"http:\/\/cordobainforma.info\/index.php\/wp-json\/wp\/v2\/comments?post=197872"}],"version-history":[{"count":0,"href":"http:\/\/cordobainforma.info\/index.php\/wp-json\/wp\/v2\/posts\/197872\/revisions"}],"wp:featuredmedia":[{"embeddable":true,"href":"http:\/\/cordobainforma.info\/index.php\/wp-json\/wp\/v2\/media\/197873"}],"wp:attachment":[{"href":"http:\/\/cordobainforma.info\/index.php\/wp-json\/wp\/v2\/media?parent=197872"}],"wp:term":[{"taxonomy":"category","embeddable":true,"href":"http:\/\/cordobainforma.info\/index.php\/wp-json\/wp\/v2\/categories?post=197872"},{"taxonomy":"post_tag","embeddable":true,"href":"http:\/\/cordobainforma.info\/index.php\/wp-json\/wp\/v2\/tags?post=197872"}],"curies":[{"name":"wp","href":"https:\/\/api.w.org\/{rel}","templated":true}]}}