{"id":197848,"date":"2026-09-04T16:50:27","date_gmt":"2026-09-04T16:50:27","guid":{"rendered":"https:\/\/www.clarin.com\/deportes\/gp-italia-franco-colapinto-confirmo-mejorias-alpine-dia-furia-briatore-monza_0_f9N2DHlQ3d.html"},"modified":"2026-09-04T16:50:27","modified_gmt":"2026-09-04T16:50:27","slug":"gp-de-italia-franco-colapinto-confirmo-las-mejorias-de-su-alpine-en-un-dia-de-furia-para-briatore-en-monza","status":"publish","type":"post","link":"http:\/\/cordobainforma.info\/index.php\/2026\/09\/04\/gp-de-italia-franco-colapinto-confirmo-las-mejorias-de-su-alpine-en-un-dia-de-furia-para-briatore-en-monza\/","title":{"rendered":"GP de Italia: Franco Colapinto confirm\u00f3 las mejor\u00edas de su Alpine, en un d\u00eda de furia para Briatore en Monza"},"content":{"rendered":"<p><img src=\"http:\/\/cordobainforma.info\/wp-content\/uploads\/2026\/09\/gp-de-italia-franco-colapinto-confirmo-las-mejorias-de-su-alpine-en-un-dia-de-furia-para-briatore-en-monza.jpg\"><\/p>\n<div><img src=\"http:\/\/cordobainforma.info\/wp-content\/uploads\/2026\/09\/gp-de-italia-franco-colapinto-confirmo-las-mejorias-de-su-alpine-en-un-dia-de-furia-para-briatore-en-monza-2.jpg\" class=\"ff-og-image-inserted\"><\/div>\n<div id=\"element-body-0\" readability=\"54.093686354379\">\n<p><strong>Franco Colapinto<\/strong> corri\u00f3 en Monza con la tranquilidad que no tuvo <strong>Alpine <\/strong>en un mediod\u00eda convulsionado en Italia. El argentino sali\u00f3 a la pista donde debut\u00f3 como piloto de F\u00f3rmula 1 -hace dos a\u00f1os, con Williams- mientras en el box del equipo franc\u00e9s se enteraban de que hab\u00edan perdido <a href=\"https:\/\/www.clarin.com\/deportes\/golpe-gasly-fia-ratifico-sancion-gp-monaco-perdio-podio_0_EtwyGq3hvj.html\" target=\"_blank\" title=\"el podio del GP de M\u00f3naco que Pierre Gasly hab\u00eda obtenido en un escritorio\" alt=\"el podio del GP de M\u00f3naco que Pierre Gasly hab\u00eda obtenido en un escritorio\" rel=\"noopener noreferrer\">el podio del GP de M\u00f3naco que Pierre Gasly hab\u00eda obtenido en un escritorio<\/a>: en la pista, una doble penalizaci\u00f3n lo hab\u00eda hecho caer, despu\u00e9s de la bandera a cuadros, del tercer al s\u00e9ptimo lugar.<\/p>\n<\/div>\n<div id=\"element-body-1\" readability=\"57.271794871795\">\n<p>Lejos del ruido, que incluy\u00f3 <a href=\"https:\/\/www.clarin.com\/deportes\/flavio-briatore-desato-escandalo-medios-fallo-fia-alpine-denuncio-jueces-recibio-coches-mclaren_0_RtN0NyLei9.html\" target=\"_blank\" title=\"explosivas acusaciones de Flavio Briatore\" alt=\"explosivas acusaciones de Flavio Briatore\" rel=\"noopener noreferrer\">explosivas acusaciones de Flavio Briatore<\/a> contra McLaren y contra uno de los cuatro jueces que conformaron el panel del Tribunal de Apelaciones celebrado el 25 de agosto en Par\u00eds, <strong>Colapinto fue el mejor piloto de Alpine con un auto que recibi\u00f3 el paquete de actualizaciones<\/strong>, a un segundo de la punta pero a dos d\u00e9cimas de <strong>Arvid Lindblad<\/strong>, el mejor del resto.<\/p>\n<\/div>\n<div id=\"element-body-2\" readability=\"65\">\n<p>En la primera pr\u00e1ctica libre, pese a que no logr\u00f3 meter una vuelta limpia con la goma roja, <strong>qued\u00f3 noveno y por delante de Paul Aron<\/strong>, quien complet\u00f3 su segunda sesi\u00f3n como rookie del equipo al reemplazar a Gasly. Cuando el franc\u00e9s reapareci\u00f3 en la FP2, igualmente el argentino termin\u00f3 154 mil\u00e9simas por delante, en el puesto 11 versus el 14\u00b0.<\/p>\n<\/div>\n<div id=\"element-body-3\" readability=\"68\">\n<p>Las sensaciones, sin embargo, fueron distintas entre una sesi\u00f3n y otra, seg\u00fan confes\u00f3 despu\u00e9s. \u00abEn la FP1, muy bien. <strong>En la FP1 sal\u00ed, di cuatro vueltas e hice el tiempo. <\/strong>Despu\u00e9s tuve un problema con el motor con la <em>soft<\/em>, pero tendr\u00eda que haber mejorado cinco d\u00e9cimas; tendr\u00eda que haber hecho un tiempo parecido al que hice ahora\u00bb, explic\u00f3 apenas se baj\u00f3 del auto tras la segunda sesi\u00f3n, en referencia al <strong>1m24s028<\/strong> de la ma\u00f1ana y el <strong>1m23s619 <\/strong>de la tarde.<\/p>\n<\/div>\n<div id=\"element-body-4\" readability=\"69\">\n<p>\u00abEn la FP2, est\u00e1bamos un poquito perdidos. Creo que dimos un paso para atr\u00e1s. Hay que entender por qu\u00e9. Si es la temperatura, que hizo m\u00e1s calor, o qu\u00e9 es lo que pas\u00f3. Pero cost\u00f3 m\u00e1s: el auto no iba tan bien, iba un poco suelto, no ten\u00eda grip en mitad de curva, iba de trompa; despu\u00e9s se sal\u00eda y mov\u00eda m\u00e1s, ten\u00eda menos grip trasero saliendo. <strong>No evolucionamos nada. De hecho, siento que empeoramos bastante<\/strong>\u00ab, analiz\u00f3 en ESPN.<\/p>\n<\/div>\n<div id=\"element-body-5\" readability=\"62\">\n<p>A la salida de Ascari, cuando el segundo entrenamiento llegaba a su fin, Colapinto experiment\u00f3 en pista lo peor de esa sensaci\u00f3n que explic\u00f3 despu\u00e9s: se fue ancho, pis\u00f3 la leca y salv\u00f3 el A526 con una correcci\u00f3n r\u00e1pida en una zona de alt\u00edsima velocidad.<\/p>\n<\/div>\n<div id=\"element-body-6\" readability=\"26.806722689076\">\n<blockquote class=\"twitter-tweet\" readability=\"7.3109243697479\">\n<p lang=\"es\" dir=\"ltr\">SE PARALIZARON LOS CORAZONES DE LOS FAN\u00c1TICOS ARGENTINOS SOBRE EL FINAL DE LA FP2. Franco Colapinto perdi\u00f3 el control de su Alpine y tuvo que pasar por la leca con el #43&#8230; \u00bfHabr\u00e1 sufrido alg\u00fan da\u00f1o el piso?<\/p>\n<p>\ud83d\udcfa <a href=\"https:\/\/x.com\/hashtag\/ItalianGP?src=hash&amp;ref_src=twsrc%5Etfw\">#ItalianGP<\/a> | Toda la temporada de <a href=\"https:\/\/x.com\/hashtag\/F1?src=hash&amp;ref_src=twsrc%5Etfw\">#F1<\/a> por <a href=\"https:\/\/x.com\/hashtag\/DisneyPlus?src=hash&amp;ref_src=twsrc%5Etfw\">#DisneyPlus<\/a> Plan Premium <a href=\"https:\/\/t.co\/nOkMKs0aoB\">pic.twitter.com\/nOkMKs0aoB<\/a><\/p>\n<p>\u2014 SportsCenter (@SC_ESPN) <a href=\"https:\/\/x.com\/SC_ESPN\/status\/2095891658684436495?ref_src=twsrc%5Etfw\">September 4, 2026<\/a><\/p><\/blockquote><\/div>\n<div id=\"element-body-7\" readability=\"64\">\n<p>\u00abLa FP1 hab\u00eda sido muy positiva, el <em>long run<\/em> hab\u00eda sido muy bueno, con las medias hab\u00eda hecho un tiempo muy r\u00e1pido y <strong>ten\u00eda para mejorar<\/strong>\u00ab, record\u00f3 sobre una sesi\u00f3n en la que incluso pidi\u00f3 una vuelta m\u00e1s, que su ingeniero Stuart Barlow le deneg\u00f3 porque ten\u00edan que seguir con el plan de trabajo.<\/p>\n<\/div>\n<div id=\"element-body-8\" readability=\"69\">\n<p>\u00abHay que volver un poquito a eso. Lo bueno es que para la FP2 solucionamos lo del motor de la FP1 con la goma blanda, que no pude hacer el qualy sim\u00bb, valor\u00f3 quien recibi\u00f3 la actualizaci\u00f3n de ocho piezas (fondo plano, aler\u00f3n trasero, difusor, pontones, conjunto trasero, estructura de impacto trasera, secci\u00f3n y borde de suelo) que Gasly hab\u00eda estrenado en Zandvoort, durante el \u00faltimo GP.<\/p>\n<\/div>\n<div id=\"element-body-9\" readability=\"28.512640449438\">\n<blockquote class=\"twitter-tweet\" readability=\"8.5112359550562\">\n<p lang=\"es\" dir=\"ltr\">\u00abEN EL FP1 MUY BIEN Y LA FP2 ESTABAMOS UN POQUITO PERDIDOS. DIMOS UN PASO PARA ATR\u00c1S&#8230; HAY QUE ENTENDER POR QU\u00c9\u00bb<\/p>\n<p>\ud83d\udc40 A pesar de finalizar 11\u00b0, Colapinto no se fue conforme con el rendimiento de su Alpine en la Pr\u00e1ctica 2 del <a href=\"https:\/\/x.com\/hashtag\/ItalianGP?src=hash&amp;ref_src=twsrc%5Etfw\">#ItalianGP<\/a>: \u00bfTendr\u00e1 mejores sensaciones en la Qualy? <a href=\"https:\/\/t.co\/W2YzvKhYdx\">pic.twitter.com\/W2YzvKhYdx<\/a><\/p>\n<p>\u2014 SportsCenter (@SC_ESPN) <a href=\"https:\/\/x.com\/SC_ESPN\/status\/2095895881786532167?ref_src=twsrc%5Etfw\">September 4, 2026<\/a><\/p><\/blockquote><\/div>\n<div id=\"element-body-10\" readability=\"64\">\n<p>La actividad en el <strong>Gran Premio de Italia<\/strong>, en el que Ferrari quiere volver a la cima y Charles Leclerc lo consigui\u00f3 en la FP1 pero luego qued\u00f3 segundo en la FP2, detr\u00e1s de George Russell, continuar\u00e1 este s\u00e1bado a las 7.30 con la \u00faltima pr\u00e1ctica libre. A las 11 ser\u00e1 el momento de la verdad: la clasificaci\u00f3n, donde -raramente- nadie guardar\u00e1 la goma roja.<\/p>\n<\/div>\n<div id=\"element-body-11\" readability=\"61\">\n<p>Todo indica que el GP del domingo requerir\u00e1 una sola parada en boxes y que lo m\u00e1s probable sea que los pilotos comiencen con neum\u00e1ticos medios y cambien a los duros. <strong>Los neum\u00e1ticos rojos parecen demasiado blandos para estas temperaturas<\/strong>, ya que se esperan unos 35 grados cent\u00edgrados en el ambiente (m\u00e1s de 50 en la pista) para el domingo.<\/p>\n<\/div>\n<div id=\"element-body-12\" readability=\"61\">\n<p>Pese a eso, fue el compuesto que eligi\u00f3 Alpine para Colapinto en las dos primeras pr\u00e1cticas para los long runs. Por eso, no sorprender\u00e1 que en la FP3 el equipo ponga al bonaerense a ensayar con la goma media o dura y los tanques llenos.<\/p>\n<\/div>\n","protected":false},"excerpt":{"rendered":"<p>Franco Colapinto corri\u00f3 en Monza con la tranquilidad que no tuvo Alpine en un mediod\u00eda convulsionado en Italia. El argentino sali\u00f3 a la pista donde debut\u00f3 como piloto de F\u00f3rmula 1 -hace dos a\u00f1os, con Williams- mientras en el box del equipo franc\u00e9s se enteraban de que hab\u00edan perdido el podio del GP de M\u00f3naco [&hellip;]<\/p>\n","protected":false},"author":1,"featured_media":197849,"comment_status":"closed","ping_status":"closed","sticky":false,"template":"","format":"standard","meta":[],"categories":[20],"tags":[],"_links":{"self":[{"href":"http:\/\/cordobainforma.info\/index.php\/wp-json\/wp\/v2\/posts\/197848"}],"collection":[{"href":"http:\/\/cordobainforma.info\/index.php\/wp-json\/wp\/v2\/posts"}],"about":[{"href":"http:\/\/cordobainforma.info\/index.php\/wp-json\/wp\/v2\/types\/post"}],"author":[{"embeddable":true,"href":"http:\/\/cordobainforma.info\/index.php\/wp-json\/wp\/v2\/users\/1"}],"replies":[{"embeddable":true,"href":"http:\/\/cordobainforma.info\/index.php\/wp-json\/wp\/v2\/comments?post=197848"}],"version-history":[{"count":0,"href":"http:\/\/cordobainforma.info\/index.php\/wp-json\/wp\/v2\/posts\/197848\/revisions"}],"wp:featuredmedia":[{"embeddable":true,"href":"http:\/\/cordobainforma.info\/index.php\/wp-json\/wp\/v2\/media\/197849"}],"wp:attachment":[{"href":"http:\/\/cordobainforma.info\/index.php\/wp-json\/wp\/v2\/media?parent=197848"}],"wp:term":[{"taxonomy":"category","embeddable":true,"href":"http:\/\/cordobainforma.info\/index.php\/wp-json\/wp\/v2\/categories?post=197848"},{"taxonomy":"post_tag","embeddable":true,"href":"http:\/\/cordobainforma.info\/index.php\/wp-json\/wp\/v2\/tags?post=197848"}],"curies":[{"name":"wp","href":"https:\/\/api.w.org\/{rel}","templated":true}]}}