{"id":197832,"date":"2026-09-03T05:27:03","date_gmt":"2026-09-03T05:27:03","guid":{"rendered":"https:\/\/www.mujerhoy.com\/vivir\/bienestar\/salena-sainz-nutricionista-desayuno-basado-azucares-harinas-20260903050000-nt.html"},"modified":"2026-09-03T05:27:03","modified_gmt":"2026-09-03T05:27:03","slug":"salena-sainz-nutricionista-un-desayuno-basado-en-azucares-o-harinas-refinadas-puede-provocar-cansancio-y-menor-concentracion","status":"publish","type":"post","link":"http:\/\/cordobainforma.info\/index.php\/2026\/09\/03\/salena-sainz-nutricionista-un-desayuno-basado-en-azucares-o-harinas-refinadas-puede-provocar-cansancio-y-menor-concentracion\/","title":{"rendered":"Salena Sainz, nutricionista: \u00abUn desayuno basado en az\u00facares o harinas refinadas puede provocar cansancio y menor concentraci\u00f3n\u00bb"},"content":{"rendered":"<div class=\"media_block\"><\/div>\n<p><!-- AUTHOR --><\/p>\n<div class=\"voc-author-timesocial \">\n<!-- AUTHOR --><\/p>\n<div class=\"voc-author-timesocial__signature \">\n<!-- IMAGE AUTHOR -->\n<picture class=\"voc-image-signature\">\n<img class=\"voc-image-signature__img\" src=\"http:\/\/cordobainforma.info\/wp-content\/uploads\/2026\/09\/salena-sainz-nutricionista-un-desayuno-basado-en-azucares-o-harinas-refinadas-puede-provocar-cansancio-y-menor-concentracion.png\" alt=\"Sandra Hern\u00e1ndez\">\n<\/picture>\n<!-- INFO AUTHOR --> <\/div><\/div>\n<p> <!-- COMPONENTS --><\/p>\n<p class=\"voc-paragraph\">El verano suele desordenar el desayuno antes que cualquier otra comida del d\u00eda. <strong>Salena Sainz, nutricionista de Naturae Nutrici\u00f3n,<\/strong> lo explica desde lo que observa cada septiembre: \u00abNos acostamos y levantamos m\u00e1s tarde, comemos a horas diferentes, hacemos cenas m\u00e1s tard\u00edas y, como consecuencia, <a href=\"https:\/\/www.mujerhoy.com\/vivir\/bienestar\/desayuno-saciante-completo-energia-no-picar-entre-horas-saludable-adelgazar-20240528065547-nt.html\" target=\"_self\" data-voc-vtm-id=\"in-text-traffic\" data-mrf-link=\"www.mujerhoy.com\" rel=\"noopener noreferrer\">el desayuno<\/a> puede retrasarse, reducirse a <a href=\"https:\/\/www.mujerhoy.com\/vivir\/bienestar\/sara-marin-berbell-medica-cafe-desayuno-ayunas-cortisol-estres-20250601090219-nt.html\" target=\"_self\" data-voc-vtm-id=\"in-text-traffic\" data-mrf-link=\"www.mujerhoy.com\" rel=\"noopener noreferrer\">un caf\u00e9<\/a> o incluso desaparecer\u00bb. Tambi\u00e9n cambia lo que hay en el plato: sube el consumo de boller\u00eda, cereales azucarados o tostadas poco completas, mientras baja la presencia <a href=\"https:\/\/www.mujerhoy.com\/vivir\/bienestar\/mar-serrano-experta-longevidad-cuanta-proteina-hay-que-tomar-45-anos-20260626122625-nt.html\" target=\"_self\" data-voc-vtm-id=\"in-text-traffic\" data-mrf-link=\"www.mujerhoy.com\" rel=\"noopener noreferrer\">de prote\u00edna<\/a> y fibra.<\/p>\n<p class=\"voc-paragraph\">Ese desajuste tiene un efecto directo sobre la energ\u00eda del resto del d\u00eda. \u00abUn desayuno basado fundamentalmente en az\u00facares o harinas refinadas <strong>puede provocar una subida r\u00e1pida de glucosa seguida de una respuesta de insulina y, posteriormente, una sensaci\u00f3n de hambre<\/strong>, cansancio o menor concentraci\u00f3n\u00bb, advierte Sainz. <a href=\"https:\/\/www.mujerhoy.com\/vivir\/bienestar\/desayunar-sardinas-omega3-beneficios-20260327154536-nt.html\" target=\"_self\" data-voc-vtm-id=\"in-text-traffic\" data-mrf-link=\"www.mujerhoy.com\" rel=\"noopener noreferrer\">Combinar prote\u00edna, fibra, grasas saludables<\/a> y carbohidratos de calidad, en cambio, favorece una liberaci\u00f3n de energ\u00eda mucho m\u00e1s sostenida a lo largo de la ma\u00f1ana.<\/p>\n<div class=\"v-c-cmp v-c-cmp--t1 \">\n<div class=\"v-cmp-rld v-cmp-rld--2 \">\n<div class=\"v-cnt-m v-cnt-m--m\">\n<div class=\"v-cnt-m__c\">\n<div class=\"v-cnt-m__w v-cnt-m__w--1\">\n<p class=\"v-cnt-m__t\">\nTAMBI\u00c9N TE INTERESA\n<\/p>\n<\/div>\n<\/div>\n<\/div>\n<div class=\"v-g v-g--2-c v-g--bdr-min-xs\">\n<div class=\"v-g__c \">\n<article class=\"v-a v-a--cmp-rld v-a--cmp-rld-2 v-a--p-l\">\n<div class=\"v-a-img-c\">\n<figure class=\"v-a-fig\">\n<a href=\"https:\/\/www.mujerhoy.com\/vivir\/fitness\/dra-mariel-silva-directora-medica-estar-vacaciones-20260822141144-nt.html#vtm_modulosEngag=mod-rel:vivir:noticia:1:cmp:2-not\" class=\"v-a-link\" title=\"Dra. Mariel Silva, directora m\u00e9dica: \u00abEstar de vacaciones no garantiza por s\u00ed solo una recuperaci\u00f3n\u00bb\"><br \/>\n<img loading=\"lazy\" class=\"v-a-img\" src=\"http:\/\/cordobainforma.info\/wp-content\/uploads\/2026\/09\/salena-sainz-nutricionista-un-desayuno-basado-en-azucares-o-harinas-refinadas-puede-provocar-cansancio-y-menor-concentracion.jpg\" alt=\"Dra. Mariel Silva, directora m\u00e9dica: \u00abEstar de vacaciones no garantiza por s\u00ed solo una recuperaci\u00f3n\u00bb\"><br \/>\n<\/a><br \/>\n<\/figure>\n<\/div>\n<\/article>\n<\/div>\n<div class=\"v-g__c \">\n<article class=\"v-a v-a--cmp-rld v-a--cmp-rld-2 v-a--p-l\">\n<div class=\"v-a-img-c\">\n<figure class=\"v-a-fig\">\n<a href=\"https:\/\/www.mujerhoy.com\/vivir\/bienestar\/sandra-lorden-nutricionista-deportiva-snack-verano-ideal-20260821114512-nt.html#vtm_modulosEngag=mod-rel:vivir:noticia:2:cmp:2-not\" class=\"v-a-link\" title=\"Sandra Lord\u00e9n, nutricionista deportiva: \u00abEl snack de verano ideal no es el que tiene menos calor\u00edas, es el que controla el apetito\u00bb\"><br \/>\n<img loading=\"lazy\" class=\"v-a-img\" src=\"http:\/\/cordobainforma.info\/wp-content\/uploads\/2026\/09\/salena-sainz-nutricionista-un-desayuno-basado-en-azucares-o-harinas-refinadas-puede-provocar-cansancio-y-menor-concentracion-1.jpg\" alt=\"Sandra Lord\u00e9n, nutricionista deportiva: \u00abEl snack de verano ideal no es el que tiene menos calor\u00edas, es el que controla el apetito\u00bb\"><br \/>\n<\/a><br \/>\n<\/figure>\n<\/div>\n<\/article>\n<\/div>\n<\/div>\n<\/div>\n<\/div>\n<p class=\"voc-paragraph\">Un buen desayuno de septiembre deber\u00eda recuperar algo que el verano suele desordenar: la estructura. <strong>\u00abNo tiene que ser necesariamente grande ni complicado, pero s\u00ed deber\u00eda aportar varios grupos de nutrientes\u00bb, explica Sainz.<\/strong> Su f\u00f3rmula recomendable combina prote\u00edna, como huevos, k\u00e9fir o yogur natural, fibra y <a href=\"https:\/\/www.mujerhoy.com\/vivir\/bienestar\/carbohidratos-nutriente-longevidad-vivir-mas-anos-20240915091451-nt.html\" target=\"_self\" data-voc-vtm-id=\"in-text-traffic\" data-mrf-link=\"www.mujerhoy.com\" rel=\"noopener noreferrer\">carbohidratos de calidad<\/a>, como fruta entera, semillas o avena, y grasas saludables, como frutos secos, aguacate o <a href=\"https:\/\/www.mujerhoy.com\/vivir\/gastronomia\/aceite-de-oliva-virgen-extra-cultura-mediterranea-premios-20260523133411-nt.html\" target=\"_self\" data-voc-vtm-id=\"in-text-traffic\" data-mrf-link=\"www.mujerhoy.com\" rel=\"noopener noreferrer\">aceite de oliva virgen extra.<\/a><\/p>\n<p class=\"voc-paragraph\">El yogur natural sin az\u00facar y el k\u00e9fir son una buena base de partida. <strong>\u00abLos alimentos fermentados juegan un buen papel en la salud intestinal y la microbiota y son muy f\u00e1ciles de combinar con otros alimentos\u00bb, se\u00f1ala Sainz.<\/strong> Los frutos rojos aportan polifenoles y antioxidantes, especialmente los ar\u00e1ndanos, ricos en antocianinas, compuestos estudiados por su posible papel en la salud vascular, metab\u00f3lica y cognitiva. Los huevos suman prote\u00edna de alta calidad y ayudan a construir un desayuno m\u00e1s saciante.<\/p>\n<p><h3 class=\"v-cmp-suh\">\nLos desayunos que parecen energ\u00e9ticos y no lo son<br \/>\n<\/h3>\n<\/p>\n<p class=\"voc-paragraph\">Hay combinaciones que dan sensaci\u00f3n de energ\u00eda inmediata sin sostenerla en el tiempo. <strong>\u00abZumo m\u00e1s caf\u00e9, cereales azucarados, tostadas de pan blanco con mermelada o embutidos y carnes procesadas<\/strong> con un contenido elevado en sal y grasas saturadas\u00bb son los ejemplos que m\u00e1s se\u00f1ala Sainz. El problema no es que estos alimentos est\u00e9n prohibidos, sino que, si constituyen pr\u00e1cticamente todo el desayuno, aportan poca prote\u00edna y fibra de calidad y favorecen el hambre o el baj\u00f3n de media ma\u00f1ana.<\/p>\n<div class=\"v-c-cmp v-c-cmp--s\">\n<div class=\"v-cmp-m \">\n<article class=\"v-a v-a--cmp-m v-c-cmp--m-z\">\n<div class=\"v-a-img-c \">\n<div class=\"v-a-fig\">\n<button class=\"v-a-link\" popovertarget=\"photo-816\"><br \/>\n<img loading=\"lazy\" src=\"http:\/\/cordobainforma.info\/wp-content\/uploads\/2026\/09\/salena-sainz-nutricionista-un-desayuno-basado-en-azucares-o-harinas-refinadas-puede-provocar-cansancio-y-menor-concentracion-2.jpg\" class=\"v-a-img\" width=\"650\" height=\"650\" alt=\"Desayuno equilibrado.\" data-voc-vtm-id=\"in-text-traffic\"> <\/button><figcaption class=\"v-fc\">\n<span class=\"v-fc__t\"><br \/>\nDesayuno equilibrado.<br \/>\n<\/span><br \/>\n<span class=\"v-fc__p\"><br \/>\nPEXELS.<br \/>\n<\/span><br \/>\n<\/figcaption><\/div>\n<\/div>\n<div id=\"photo-816\" popover class=\"v-mdl v-mdl--fw\">\n<button class=\"v-x\" popovertarget=\"photo-816\" popovertargetaction=\"hide\"><br \/>\n<span class=\"v-i\"><br \/>\n<svg width=\"24\" height=\"23.996\" viewBox=\"0 0 24 23.996\">\n<path data-name=\"Uni\u00f3n 29\" d=\"M12,14.03,2.031,24,0,21.963,9.968,12,0,2.033,2.031,0,12,9.966,21.969,0,24,2.033,14.032,12,24,21.963,21.969,24Z\" \/>\n<\/svg><br \/>\n<\/span><br \/>\n<\/button><\/p>\n<div class=\"v-mdl__c\">\n<div class=\"v-mdl__w\">\n<img loading=\"lazy\" src=\"http:\/\/cordobainforma.info\/wp-content\/uploads\/2026\/09\/salena-sainz-nutricionista-un-desayuno-basado-en-azucares-o-harinas-refinadas-puede-provocar-cansancio-y-menor-concentracion-2.jpg\" class=\"v-mdl__img-z\" width=\"650\" height=\"650\" alt>\n<\/div>\n<\/div>\n<\/div>\n<p><span class=\"v-bdp\"><\/span><br \/>\n<\/article>\n<\/div>\n<\/div>\n<p class=\"voc-paragraph\"><strong>M\u00e1s que fijarse en una hora exacta, lo importante es recuperar cierta regularidad.<\/strong> \u00abDespu\u00e9s de semanas de vacaciones, no es extra\u00f1o levantarse m\u00e1s tarde, retrasar la primera comida y concentrar m\u00e1s cantidad de alimentos a lo largo de la tarde y la noche\u00bb, explica Sainz. Para quien ha dejado de desayunar del todo, su recomendaci\u00f3n no es forzar de golpe un desayuno grande,<strong> sino empezar con una peque\u00f1a ingesta completa e ir adelant\u00e1ndola de forma progresiva<\/strong> seg\u00fan se ajuste el horario y el apetito.<\/p>\n<p class=\"voc-paragraph\">No desayunar tampoco es un problema para todo el mundo. \u00abNo desayunar no es necesariamente perjudicial para todo el mundo; <strong>lo importante es que el patr\u00f3n global de alimentaci\u00f3n sea adecuado y que la persona llegue a las siguientes comidas con energ\u00eda y sin hambre descontrolada\u00bb<\/strong>, aclara Sainz. Lo que s\u00ed conviene evitar al volver a la rutina es que el desorden horario acabe desplazando gran parte de la ingesta hacia la tarde-noche.<\/p>\n<p class=\"voc-paragraph\">\u00bfSe nota el cambio r\u00e1pido al recuperar un buen desayuno? Seg\u00fan Sainz, s\u00ed, aunque no por magia. \u00abUna persona que durante el verano desayunaba de forma irregular y en septiembre pasa a tomar cada ma\u00f1ana un desayuno con prote\u00edna, fibra y carbohidratos de calidad puede notar en pocos d\u00edas menos hambre a media ma\u00f1ana, mayor saciedad y una energ\u00eda m\u00e1s estable\u00bb, explica. <strong>Lo que s\u00ed requiere m\u00e1s tiempo son los cambios metab\u00f3licos y de composici\u00f3n corporal<\/strong>, que necesitan constancia sostenida m\u00e1s all\u00e1 de las primeras semanas.<\/p>\n<p class=\"voc-paragraph\"><strong>Recuperar el desayuno no significa hacerlo perfecto desde el primer d\u00eda.<\/strong> Frutos secos, semillas de ch\u00eda o lino y avena bien combinada con prote\u00edna y grasa saludable son, seg\u00fan Sainz, formas sencillas de que el carbohidrato no desaparezca del plato, sino que se elija mejor. Volver a septiembre con esa base, m\u00e1s que con un desayuno espectacular, es lo que marca la diferencia en c\u00f3mo se llega al mediod\u00eda.<\/p>\n<div class=\"v-c-cmp v-c-cmp--t1 \">\n<div class=\"v-cmp-rld v-cmp-rld--2 \">\n<div class=\"v-cnt-m v-cnt-m--m\">\n<div class=\"v-cnt-m__c\">\n<div class=\"v-cnt-m__w v-cnt-m__w--1\">\n<p class=\"v-cnt-m__t\">\nTAMBI\u00c9N TE INTERESA\n<\/p>\n<\/div>\n<\/div>\n<\/div>\n<div class=\"v-g v-g--2-c v-g--bdr-min-xs\">\n<div class=\"v-g__c \">\n<article class=\"v-a v-a--cmp-rld v-a--cmp-rld-2 v-a--p-l\">\n<div class=\"v-a-img-c\">\n<figure class=\"v-a-fig\">\n<a href=\"https:\/\/www.mujerhoy.com\/vivir\/bienestar\/por-que-mujeres-mas-45-anos-engordan-despues-verano-consejos-nutricionista-kateryna-chaykovska-20260819230739-nt.html#vtm_modulosEngag=mod-rel:vivir:noticia:1:cmp:2-not\" class=\"v-a-link\" title=\"El verdadero motivo por el que las mujeres de 45 a\u00f1os engordan en septiembre, seg\u00fan la nutricionista Kateryna Chaykovska\"><br \/>\n<img loading=\"lazy\" class=\"v-a-img\" src=\"http:\/\/cordobainforma.info\/wp-content\/uploads\/2026\/09\/salena-sainz-nutricionista-un-desayuno-basado-en-azucares-o-harinas-refinadas-puede-provocar-cansancio-y-menor-concentracion-3.jpg\" alt=\"El verdadero motivo por el que las mujeres de 45 a\u00f1os engordan en septiembre, seg\u00fan la nutricionista Kateryna Chaykovska\"><br \/>\n<\/a><br \/>\n<\/figure>\n<\/div>\n<\/article>\n<\/div>\n<div class=\"v-g__c \">\n<article class=\"v-a v-a--cmp-rld v-a--cmp-rld-2 v-a--p-l\">\n<div class=\"v-a-img-c\">\n<figure class=\"v-a-fig\">\n<a href=\"https:\/\/www.mujerhoy.com\/vivir\/bienestar\/hidratacion-verano-beber-agua-suficiente-que-necesita-cuerpo-20260806152011-nt.html#vtm_modulosEngag=mod-rel:vivir:noticia:2:cmp:2-not\" class=\"v-a-link\" title=\"Beber agua ya no es suficiente en agosto: esto es lo que tu cuerpo necesita para hidratarse de verdad\"><br \/>\n<img loading=\"lazy\" class=\"v-a-img\" src=\"http:\/\/cordobainforma.info\/wp-content\/uploads\/2026\/09\/salena-sainz-nutricionista-un-desayuno-basado-en-azucares-o-harinas-refinadas-puede-provocar-cansancio-y-menor-concentracion-4.jpg\" alt=\"Beber agua ya no es suficiente en agosto: esto es lo que tu cuerpo necesita para hidratarse de verdad\"><br \/>\n<\/a><br \/>\n<\/figure>\n<\/div>\n<\/article>\n<\/div>\n<\/div>\n<\/div>\n<\/div>\n","protected":false},"excerpt":{"rendered":"<p>El verano suele desordenar el desayuno antes que cualquier otra comida del d\u00eda. Salena Sainz, nutricionista de Naturae Nutrici\u00f3n, lo explica desde lo que observa cada septiembre: \u00abNos acostamos y levantamos m\u00e1s tarde, comemos a horas diferentes, hacemos cenas m\u00e1s tard\u00edas y, como consecuencia, el desayuno puede retrasarse, reducirse a un caf\u00e9 o incluso desaparecer\u00bb. [&hellip;]<\/p>\n","protected":false},"author":1,"featured_media":197833,"comment_status":"open","ping_status":"closed","sticky":false,"template":"","format":"standard","meta":[],"categories":[18],"tags":[],"_links":{"self":[{"href":"http:\/\/cordobainforma.info\/index.php\/wp-json\/wp\/v2\/posts\/197832"}],"collection":[{"href":"http:\/\/cordobainforma.info\/index.php\/wp-json\/wp\/v2\/posts"}],"about":[{"href":"http:\/\/cordobainforma.info\/index.php\/wp-json\/wp\/v2\/types\/post"}],"author":[{"embeddable":true,"href":"http:\/\/cordobainforma.info\/index.php\/wp-json\/wp\/v2\/users\/1"}],"replies":[{"embeddable":true,"href":"http:\/\/cordobainforma.info\/index.php\/wp-json\/wp\/v2\/comments?post=197832"}],"version-history":[{"count":0,"href":"http:\/\/cordobainforma.info\/index.php\/wp-json\/wp\/v2\/posts\/197832\/revisions"}],"wp:featuredmedia":[{"embeddable":true,"href":"http:\/\/cordobainforma.info\/index.php\/wp-json\/wp\/v2\/media\/197833"}],"wp:attachment":[{"href":"http:\/\/cordobainforma.info\/index.php\/wp-json\/wp\/v2\/media?parent=197832"}],"wp:term":[{"taxonomy":"category","embeddable":true,"href":"http:\/\/cordobainforma.info\/index.php\/wp-json\/wp\/v2\/categories?post=197832"},{"taxonomy":"post_tag","embeddable":true,"href":"http:\/\/cordobainforma.info\/index.php\/wp-json\/wp\/v2\/tags?post=197832"}],"curies":[{"name":"wp","href":"https:\/\/api.w.org\/{rel}","templated":true}]}}