{"id":197830,"date":"2026-09-03T20:08:00","date_gmt":"2026-09-03T20:08:00","guid":{"rendered":"https:\/\/www.mujerhoy.com\/moda\/no-te-pierdas\/nuevo-zapatos-colores-entretiempo-baratos-zara-20260903104836-nt.html"},"modified":"2026-09-03T20:08:00","modified_gmt":"2026-09-03T20:08:00","slug":"adios-sandalias-estos-zapatos-son-los-que-llevaras-durante-los-dias-de-entretiempo","status":"publish","type":"post","link":"http:\/\/cordobainforma.info\/index.php\/2026\/09\/03\/adios-sandalias-estos-zapatos-son-los-que-llevaras-durante-los-dias-de-entretiempo\/","title":{"rendered":"Adi\u00f3s sandalias, estos zapatos son los que llevar\u00e1s durante los d\u00edas de entretiempo"},"content":{"rendered":"<div class=\"media_block\"><\/div>\n<p><!-- AUTHOR --><\/p>\n<div class=\"voc-author-timesocial \">\n<!-- AUTHOR --><\/p>\n<div class=\"voc-author-timesocial__signature \">\n<!-- IMAGE AUTHOR -->\n<picture class=\"voc-image-signature\">\n<img class=\"voc-image-signature__img\" src=\"http:\/\/cordobainforma.info\/wp-content\/uploads\/2026\/09\/adios-sandalias-estos-zapatos-son-los-que-llevaras-durante-los-dias-de-entretiempo.jpg\" alt=\"Gemma Cano\">\n<\/picture>\n<!-- INFO AUTHOR --><\/p>\n<div class=\"voc-author-timesocial__info\" data-mrf-recirculation=\"Autor\">\n<div class=\"voc-author-info\">\n<author><br \/>\n<a class=\"voc-author\" href=\"https:\/\/www.mujerhoy.com\/autor\/gemma-cano-1220.html\">Gemma Cano<\/a><br \/>\n<\/author><br \/>\n<!-- TIME --><br \/>\n<time datetime=\"2026-09-03T20:08:00Z\" data-timestamp><br \/>\nPublicado \u00b7 <span data-voc-date-modified-short> 3 de septiembre de 2026, 22:08 h <\/span><br \/>\n<\/time>\n<\/div>\n<\/div>\n<\/div><\/div>\n<p> <!-- COMPONENTS --><\/p>\n<p class=\"voc-paragraph\">Los zapatos se reinventan, una vez m\u00e1s, de cara a la recta final del verano. Este vers\u00e1til accesorio apuesta por todo tipo de propuestas, desde las bailarinas a los mocasines, pero <strong>siempre con detalles muy especiales<\/strong>. \u00bfQuieres descubrir qu\u00e9 dise\u00f1os dominar\u00e1n las tendencias durante los meses de oto\u00f1o? <\/p>\n<p class=\"voc-paragraph\">Sea cual sea tu edad o tu estilo, tienes que incluir un par de bailarinas a tu armario de entretiempo. Este tipo de calzado ser\u00e1 el protagonista de la temporada y te resolver\u00e1 todos los looks de la <a href=\"https:\/\/www.mujerhoy.com\/moda\/no-te-pierdas\/vestidos-complementos-ropa-nueva-coleccion-mas-vendidos-verano-20260807093254-nt.html\" target=\"_self\" data-voc-vtm-id=\"in-text-traffic\" data-mrf-link=\"www.mujerhoy.com\" rel=\"noopener noreferrer\">nueva temporada<\/a>. Apuesta por los dise\u00f1os calados o en tonos metalizados.<\/p>\n<div class=\"v-c-cmp v-c-cmp--t1 \">\n<div class=\"v-cmp-rld v-cmp-rld--2 \">\n<div class=\"v-cnt-m v-cnt-m--m\">\n<div class=\"v-cnt-m__c\">\n<div class=\"v-cnt-m__w v-cnt-m__w--1\">\n<p class=\"v-cnt-m__t\">\nTAMBI\u00c9N TE INTERESA\n<\/p>\n<\/div>\n<\/div>\n<\/div>\n<div class=\"v-g v-g--2-c v-g--bdr-min-xs\">\n<div class=\"v-g__c \">\n<article class=\"v-a v-a--cmp-rld v-a--cmp-rld-2 v-a--p-l\">\n<div class=\"v-a-img-c\">\n<figure class=\"v-a-fig\">\n<a href=\"https:\/\/www.mujerhoy.com\/moda\/no-te-pierdas\/bailarinas-moda-septiembre-2026-modelos-tendencia-otono-20260819000104-nt.html#vtm_modulosEngag=mod-rel:moda:noticia:1:cmp:2-not\" class=\"v-a-link\" title=\"Las bailarinas de moda para septiembre 2026: 10 modelos que ser\u00e1n tendencia este oto\u00f1o\"><br \/>\n<img loading=\"lazy\" class=\"v-a-img\" src=\"http:\/\/cordobainforma.info\/wp-content\/uploads\/2026\/09\/adios-sandalias-estos-zapatos-son-los-que-llevaras-durante-los-dias-de-entretiempo-1.jpg\" alt=\"Las bailarinas de moda para septiembre 2026: 10 modelos que ser\u00e1n tendencia este oto\u00f1o\"><br \/>\n<\/a><br \/>\n<\/figure>\n<\/div>\n<\/article>\n<\/div>\n<div class=\"v-g__c \">\n<article class=\"v-a v-a--cmp-rld v-a--cmp-rld-2 v-a--p-l\">\n<div class=\"v-a-img-c\">\n<figure class=\"v-a-fig\">\n<a href=\"https:\/\/www.mujerhoy.com\/moda\/no-te-pierdas\/zapatos-virales-influencers-favoritos-elevar-look-entretiempo-20260825100841-nt.html#vtm_modulosEngag=mod-rel:moda:noticia:2:cmp:2-not\" class=\"v-a-link\" title=\"Estos son los zapatos virales que tienen todas las influencers y que elevar\u00e1n al m\u00e1ximo tus looks\"><br \/>\n<img loading=\"lazy\" class=\"v-a-img\" src=\"http:\/\/cordobainforma.info\/wp-content\/uploads\/2026\/09\/adios-sandalias-estos-zapatos-son-los-que-llevaras-durante-los-dias-de-entretiempo-2.jpg\" alt=\"Estos son los zapatos virales que tienen todas las influencers y que elevar\u00e1n al m\u00e1ximo tus looks\"><br \/>\n<\/a><br \/>\n<\/figure>\n<\/div>\n<\/article>\n<\/div>\n<\/div>\n<\/div>\n<\/div>\n<div class=\"v-c-cmp \">\n<div class=\"v-cmp-m v-cmp-m--t1\">\n<article class=\"v-a v-a--cmp-m v-c-cmp--m-p\">\n<div class=\"v-a-img-c v-a-img-c--fw-xs\">\n<div class=\"v-a-fig\">\n<div class=\"v-a-link\">\n<img loading=\"lazy\" src=\"http:\/\/cordobainforma.info\/wp-content\/uploads\/2026\/09\/adios-sandalias-estos-zapatos-son-los-que-llevaras-durante-los-dias-de-entretiempo-3.jpg\" class=\"v-a-img\" width=\"650\" height=\"975\" alt data-voc-vtm-id=\"in-text-traffic\">\n<\/div>\n<\/div>\n<\/div>\n<\/article>\n<\/div>\n<\/div>\n<p class=\"voc-paragraph\">Y no lo decimos nosotras, tus tiendas favoritas, como Zara, Mango, Massimo Dutti o H&amp;M, est\u00e1n de tu parte. Ahora mismo hay tantos estilos diferentes entre los que puedes elegir, que es casi imposible que no acabes encontrando el par de <a href=\"https:\/\/www.mujerhoy.com\/moda\/no-te-pierdas\/margaret-qualley-estilista-sobre-sandalias-suela-chanel-polemica-20260821133441-nt.html\" target=\"_self\" data-voc-vtm-id=\"in-text-traffic\" data-mrf-link=\"www.mujerhoy.com\" rel=\"noopener noreferrer\">zapatos<\/a> perfecto. Aqu\u00ed est\u00e1n los dise\u00f1os m\u00e1s bonitos de la nueva temporada.<\/p>\n<div class=\"v-c-cmp \">\n<div class=\"v-cmp-m v-cmp-m--t1\">\n<article class=\"v-a v-a--cmp-m v-c-cmp--m-p\">\n<div class=\"v-a-img-c v-a-img-c--fw-xs\">\n<div class=\"v-a-fig\">\n<div class=\"v-a-link\">\n<img loading=\"lazy\" src=\"http:\/\/cordobainforma.info\/wp-content\/uploads\/2026\/09\/adios-sandalias-estos-zapatos-son-los-que-llevaras-durante-los-dias-de-entretiempo-4.jpg\" class=\"v-a-img\" width=\"650\" height=\"975\" alt data-voc-vtm-id=\"in-text-traffic\">\n<\/div>\n<\/div>\n<\/div>\n<\/article>\n<\/div>\n<\/div>\n<p class=\"voc-paragraph\">La combinaci\u00f3n de blanco y negro es la m\u00e1s elegante de la temporada y <strong>no puede faltar en ning\u00fan armario de oto\u00f1o<\/strong>. Apuesta por lucirla sobre unas sencillas bailarinas de piel de Zara. Totalmente infalible.<\/p>\n<div class=\"v-c-cmp \">\n<div class=\"v-cmp-m v-cmp-m--t1\">\n<article class=\"v-a v-a--cmp-m v-c-cmp--m-p\">\n<div class=\"v-a-img-c v-a-img-c--fw-xs\">\n<div class=\"v-a-fig\">\n<div class=\"v-a-link\">\n<img loading=\"lazy\" src=\"http:\/\/cordobainforma.info\/wp-content\/uploads\/2026\/09\/adios-sandalias-estos-zapatos-son-los-que-llevaras-durante-los-dias-de-entretiempo-5.jpg\" class=\"v-a-img\" width=\"650\" height=\"975\" alt=\"Bailarinas caladas de H&amp;M (79,99 euros)\" data-voc-vtm-id=\"in-text-traffic\">\n<\/div><figcaption class=\"v-fc\">\n<span class=\"v-fc__t\"><br \/>\nBailarinas caladas de H&amp;M (79,99 euros)<br \/>\n<\/span><br \/>\n<\/figcaption><\/div>\n<\/div>\n<\/article>\n<\/div>\n<\/div>\n<p><h3 class=\"v-cmp-suh\">\nBailarinas caladas de H&amp;M (79,99 euros)<br \/>\n<\/h3>\n<\/p>\n<p class=\"voc-paragraph\">Un dise\u00f1o sencillo, pero al mismo tiempo muy especial, que no deber\u00eda faltar en ning\u00fan armario de entretiempo. El color marr\u00f3n arena es perfecto para conseguir el look m\u00e1s sofisticado del oto\u00f1o.<\/p>\n<div class=\"v-c-cmp v-c-cmp--s\">\n<div class=\"v-cmp-m \">\n<article class=\"v-a v-a--cmp-m v-c-cmp--m-z\">\n<div class=\"v-a-img-c \">\n<div class=\"v-a-fig\">\n<button class=\"v-a-link\" popovertarget=\"photo-804\"><br \/>\n<img loading=\"lazy\" src=\"http:\/\/cordobainforma.info\/wp-content\/uploads\/2026\/09\/adios-sandalias-estos-zapatos-son-los-que-llevaras-durante-los-dias-de-entretiempo-6.jpg\" class=\"v-a-img\" width=\"650\" height=\"650\" alt=\"Bailarinas blancas de Zara (25,99 euros)\" data-voc-vtm-id=\"in-text-traffic\"> <\/button><figcaption class=\"v-fc\">\n<span class=\"v-fc__t\"><br \/>\nBailarinas blancas de Zara (25,99 euros)<br \/>\n<\/span><br \/>\n<\/figcaption><\/div>\n<\/div>\n<div id=\"photo-804\" popover class=\"v-mdl v-mdl--fw\">\n<button class=\"v-x\" popovertarget=\"photo-804\" popovertargetaction=\"hide\"><br \/>\n<span class=\"v-i\"><br \/>\n<svg width=\"24\" height=\"23.996\" viewBox=\"0 0 24 23.996\">\n<path data-name=\"Uni\u00f3n 29\" d=\"M12,14.03,2.031,24,0,21.963,9.968,12,0,2.033,2.031,0,12,9.966,21.969,0,24,2.033,14.032,12,24,21.963,21.969,24Z\" \/>\n<\/svg><br \/>\n<\/span><br \/>\n<\/button><\/p>\n<div class=\"v-mdl__c\">\n<div class=\"v-mdl__w\">\n<img loading=\"lazy\" src=\"http:\/\/cordobainforma.info\/wp-content\/uploads\/2026\/09\/adios-sandalias-estos-zapatos-son-los-que-llevaras-durante-los-dias-de-entretiempo-6.jpg\" class=\"v-mdl__img-z\" width=\"650\" height=\"650\" alt>\n<\/div>\n<\/div>\n<\/div>\n<p><span class=\"v-bdp\"><\/span><br \/>\n<\/article>\n<\/div>\n<\/div>\n<p><h3 class=\"v-cmp-suh\">\nBailarinas blancas de Zara (25,99 euros)<br \/>\n<\/h3>\n<\/p>\n<p class=\"voc-paragraph\">Si lo tuyo son las propuestas con un toque elegantes, pero est\u00e1s aburrida del cl\u00e1sico color negro, tienes que apostar por este tipo de accesorios en blanco y negro. Las llevar\u00e1s, a todas horas, dentro y fuera de la oficina.<\/p>\n<div class=\"v-c-cmp v-c-cmp--s\">\n<div class=\"v-cmp-m \">\n<article class=\"v-a v-a--cmp-m v-c-cmp--m-z\">\n<div class=\"v-a-img-c \">\n<div class=\"v-a-fig\">\n<button class=\"v-a-link\" popovertarget=\"photo-721\"><br \/>\n<img loading=\"lazy\" src=\"http:\/\/cordobainforma.info\/wp-content\/uploads\/2026\/09\/adios-sandalias-estos-zapatos-son-los-que-llevaras-durante-los-dias-de-entretiempo-7.jpg\" class=\"v-a-img\" width=\"650\" height=\"650\" alt=\"Mocasines de piel de Massimo Dutti (99,95 euros)\" data-voc-vtm-id=\"in-text-traffic\"> <\/button><figcaption class=\"v-fc\">\n<span class=\"v-fc__t\"><br \/>\nMocasines de piel de Massimo Dutti (99,95 euros)<br \/>\n<\/span><br \/>\n<\/figcaption><\/div>\n<\/div>\n<div id=\"photo-721\" popover class=\"v-mdl v-mdl--fw\">\n<button class=\"v-x\" popovertarget=\"photo-721\" popovertargetaction=\"hide\"><br \/>\n<span class=\"v-i\"><br \/>\n<svg width=\"24\" height=\"23.996\" viewBox=\"0 0 24 23.996\">\n<path data-name=\"Uni\u00f3n 29\" d=\"M12,14.03,2.031,24,0,21.963,9.968,12,0,2.033,2.031,0,12,9.966,21.969,0,24,2.033,14.032,12,24,21.963,21.969,24Z\" \/>\n<\/svg><br \/>\n<\/span><br \/>\n<\/button><\/p>\n<div class=\"v-mdl__c\">\n<div class=\"v-mdl__w\">\n<img loading=\"lazy\" src=\"http:\/\/cordobainforma.info\/wp-content\/uploads\/2026\/09\/adios-sandalias-estos-zapatos-son-los-que-llevaras-durante-los-dias-de-entretiempo-7.jpg\" class=\"v-mdl__img-z\" width=\"650\" height=\"650\" alt>\n<\/div>\n<\/div>\n<\/div>\n<p><span class=\"v-bdp\"><\/span><br \/>\n<\/article>\n<\/div>\n<\/div>\n<p><h3 class=\"v-cmp-suh\">\nMocasines de piel de Massimo Dutti (99,95 euros)<br \/>\n<\/h3>\n<\/p>\n<p class=\"voc-paragraph\">Un accesorio de estilo masculino, que elevar\u00e1 todos tus looks de oto\u00f1o. Este tipo de calzado es una de las tendencias estrella de la temporada de entretiempo. Apuesta por un dise\u00f1o en tonos tierra, como el marr\u00f3n chocolate.<\/p>\n<div class=\"v-c-cmp v-c-cmp--s\">\n<div class=\"v-cmp-m \">\n<article class=\"v-a v-a--cmp-m v-c-cmp--m-z\">\n<div class=\"v-a-img-c \">\n<div class=\"v-a-fig\">\n<button class=\"v-a-link\" popovertarget=\"photo-411\"><br \/>\n<img loading=\"lazy\" src=\"http:\/\/cordobainforma.info\/wp-content\/uploads\/2026\/09\/adios-sandalias-estos-zapatos-son-los-que-llevaras-durante-los-dias-de-entretiempo-8.jpg\" class=\"v-a-img\" width=\"650\" height=\"650\" alt=\"Zapatos marrones de Mango (39,99 euros)\" data-voc-vtm-id=\"in-text-traffic\"> <\/button><figcaption class=\"v-fc\">\n<span class=\"v-fc__t\"><br \/>\nZapatos marrones de Mango (39,99 euros)<br \/>\n<\/span><br \/>\n<\/figcaption><\/div>\n<\/div>\n<div id=\"photo-411\" popover class=\"v-mdl v-mdl--fw\">\n<button class=\"v-x\" popovertarget=\"photo-411\" popovertargetaction=\"hide\"><br \/>\n<span class=\"v-i\"><br \/>\n<svg width=\"24\" height=\"23.996\" viewBox=\"0 0 24 23.996\">\n<path data-name=\"Uni\u00f3n 29\" d=\"M12,14.03,2.031,24,0,21.963,9.968,12,0,2.033,2.031,0,12,9.966,21.969,0,24,2.033,14.032,12,24,21.963,21.969,24Z\" \/>\n<\/svg><br \/>\n<\/span><br \/>\n<\/button><\/p>\n<div class=\"v-mdl__c\">\n<div class=\"v-mdl__w\">\n<img loading=\"lazy\" src=\"http:\/\/cordobainforma.info\/wp-content\/uploads\/2026\/09\/adios-sandalias-estos-zapatos-son-los-que-llevaras-durante-los-dias-de-entretiempo-8.jpg\" class=\"v-mdl__img-z\" width=\"650\" height=\"650\" alt>\n<\/div>\n<\/div>\n<\/div>\n<p><span class=\"v-bdp\"><\/span><br \/>\n<\/article>\n<\/div>\n<\/div>\n<p><h3 class=\"v-cmp-suh\">\nZapatos marrones de Mango (39,99 euros)<br \/>\n<\/h3>\n<\/p>\n<p class=\"voc-paragraph\">La propuesta m\u00e1s elegante de la nueva temporada llega en color chocolate. Un dise\u00f1o sencillo, destalonado y completamente plano, muy favorecedor. Los podr\u00e1s combinar con cualquier look de tu armario.<\/p>\n<div class=\"v-c-cmp \">\n<div class=\"v-cmp-m v-cmp-m--t1\">\n<article class=\"v-a v-a--cmp-m v-c-cmp--m-p\">\n<div class=\"v-a-img-c v-a-img-c--fw-xs\">\n<div class=\"v-a-fig\">\n<div class=\"v-a-link\">\n<img loading=\"lazy\" src=\"http:\/\/cordobainforma.info\/wp-content\/uploads\/2026\/09\/adios-sandalias-estos-zapatos-son-los-que-llevaras-durante-los-dias-de-entretiempo-9.jpg\" class=\"v-a-img\" width=\"650\" height=\"975\" alt=\"Bailarinas de ante de Zara (39,99 euros)\" data-voc-vtm-id=\"in-text-traffic\">\n<\/div><figcaption class=\"v-fc\">\n<span class=\"v-fc__t\"><br \/>\nBailarinas de ante de Zara (39,99 euros)<br \/>\n<\/span><br \/>\n<\/figcaption><\/div>\n<\/div>\n<\/article>\n<\/div>\n<\/div>\n<p><h3 class=\"v-cmp-suh\">\nBailarinas de ante de Zara (39,99 euros)<br \/>\n<\/h3>\n<\/p>\n<p class=\"voc-paragraph\">La propuesta m\u00e1s elegante llega con pulsera y en un elegante color beige. Un tono que elevar\u00e1 instant\u00e1neamente todos tus looks de entretiempo. \u00a1Ya est\u00e1n a punto de agotarse!<\/p>\n<div class=\"v-c-cmp v-c-cmp--t1 \">\n<div class=\"v-cmp-rld v-cmp-rld--2 \">\n<div class=\"v-cnt-m v-cnt-m--m\">\n<div class=\"v-cnt-m__c\">\n<div class=\"v-cnt-m__w v-cnt-m__w--1\">\n<p class=\"v-cnt-m__t\">\nTAMBI\u00c9N TE INTERESA\n<\/p>\n<\/div>\n<\/div>\n<\/div>\n<div class=\"v-g v-g--2-c v-g--bdr-min-xs\">\n<div class=\"v-g__c \">\n<article class=\"v-a v-a--cmp-rld v-a--cmp-rld-2 v-a--p-l\">\n<div class=\"v-a-img-c\">\n<figure class=\"v-a-fig\">\n<a href=\"https:\/\/www.mujerhoy.com\/moda\/no-te-pierdas\/sandalias-made-spain-charms-intercambiables-tendencia-20260830103806-nt.html#vtm_modulosEngag=mod-rel:moda:noticia:1:cmp:2-not\" class=\"v-a-link\" title=\"Compras una, tienes diez: las sandalias made in Spain con charms intercambiables que est\u00e1n arrasando\"><br \/>\n<img loading=\"lazy\" class=\"v-a-img\" src=\"http:\/\/cordobainforma.info\/wp-content\/uploads\/2026\/09\/adios-sandalias-estos-zapatos-son-los-que-llevaras-durante-los-dias-de-entretiempo-10.jpg\" alt=\"Compras una, tienes diez: las sandalias made in Spain con charms intercambiables que est\u00e1n arrasando\"><br \/>\n<\/a><br \/>\n<\/figure>\n<\/div>\n<\/article>\n<\/div>\n<div class=\"v-g__c \">\n<article class=\"v-a v-a--cmp-rld v-a--cmp-rld-2 v-a--p-l\">\n<div class=\"v-a-img-c\">\n<figure class=\"v-a-fig\">\n<a href=\"https:\/\/www.mujerhoy.com\/belleza\/tratamientos\/trucos-evitar-rozaduras-zapatos-dolor-pies-zapato-cerrado-20260826123817-nt.html#vtm_modulosEngag=mod-rel:moda:noticia:2:cmp:2-not\" class=\"v-a-link\" title=\"\u00bfTe duelen los pies al volver al zapato cerrado? Los trucos para evitar rozaduras y molestias\"><br \/>\n<img loading=\"lazy\" class=\"v-a-img\" src=\"http:\/\/cordobainforma.info\/wp-content\/uploads\/2026\/09\/adios-sandalias-estos-zapatos-son-los-que-llevaras-durante-los-dias-de-entretiempo-11.jpg\" alt=\"\u00bfTe duelen los pies al volver al zapato cerrado? Los trucos para evitar rozaduras y molestias\"><br \/>\n<\/a><br \/>\n<\/figure>\n<\/div>\n<\/article>\n<\/div>\n<\/div>\n<\/div>\n<\/div>\n","protected":false},"excerpt":{"rendered":"<p>Gemma Cano Publicado \u00b7 3 de septiembre de 2026, 22:08 h Los zapatos se reinventan, una vez m\u00e1s, de cara a la recta final del verano. Este vers\u00e1til accesorio apuesta por todo tipo de propuestas, desde las bailarinas a los mocasines, pero siempre con detalles muy especiales. \u00bfQuieres descubrir qu\u00e9 dise\u00f1os dominar\u00e1n las tendencias durante [&hellip;]<\/p>\n","protected":false},"author":1,"featured_media":197831,"comment_status":"closed","ping_status":"closed","sticky":false,"template":"","format":"standard","meta":[],"categories":[24],"tags":[],"_links":{"self":[{"href":"http:\/\/cordobainforma.info\/index.php\/wp-json\/wp\/v2\/posts\/197830"}],"collection":[{"href":"http:\/\/cordobainforma.info\/index.php\/wp-json\/wp\/v2\/posts"}],"about":[{"href":"http:\/\/cordobainforma.info\/index.php\/wp-json\/wp\/v2\/types\/post"}],"author":[{"embeddable":true,"href":"http:\/\/cordobainforma.info\/index.php\/wp-json\/wp\/v2\/users\/1"}],"replies":[{"embeddable":true,"href":"http:\/\/cordobainforma.info\/index.php\/wp-json\/wp\/v2\/comments?post=197830"}],"version-history":[{"count":0,"href":"http:\/\/cordobainforma.info\/index.php\/wp-json\/wp\/v2\/posts\/197830\/revisions"}],"wp:featuredmedia":[{"embeddable":true,"href":"http:\/\/cordobainforma.info\/index.php\/wp-json\/wp\/v2\/media\/197831"}],"wp:attachment":[{"href":"http:\/\/cordobainforma.info\/index.php\/wp-json\/wp\/v2\/media?parent=197830"}],"wp:term":[{"taxonomy":"category","embeddable":true,"href":"http:\/\/cordobainforma.info\/index.php\/wp-json\/wp\/v2\/categories?post=197830"},{"taxonomy":"post_tag","embeddable":true,"href":"http:\/\/cordobainforma.info\/index.php\/wp-json\/wp\/v2\/tags?post=197830"}],"curies":[{"name":"wp","href":"https:\/\/api.w.org\/{rel}","templated":true}]}}