{"id":197800,"date":"2026-09-03T18:02:14","date_gmt":"2026-09-03T18:02:14","guid":{"rendered":"http:\/\/cordobainforma.info\/index.php\/2026\/09\/03\/cordoba-abre-las-inscripciones-para-25-cursos-virtuales-gratuitos-con-5-000-cupos-la-voz\/"},"modified":"2026-09-03T18:02:14","modified_gmt":"2026-09-03T18:02:14","slug":"cordoba-abre-las-inscripciones-para-25-cursos-virtuales-gratuitos-con-5-000-cupos-la-voz","status":"publish","type":"post","link":"http:\/\/cordobainforma.info\/index.php\/2026\/09\/03\/cordoba-abre-las-inscripciones-para-25-cursos-virtuales-gratuitos-con-5-000-cupos-la-voz\/","title":{"rendered":"<b>C\u00f3rdoba<\/b> abre las inscripciones para 25 cursos virtuales gratuitos con 5.000 cupos &#8211; La Voz"},"content":{"rendered":"<p>El Gobierno de <b>C\u00f3rdoba<\/b> abri\u00f3 una <b>nueva<\/b> convocatoria del programa CBA Me &#8230; Desarrollo de Redes Comerciales para la <b>Econom\u00eda<\/b> Social \u2014<b>nuevo<\/b>\u2014&nbsp;&#8230; <\/p>\n","protected":false},"excerpt":{"rendered":"<p>El Gobierno de C\u00f3rdoba abri\u00f3 una nueva convocatoria del programa CBA Me &#8230; Desarrollo de Redes Comerciales para la Econom\u00eda Social \u2014nuevo\u2014&nbsp;&#8230;<\/p>\n","protected":false},"author":1,"featured_media":0,"comment_status":"closed","ping_status":"closed","sticky":false,"template":"","format":"standard","meta":[],"categories":[23],"tags":[],"_links":{"self":[{"href":"http:\/\/cordobainforma.info\/index.php\/wp-json\/wp\/v2\/posts\/197800"}],"collection":[{"href":"http:\/\/cordobainforma.info\/index.php\/wp-json\/wp\/v2\/posts"}],"about":[{"href":"http:\/\/cordobainforma.info\/index.php\/wp-json\/wp\/v2\/types\/post"}],"author":[{"embeddable":true,"href":"http:\/\/cordobainforma.info\/index.php\/wp-json\/wp\/v2\/users\/1"}],"replies":[{"embeddable":true,"href":"http:\/\/cordobainforma.info\/index.php\/wp-json\/wp\/v2\/comments?post=197800"}],"version-history":[{"count":0,"href":"http:\/\/cordobainforma.info\/index.php\/wp-json\/wp\/v2\/posts\/197800\/revisions"}],"wp:attachment":[{"href":"http:\/\/cordobainforma.info\/index.php\/wp-json\/wp\/v2\/media?parent=197800"}],"wp:term":[{"taxonomy":"category","embeddable":true,"href":"http:\/\/cordobainforma.info\/index.php\/wp-json\/wp\/v2\/categories?post=197800"},{"taxonomy":"post_tag","embeddable":true,"href":"http:\/\/cordobainforma.info\/index.php\/wp-json\/wp\/v2\/tags?post=197800"}],"curies":[{"name":"wp","href":"https:\/\/api.w.org\/{rel}","templated":true}]}}