{"id":197799,"date":"2026-09-03T18:21:39","date_gmt":"2026-09-03T18:21:39","guid":{"rendered":"http:\/\/cordobainforma.info\/index.php\/2026\/09\/03\/septiembre-valores-de-referecia-actualizados-cordoba-cpce\/"},"modified":"2026-09-03T18:21:39","modified_gmt":"2026-09-03T18:21:39","slug":"septiembre-valores-de-referecia-actualizados-cordoba-cpce","status":"publish","type":"post","link":"http:\/\/cordobainforma.info\/index.php\/2026\/09\/03\/septiembre-valores-de-referecia-actualizados-cordoba-cpce\/","title":{"rendered":"Septiembre: Valores de referecia actualizados &#8211; <b>C\u00f3rdoba<\/b> &#8211; CPCE"},"content":{"rendered":"<p>A partir del 1 de septiembre de 2026 entr\u00f3 en vigencia una <b>nueva<\/b> &#8230; <b>Econom\u00eda<\/b> y cambio clim\u00e1tico: especialistas analizaron los desaf\u00edos de la&nbsp;&#8230; <\/p>\n","protected":false},"excerpt":{"rendered":"<p>A partir del 1 de septiembre de 2026 entr\u00f3 en vigencia una nueva &#8230; Econom\u00eda y cambio clim\u00e1tico: especialistas analizaron los desaf\u00edos de la&nbsp;&#8230;<\/p>\n","protected":false},"author":1,"featured_media":0,"comment_status":"closed","ping_status":"closed","sticky":false,"template":"","format":"standard","meta":[],"categories":[23],"tags":[],"_links":{"self":[{"href":"http:\/\/cordobainforma.info\/index.php\/wp-json\/wp\/v2\/posts\/197799"}],"collection":[{"href":"http:\/\/cordobainforma.info\/index.php\/wp-json\/wp\/v2\/posts"}],"about":[{"href":"http:\/\/cordobainforma.info\/index.php\/wp-json\/wp\/v2\/types\/post"}],"author":[{"embeddable":true,"href":"http:\/\/cordobainforma.info\/index.php\/wp-json\/wp\/v2\/users\/1"}],"replies":[{"embeddable":true,"href":"http:\/\/cordobainforma.info\/index.php\/wp-json\/wp\/v2\/comments?post=197799"}],"version-history":[{"count":0,"href":"http:\/\/cordobainforma.info\/index.php\/wp-json\/wp\/v2\/posts\/197799\/revisions"}],"wp:attachment":[{"href":"http:\/\/cordobainforma.info\/index.php\/wp-json\/wp\/v2\/media?parent=197799"}],"wp:term":[{"taxonomy":"category","embeddable":true,"href":"http:\/\/cordobainforma.info\/index.php\/wp-json\/wp\/v2\/categories?post=197799"},{"taxonomy":"post_tag","embeddable":true,"href":"http:\/\/cordobainforma.info\/index.php\/wp-json\/wp\/v2\/tags?post=197799"}],"curies":[{"name":"wp","href":"https:\/\/api.w.org\/{rel}","templated":true}]}}