{"id":197795,"date":"2026-09-03T15:45:45","date_gmt":"2026-09-03T15:45:45","guid":{"rendered":"https:\/\/www.clarin.com\/deportes\/franco-colapinto-hablo-renovacion-alpine-previa-gp-italia-recontra-merezco-seguir_0_eJIbcrCRAy.html"},"modified":"2026-09-03T15:45:45","modified_gmt":"2026-09-03T15:45:45","slug":"franco-colapinto-hablo-sobre-su-renovacion-con-alpine-en-la-previa-del-gp-de-italia-me-recontra-merezco-seguir","status":"publish","type":"post","link":"http:\/\/cordobainforma.info\/index.php\/2026\/09\/03\/franco-colapinto-hablo-sobre-su-renovacion-con-alpine-en-la-previa-del-gp-de-italia-me-recontra-merezco-seguir\/","title":{"rendered":"Franco Colapinto habl\u00f3 sobre su renovaci\u00f3n con Alpine en la previa del GP de Italia: \u00abMe recontra merezco seguir\u00bb"},"content":{"rendered":"<p><img src=\"http:\/\/cordobainforma.info\/wp-content\/uploads\/2026\/09\/franco-colapinto-hablo-sobre-su-renovacion-con-alpine-en-la-previa-del-gp-de-italia-me-recontra-merezco-seguir.jpg\"><\/p>\n<div><img src=\"http:\/\/cordobainforma.info\/wp-content\/uploads\/2026\/09\/franco-colapinto-hablo-sobre-su-renovacion-con-alpine-en-la-previa-del-gp-de-italia-me-recontra-merezco-seguir-2.jpg\" class=\"ff-og-image-inserted\"><\/div>\n<div id=\"element-body-0\" readability=\"58\">\n<p><strong>Franco Colapinto<\/strong> habl\u00f3 en la previa del<strong> Gran Premio de Italia<\/strong> y no escondi\u00f3 su alegr\u00eda respecto a su continuidad en la <strong>F\u00f3rmula 1<\/strong> tras haber renovado su contrato con <strong>Alpine<\/strong>.<\/p>\n<\/div>\n<div id=\"element-body-1\" readability=\"63\">\n<p>Hace algunos d\u00edas, <strong>la escuder\u00eda francesa hizo oficial la extensi\u00f3n de contrato del piloto argentino por una temporada m\u00e1s<\/strong> a trav\u00e9s de un comunicado en sus redes sociales. Colapinto se hab\u00eda manifestado a trav\u00e9s del mismo medio, donde destac\u00f3 especialmente el v\u00ednculo que construy\u00f3 con la estructura de Enstone.<strong> \u00abNo me voy a ir a ning\u00fan lado. Voy a continuar con el equipo. Estoy realmente feliz de ser parte de esta familia\u00bb<\/strong>, asegur\u00f3 en su mensaje tras conocerse la noticia.<\/p>\n<\/div>\n<div id=\"element-body-3\" readability=\"60\">\n<p>El pilarense arrib\u00f3 a Monza de cara al Gran Premio de Italia de este fin de semana, en donde habl\u00f3 por primera vez con la prensa luego del anuncio que confirm\u00f3 su continuidad en la <em>M\u00e1xima <\/em>de cara a la temporada 2027. <\/p>\n<\/div>\n<div id=\"element-body-4\" readability=\"68\">\n<p><strong>\u00abEstoy muy feliz, contento con la noticia, creo que trae un poco de tranquilidad. Pero sigo trabajando igual, no cambi\u00f3 nada, no me siento diferente a antes<\/strong>. Estaba muy tranquilo con el trabajo que estaba haciendo, obvio que estoy muy contento con la renovaci\u00f3n, pero <strong>no es algo que va a cambiar mi manera de trabajar ni mi punto de vista<\/strong>. <strong>Estoy feliz de seguir con el equipo en 2027, ser\u00e1 un a\u00f1o para seguir trabajando y mejorando<\/strong> con el equipo. Dimos un gran paso de 2025 a 2026 y trataremos de dar otro de 2026 a 2027. Estoy agradecido con la oportunidad y seguir as\u00ed\u00bb, reconoci\u00f3 Franco. <\/p>\n<\/div>\n<div id=\"element-body-6\" readability=\"65\">\n<p>El piloto argentino analiz\u00f3 el rendimiento del equipo y remarc\u00f3 el gran salto que dio el auto en comparaci\u00f3n con el a\u00f1o pasado, una temporada compleja en la que no hab\u00eda conseguido sumar puntos. <strong>\u00abEste a\u00f1o me sent\u00ed bien desde el principio, tuve mucha convicci\u00f3n de lo que quer\u00eda hacer y obviamente merec\u00eda seguir<\/strong>, creo que de eso no hay ninguna duda. <strong>Tuve un gran a\u00f1o y por eso no tuve el nivel de tensi\u00f3n del a\u00f1o pasado cuando no me sent\u00eda bien con el auto y me estaba costando con el equipo<\/strong>. Este a\u00f1o me sent\u00ed mucho mejor y cambi\u00f3 todo. <strong>Me recontra merezco seguir y por eso no ten\u00eda la tensi\u00f3n del a\u00f1o pasado<\/strong>. Hay mucho por trabajar y mejorar porque reci\u00e9n empieza este camino\u00bb, explic\u00f3 con entusiasmo Colapinto, que ya acumula un total de 19 puntos en la temporada 2026. <\/p>\n<\/div>\n<div id=\"element-body-7\" readability=\"66\">\n<p>Sin embargo, advirti\u00f3 que tener el futuro asegurado en la categor\u00eda no le cambi\u00f3 el foco a la hora de trabajar con el equipo: <strong>\u00abEn lo personal sigo trabajando igual, voy carrera por carrera<\/strong>. Es un a\u00f1o muy largo, con muchas carreras y lo importante es tener los pies en la tierra y no mirar a futuro, mirar d\u00f3nde est\u00e1s ahora y maximizar este fin de semana. <strong>Creo que las cosas van cambiando, obvio que cuando est\u00e1s asegurado te relaja, pero eso no te puede bajar ni sacar el foco\u00bb<\/strong>.<\/p>\n<\/div>\n<div id=\"element-body-8\" readability=\"66\">\n<p>A su vez, hizo \u00e9nfasis en los aspectos que siente que debe mejorar: <strong>\u00abMe estuve sintiendo mucho mejor este a\u00f1o, si bien no mejor\u00e9 mucho, quiero poder manejar al 100% y sentirme c\u00f3modo con el auto desde un principio y encontrar r\u00e1pido la raz\u00f3n de por qu\u00e9 a veces no me siento c\u00f3modo<\/strong>. Ser proactivo y creo que, si bien capaz te tiene que ayudar el equipo, yo quiero darme cuenta m\u00e1s r\u00e1pido de esos momentos y no entrar en una calle sin salida sin encontrar el rumbo\u00bb, sostuvo. <\/p>\n<\/div>\n<div id=\"element-body-10\" readability=\"64\">\n<p><strong>\u00abLo m\u00e1s importante que hice en las \u00faltimas carreras fue que maximic\u00e9 mucho el auto y es algo que quiero trabajarlo<\/strong>. Extraer todo lo que tiene el auto y un poco m\u00e1s. <strong>Si est\u00e1 para ser d\u00e9cimo, estar noveno es un gran resultado<\/strong>. Y cuando est\u00e1s para ser 15\u00ba, estar 13 es un gran resultado <strong>como pas\u00f3 en Zandvoort, que para m\u00ed fue de mis mejores fines de semana<\/strong> <strong>conductivos en la clasificaci\u00f3n y el resultado no estaba a la vista porque el auto estaba atr\u00e1s en cuanto a performance con los dem\u00e1s<\/strong>. Pero igualmente fue maximizado y esa es la clave. Te deja buen sabor de boca cuando pod\u00e9s extraer todo lo del auto que ten\u00e9s. <strong>Ahora quiero hacerlo consistentemente y todos los fines de semana\u00bb<\/strong>, continu\u00f3 en su an\u00e1lisis. <\/p>\n<\/div>\n<div id=\"element-body-11\" readability=\"66\">\n<p>Colapinto vuelve a la parrilla este domingo donde usar\u00e1 por primera vez el <strong>paquete aerodin\u00e1mico<\/strong> que estren\u00f3 <strong>Pierre Gasly<\/strong> la jornada pasada en Zandvoort. <strong>\u00abEl auto dio un salto de calidad grande, se ve\u00eda desde la primera sesi\u00f3n que salimos a pista<\/strong>. Esos puntos de carga atr\u00e1s y adelante, es como poner un aler\u00f3n m\u00e1s grande, pero sin generar drag, no perd\u00e9s velocidad en las rectas y gan\u00e1s grip en las curvas. <strong>No s\u00e9 si ser\u00e1 suficiente para estar delante de los Racing Bulls y los Audi hasta fin de a\u00f1o, pero es lo que intentaremos\u00bb<\/strong>, palpit\u00f3 Colapinto. <\/p>\n<\/div>\n","protected":false},"excerpt":{"rendered":"<p>Franco Colapinto habl\u00f3 en la previa del Gran Premio de Italia y no escondi\u00f3 su alegr\u00eda respecto a su continuidad en la F\u00f3rmula 1 tras haber renovado su contrato con Alpine. Hace algunos d\u00edas, la escuder\u00eda francesa hizo oficial la extensi\u00f3n de contrato del piloto argentino por una temporada m\u00e1s a trav\u00e9s de un comunicado [&hellip;]<\/p>\n","protected":false},"author":1,"featured_media":197796,"comment_status":"closed","ping_status":"closed","sticky":false,"template":"","format":"standard","meta":[],"categories":[20],"tags":[],"_links":{"self":[{"href":"http:\/\/cordobainforma.info\/index.php\/wp-json\/wp\/v2\/posts\/197795"}],"collection":[{"href":"http:\/\/cordobainforma.info\/index.php\/wp-json\/wp\/v2\/posts"}],"about":[{"href":"http:\/\/cordobainforma.info\/index.php\/wp-json\/wp\/v2\/types\/post"}],"author":[{"embeddable":true,"href":"http:\/\/cordobainforma.info\/index.php\/wp-json\/wp\/v2\/users\/1"}],"replies":[{"embeddable":true,"href":"http:\/\/cordobainforma.info\/index.php\/wp-json\/wp\/v2\/comments?post=197795"}],"version-history":[{"count":0,"href":"http:\/\/cordobainforma.info\/index.php\/wp-json\/wp\/v2\/posts\/197795\/revisions"}],"wp:featuredmedia":[{"embeddable":true,"href":"http:\/\/cordobainforma.info\/index.php\/wp-json\/wp\/v2\/media\/197796"}],"wp:attachment":[{"href":"http:\/\/cordobainforma.info\/index.php\/wp-json\/wp\/v2\/media?parent=197795"}],"wp:term":[{"taxonomy":"category","embeddable":true,"href":"http:\/\/cordobainforma.info\/index.php\/wp-json\/wp\/v2\/categories?post=197795"},{"taxonomy":"post_tag","embeddable":true,"href":"http:\/\/cordobainforma.info\/index.php\/wp-json\/wp\/v2\/tags?post=197795"}],"curies":[{"name":"wp","href":"https:\/\/api.w.org\/{rel}","templated":true}]}}