{"id":197793,"date":"2026-09-03T16:33:44","date_gmt":"2026-09-03T16:33:44","guid":{"rendered":"https:\/\/www.clarin.com\/deportes\/milito-rompio-silencio-hablo-echo-costas-vuelta-paul-hablaba-prometio-salto-calidad-racing_0_FWBr5hMlN0.html"},"modified":"2026-09-03T16:33:44","modified_gmt":"2026-09-03T16:33:44","slug":"milito-rompio-el-silencio-y-hablo-de-todo-por-que-echo-a-costas-la-vuelta-de-de-paul-y-a-que-se-referia-cuando-prometio-un-salto-de-calidad-en-racing","status":"publish","type":"post","link":"http:\/\/cordobainforma.info\/index.php\/2026\/09\/03\/milito-rompio-el-silencio-y-hablo-de-todo-por-que-echo-a-costas-la-vuelta-de-de-paul-y-a-que-se-referia-cuando-prometio-un-salto-de-calidad-en-racing\/","title":{"rendered":"Milito rompi\u00f3 el silencio y habl\u00f3 de todo: por qu\u00e9 ech\u00f3 a Costas, la vuelta de De Paul y a qu\u00e9 se refer\u00eda cuando prometi\u00f3 \u00abun salto de calidad\u00bb en Racing"},"content":{"rendered":"<p><img src=\"http:\/\/cordobainforma.info\/wp-content\/uploads\/2026\/09\/milito-rompio-el-silencio-y-hablo-de-todo-por-que-echo-a-costas-la-vuelta-de-de-paul-y-a-que-se-referia-cuando-prometio-un-salto-de-calidad-en-racing.jpg\"><\/p>\n<div><img src=\"http:\/\/cordobainforma.info\/wp-content\/uploads\/2026\/09\/milito-rompio-el-silencio-y-hablo-de-todo-por-que-echo-a-costas-la-vuelta-de-de-paul-y-a-que-se-referia-cuando-prometio-un-salto-de-calidad-en-racing-2.jpg\" class=\"ff-og-image-inserted\"><\/div>\n<div id=\"element-body-0\" readability=\"64\">\n<p>\u00abUn salto de calidad\u00bb, fueron las palabras que us\u00f3 Diego Milito en campa\u00f1a que retumban con fuerza cada vez que Racing tiene un tropiezo deportivo. Por esos d\u00edas, la Academia ten\u00eda un equipo de lujo que obtuvo un t\u00edtulo internacional, luego de 36 a\u00f1os. Y el hombre que us\u00f3 la camiseta n\u00famero 22 prometi\u00f3 un futuro mejor. Pero, de qu\u00e9 hablaba cuando pronunci\u00f3 la frase que hoy tanto se le reclama.<\/p>\n<\/div>\n<div id=\"element-body-1\" readability=\"65\">\n<p>Este jueves, tras el cierre del mercado de pases, el presidente habl\u00f3 en el Cilindro. \u00bfLos temas? El presente del equipo, las obras de Ezeiza, la posible vuelta de Rodrigo De Paul y, s\u00ed, explic\u00f3 de qu\u00e9 hablaba cuando dijo que bajo su mandato Racing tendr\u00eda un salto de calidad. <\/p>\n<\/div>\n<div id=\"element-body-2\" readability=\"66\">\n<p>\u00ab<strong>Hablaba de lo institucional, que se percibe y se ve en el d\u00eda a d\u00eda,<\/strong> no solo del f\u00fatbol. Me refer\u00eda al d\u00eda a d\u00eda: comprar un colegio como lo hicimos, porque la educaci\u00f3n es fundamental, nuestros chicos van a estudiar a un lugar apto y para m\u00ed eso es crecimiento, es salto de calidad\u00bb, sostuvo el presidente.<\/p>\n<\/div>\n<div id=\"element-body-3\" readability=\"23.928571428571\">\n<blockquote class=\"twitter-tweet\" readability=\"7.1428571428571\">\n<p lang=\"es\" dir=\"ltr\">Diego Milito, presidente de Racing, se refiri\u00f3 a su recordada frase \u00abSALTO DE CALIDAD\u00bb y esto contest\u00f3.<\/p>\n<p>\ud83d\udcfa <a href=\"https:\/\/x.com\/hashtag\/ESPNF12?src=hash&amp;ref_src=twsrc%5Etfw\">#ESPNF12<\/a> | <a href=\"https:\/\/x.com\/hashtag\/DisneyPlus?src=hash&amp;ref_src=twsrc%5Etfw\">#DisneyPlus<\/a> Plan Premium <a href=\"https:\/\/t.co\/gNZsbhIVrk\">pic.twitter.com\/gNZsbhIVrk<\/a><\/p>\n<p>\u2014 SportsCenter (@SC_ESPN) <a href=\"https:\/\/x.com\/SC_ESPN\/status\/2095532827123101856?ref_src=twsrc%5Etfw\">September 3, 2026<\/a><\/p><\/blockquote><\/div>\n<div id=\"element-body-4\" readability=\"62\">\n<p>Asimismo, al profundizar sobre<strong> el crecimiento de la infraestructura<\/strong> y las alianzas estrat\u00e9gicas de la instituci\u00f3n, remarc\u00f3: \u00abAhora Vamos a inaugurar un Centro de Alto Rendimiento, los chicos est\u00e1n compitiendo en el Mundial de Clubes Sub 18 y somos el \u00fanico club con Nike en Argentina\u00bb.<\/p>\n<\/div>\n<div id=\"element-body-5\" readability=\"63\">\n<p>Adem\u00e1s, Milito aclar\u00f3 que, cuando termine el predio de Ezeiza, encarar\u00e1 obras de infraestructura en el Predio Tita Mattiussi, donde entrenan las inferiores del club: \u00abNo tolero ver a los chicos con el agua en los tobillos cuando llueve\u00bb.<\/p>\n<\/div>\n<div id=\"element-body-6\" readability=\"23.988929889299\">\n<blockquote class=\"twitter-tweet\" readability=\"6.5424354243542\">\n<p lang=\"es\" dir=\"ltr\">\u00abNO TOLERO VER A NUESTROS PIBES CON EL AGUA EN LOS TOBILLOS CADA VEZ QUE LLUEVE\u00bb \ud83d\udcac<\/p>\n<p>\ud83c\udf93 Diego Milito y los objetivos de infraestructura de Racing. <\/p>\n<p>\ud83c\udf99\ufe0f <a href=\"https:\/\/x.com\/brualeotti?ref_src=twsrc%5Etfw\">@brualeotti<\/a> en <a href=\"https:\/\/x.com\/hashtag\/DSPORTSNoticiasLite?src=hash&amp;ref_src=twsrc%5Etfw\">#DSPORTSNoticiasLite<\/a> <a href=\"https:\/\/t.co\/DxT7VnxMGf\">pic.twitter.com\/DxT7VnxMGf<\/a><\/p>\n<p>\u2014 DSPORTS Argentina (@DSportsAR) <a href=\"https:\/\/x.com\/DSportsAR\/status\/2095538867365405136?ref_src=twsrc%5Etfw\">September 3, 2026<\/a><\/p><\/blockquote><\/div>\n<div id=\"element-body-7\" readability=\"63\">\n<p>En este mercado, Racing incorpor\u00f3 a 9 jugadores y termin\u00f3 de desmantelar a la base del campe\u00f3n de la Sudamericana. Los \u00faltimos movimientos se dieron en estas horas: Santiago Solari parti\u00f3 hacia Newell&#8217;s y la Academia cerr\u00f3 a Leandro C\u00f3rdoba, una joven promesa que llega desde la Academia cordobesa. En ese sentido, Milito fue tajante al se\u00f1alar los l\u00edmites econ\u00f3micos: \u00abNo podemos traer jugadores de 20 millones de d\u00f3lares; no podemos endeudarnos\u00bb.<\/p>\n<\/div>\n<div id=\"element-body-8\" readability=\"60\">\n<p>A su vez, no esquiv\u00f3 la responsabilidad por el presente que le toca atravesar a la instituci\u00f3n: \u00abSoy el m\u00e1ximo responsable como presidente del club. Racing no puede estar en la situaci\u00f3n en la que est\u00e1\u00bb.<\/p>\n<\/div>\n<div id=\"element-body-9\" readability=\"59\">\n<p>En este momento, Racing marcha ante\u00faltimo en su zona de la Liga Profesional y fue eliminado de la Copa Sudamericana en la zona de grupos. <\/p>\n<\/div>\n<div id=\"element-body-10\" readability=\"61\">\n<p>Pese al contexto adverso, el dirigente busc\u00f3 respaldar la jerarqu\u00eda de los futbolistas del primer equipo y proyectar optimismo a mediano plazo: \u00abTenemos el tercer equipo mejor valorado del pa\u00eds, es un buen plantel. Tenemos mejor futuro que presente\u00bb.<\/p>\n<\/div>\n<div id=\"element-body-11\" readability=\"62\">\n<p>En cuanto al plano futbol\u00edstico y las decisiones tomadas por la dirigencia, Milito realiz\u00f3 un mea culpa sobre el contrato otorgado a Gustavo Costas: \u00abEn su momento est\u00e1bamos convencidos, porque ve\u00edamos a un equipo entregado con su entrenador. Hacemos autocr\u00edtica y reconozco que fue un error firmarle tres a\u00f1os a Gustavo; lo asumo. Est\u00e1bamos convencidos de que pod\u00eda acompa\u00f1arnos\u00bb.<\/p>\n<\/div>\n<div id=\"element-body-12\" readability=\"63\">\n<p>Milito explic\u00f3 que se le firm\u00f3 un contrato tan extenso para alcanzar las pretensiones econ\u00f3micas del entrenador: \u00abNo digo que no lo mereciera, pero el contrato que exig\u00eda era bastante dif\u00edcil y decidimos prorratearlo por 3 a\u00f1os, en diciembre pasado. Lamentablemente es f\u00fatbol: a los pocos meses, las cosas no salieron. Perdimos de vista el desgaste del plantel\u00bb.<\/p>\n<\/div>\n<div id=\"element-body-13\" readability=\"59\">\n<p>De esta manera, justific\u00f3 la salida del entrenador: \u00abA veces hay que tomar ciertas decisiones para que las cosas sigan mejorando\u00bb.<\/p>\n<\/div>\n<div id=\"element-body-14\" readability=\"30.11170212766\">\n<blockquote class=\"twitter-tweet\" readability=\"9.7420212765957\">\n<p lang=\"es\" dir=\"ltr\">\u00abPERDIMOS DE VISTA EL DESGASTE QUE ESO GENERA\u00bb \ud83d\udc40 \ud83d\udc40 <\/p>\n<p>Diego Milito se refiri\u00f3 a la decisi\u00f3n de renovarle el contrato a GUSTAVO COSTAS por tres a\u00f1os y asegur\u00f3 que fue \u00abUN ERROR\u00bb \u274c <\/p>\n<p>\ud83d\udde3\ufe0f \u00abFue un error y lo asumo. En ese momento cre\u00edamos que era necesario porque hab\u00eda un plantel\u2026 <a href=\"https:\/\/t.co\/tT3XcvwxeZ\">pic.twitter.com\/tT3XcvwxeZ<\/a><\/p>\n<p>\u2014 TNT Sports Argentina (@TNTSportsAR) <a href=\"https:\/\/x.com\/TNTSportsAR\/status\/2095535694462505469?ref_src=twsrc%5Etfw\">September 3, 2026<\/a><\/p><\/blockquote><\/div>\n<div id=\"element-body-15\" readability=\"64\">\n<p>Tras asumir el error y referirse al rendimiento futbol\u00edstico que ubica al equipo lejos de las posiciones de vanguardia, concluy\u00f3 ratificando su confianza en el cuerpo t\u00e9cnico actual conducido por Juan Pablo Vojvoda: \u00abL\u00f3gicamente, el hincha no est\u00e1 contento con este momento y nosotros tampoco. No podemos estar en el puesto 22 de la tabla y 14 de 15 en la zona. Tambi\u00e9n es verdad que necesitamos tiempo, lamentablemente, pero estamos conformes con el trabajo de Juan Pablo\u00bb.<\/p>\n<\/div>\n<div id=\"element-body-16\" readability=\"65\">\n<p>Milito tambi\u00e9n habl\u00f3 de un posible regreso de Rodrigo De Paul al club, que hace diez d\u00edas estuvo en el Cilindro mirando el partido entre Racing y Boca: \u00abTodos saben la relaci\u00f3n que tengo con los exjugadores del club, tanto con Rodrigo, como con Lautaro, Juan Musso. No quiero ponerles la mochila, est\u00e1n en plenitud en sus carreras. Pero saben que tienen la puerta abierta para volver cuando lo consideren\u00bb.<\/p>\n<\/div>\n<div id=\"element-body-17\" readability=\"25.579872204473\">\n<blockquote class=\"twitter-tweet\" readability=\"7.6357827476038\">\n<p lang=\"es\" dir=\"ltr\">\u00abME ENCANTAR\u00cdA QUE RODRIGO DE PAUL VUELVA A RACING\u00bb \ud83d\udcac<\/p>\n<p>\ud83c\udf93 Diego Milito se refiri\u00f3 a la posibilidad de que el mediocampista de la Selecci\u00f3n Argentina regrese a la Academia en el futuro. <\/p>\n<p>\ud83c\udf99\ufe0f <a href=\"https:\/\/x.com\/brualeotti?ref_src=twsrc%5Etfw\">@brualeotti<\/a> en <a href=\"https:\/\/x.com\/hashtag\/DSPORTSNoticiasLite?src=hash&amp;ref_src=twsrc%5Etfw\">#DSPORTSNoticiasLite<\/a> <a href=\"https:\/\/t.co\/LIvE1d7RWO\">pic.twitter.com\/LIvE1d7RWO<\/a><\/p>\n<p>\u2014 DSPORTS Argentina (@DSportsAR) <a href=\"https:\/\/x.com\/DSportsAR\/status\/2095535320838152544?ref_src=twsrc%5Etfw\">September 3, 2026<\/a><\/p><\/blockquote><\/div>\n<div id=\"element-body-18\" readability=\"58\">\n<p>Sobre el final, Milito dej\u00f3 una frase que son\u00f3 a pol\u00edtica: \u00abTenemos mejor futuro que presente\u00bb.<\/p>\n<\/div>\n","protected":false},"excerpt":{"rendered":"<p>\u00abUn salto de calidad\u00bb, fueron las palabras que us\u00f3 Diego Milito en campa\u00f1a que retumban con fuerza cada vez que Racing tiene un tropiezo deportivo. Por esos d\u00edas, la Academia ten\u00eda un equipo de lujo que obtuvo un t\u00edtulo internacional, luego de 36 a\u00f1os. Y el hombre que us\u00f3 la camiseta n\u00famero 22 prometi\u00f3 un [&hellip;]<\/p>\n","protected":false},"author":1,"featured_media":197794,"comment_status":"closed","ping_status":"closed","sticky":false,"template":"","format":"standard","meta":[],"categories":[20],"tags":[],"_links":{"self":[{"href":"http:\/\/cordobainforma.info\/index.php\/wp-json\/wp\/v2\/posts\/197793"}],"collection":[{"href":"http:\/\/cordobainforma.info\/index.php\/wp-json\/wp\/v2\/posts"}],"about":[{"href":"http:\/\/cordobainforma.info\/index.php\/wp-json\/wp\/v2\/types\/post"}],"author":[{"embeddable":true,"href":"http:\/\/cordobainforma.info\/index.php\/wp-json\/wp\/v2\/users\/1"}],"replies":[{"embeddable":true,"href":"http:\/\/cordobainforma.info\/index.php\/wp-json\/wp\/v2\/comments?post=197793"}],"version-history":[{"count":0,"href":"http:\/\/cordobainforma.info\/index.php\/wp-json\/wp\/v2\/posts\/197793\/revisions"}],"wp:featuredmedia":[{"embeddable":true,"href":"http:\/\/cordobainforma.info\/index.php\/wp-json\/wp\/v2\/media\/197794"}],"wp:attachment":[{"href":"http:\/\/cordobainforma.info\/index.php\/wp-json\/wp\/v2\/media?parent=197793"}],"wp:term":[{"taxonomy":"category","embeddable":true,"href":"http:\/\/cordobainforma.info\/index.php\/wp-json\/wp\/v2\/categories?post=197793"},{"taxonomy":"post_tag","embeddable":true,"href":"http:\/\/cordobainforma.info\/index.php\/wp-json\/wp\/v2\/tags?post=197793"}],"curies":[{"name":"wp","href":"https:\/\/api.w.org\/{rel}","templated":true}]}}