{"id":197791,"date":"2026-09-03T05:09:51","date_gmt":"2026-09-03T05:09:51","guid":{"rendered":"https:\/\/somoscordobeses.com\/2026\/09\/03\/aldo-cerino-magia-blanca-arte-bienestar-cordoba\/"},"modified":"2026-09-03T05:09:51","modified_gmt":"2026-09-03T05:09:51","slug":"aldo-cerino-presenta-magia-blanca-una-propuesta-que-une-arte-y-bienestar-en-cordoba","status":"publish","type":"post","link":"http:\/\/cordobainforma.info\/index.php\/2026\/09\/03\/aldo-cerino-presenta-magia-blanca-una-propuesta-que-une-arte-y-bienestar-en-cordoba\/","title":{"rendered":"Aldo Cerino presenta \u201cMagia Blanca\u201d, una propuesta que une arte y bienestar en C\u00f3rdoba"},"content":{"rendered":"<div><img src=\"http:\/\/cordobainforma.info\/wp-content\/uploads\/2026\/09\/aldo-cerino-presenta-magia-blanca-una-propuesta-que-une-arte-y-bienestar-en-cordoba.jpg\" class=\"ff-og-image-inserted\"><\/div>\n<div class=\"tdb-block-inner td-fix-index\" readability=\"41\">\n<p><strong>El artista Aldo Cerino ofrecer\u00e1 dos encuentros en los que combinar\u00e1 m\u00fasica, poes\u00eda y tarot para generar espacios de reflexi\u00f3n y conexi\u00f3n. Las actividades se realizar\u00e1n este viernes en C\u00f3rdoba capital y el s\u00e1bado en Alta Gracia.<\/strong><\/p>\n<p>El artista Aldo Cerino presentar\u00e1 una serie de encuentros denominados \u201cMagia Blanca\u201d, que buscan generar un espacio de pausa y exploraci\u00f3n de nuevas formas de bienestar a trav\u00e9s de distintas expresiones art\u00edsticas. La propuesta incluir\u00e1 interpretaciones en piano, lectura de poemas y conversaciones sobre el tarot.<\/p>\n<p>El primer encuentro se realizar\u00e1 este viernes a las 17:30 en \u201cVolver a Casa\u201d, un espacio de bienestar hol\u00edstico ubicado en el barrio Bajo Palermo de la ciudad de C\u00f3rdoba. El lugar combina actividades culturales con disciplinas como yoga y otras orientadas al bienestar.<\/p>\n<p>Durante la actividad, Cerino interpretar\u00e1 piezas en piano, leer\u00e1 poemas de su libro \u201cAguas y lunas\u201d y desarrollar\u00e1 un abordaje del tarot desde su dimensi\u00f3n simb\u00f3lica y como herramienta de reflexi\u00f3n. Seg\u00fan expres\u00f3 el artista, \u201cen estos d\u00edas, la Magia Blanca es el arte\u201d.<\/p>\n<p>El segundo encuentro se llevar\u00e1 a cabo el s\u00e1bado a las 19:00 en Cineclub Casero, ubicado en Emilio Zola 442, Alta Gracia. All\u00ed se repetir\u00e1 la experiencia adaptada a las caracter\u00edsticas del lugar.<\/p>\n<p>Cerino plante\u00f3 que estos encuentros buscan propiciar una escucha diferente a trav\u00e9s de la m\u00fasica, abrir un espacio para la emoci\u00f3n con la poes\u00eda y ofrecer nuevas preguntas mediante el tarot. Las reservas para ambas fechas se realizan al tel\u00e9fono 351 706-8362.<\/p>\n<\/div>\n","protected":false},"excerpt":{"rendered":"<p>El artista Aldo Cerino ofrecer\u00e1 dos encuentros en los que combinar\u00e1 m\u00fasica, poes\u00eda y tarot para generar espacios de reflexi\u00f3n y conexi\u00f3n. Las actividades se realizar\u00e1n este viernes en C\u00f3rdoba capital y el s\u00e1bado en Alta Gracia. El artista Aldo Cerino presentar\u00e1 una serie de encuentros denominados \u201cMagia Blanca\u201d, que buscan generar un espacio de [&hellip;]<\/p>\n","protected":false},"author":1,"featured_media":197792,"comment_status":"closed","ping_status":"closed","sticky":false,"template":"","format":"standard","meta":[],"categories":[2],"tags":[],"_links":{"self":[{"href":"http:\/\/cordobainforma.info\/index.php\/wp-json\/wp\/v2\/posts\/197791"}],"collection":[{"href":"http:\/\/cordobainforma.info\/index.php\/wp-json\/wp\/v2\/posts"}],"about":[{"href":"http:\/\/cordobainforma.info\/index.php\/wp-json\/wp\/v2\/types\/post"}],"author":[{"embeddable":true,"href":"http:\/\/cordobainforma.info\/index.php\/wp-json\/wp\/v2\/users\/1"}],"replies":[{"embeddable":true,"href":"http:\/\/cordobainforma.info\/index.php\/wp-json\/wp\/v2\/comments?post=197791"}],"version-history":[{"count":0,"href":"http:\/\/cordobainforma.info\/index.php\/wp-json\/wp\/v2\/posts\/197791\/revisions"}],"wp:featuredmedia":[{"embeddable":true,"href":"http:\/\/cordobainforma.info\/index.php\/wp-json\/wp\/v2\/media\/197792"}],"wp:attachment":[{"href":"http:\/\/cordobainforma.info\/index.php\/wp-json\/wp\/v2\/media?parent=197791"}],"wp:term":[{"taxonomy":"category","embeddable":true,"href":"http:\/\/cordobainforma.info\/index.php\/wp-json\/wp\/v2\/categories?post=197791"},{"taxonomy":"post_tag","embeddable":true,"href":"http:\/\/cordobainforma.info\/index.php\/wp-json\/wp\/v2\/tags?post=197791"}],"curies":[{"name":"wp","href":"https:\/\/api.w.org\/{rel}","templated":true}]}}