{"id":197779,"date":"2026-09-03T09:59:08","date_gmt":"2026-09-03T09:59:08","guid":{"rendered":"https:\/\/somoscordobeses.com\/2026\/09\/03\/ultima-jornada-muestra-unc-2026\/"},"modified":"2026-09-03T09:59:08","modified_gmt":"2026-09-03T09:59:08","slug":"este-jueves-ultima-jornada-de-la-muestra-unc-2026","status":"publish","type":"post","link":"http:\/\/cordobainforma.info\/index.php\/2026\/09\/03\/este-jueves-ultima-jornada-de-la-muestra-unc-2026\/","title":{"rendered":"Este jueves, \u00faltima jornada de la Muestra UNC 2026"},"content":{"rendered":"<div><img src=\"http:\/\/cordobainforma.info\/wp-content\/uploads\/2026\/09\/este-jueves-ultima-jornada-de-la-muestra-unc-2026.jpg\" class=\"ff-og-image-inserted\"><\/div>\n<div class=\"tdb-block-inner td-fix-index\" readability=\"51\">\n<p><strong>La Universidad Nacional de C\u00f3rdoba cierra este jueves su Muestra UNC 2026, con entrada libre y gratuita de 9:00 a 18:00 en Ciudad Universitaria.<\/strong><\/p>\n<p>Este jueves se realizar\u00e1 la \u00faltima jornada de la Muestra UNC 2026, organizada por la Universidad Nacional de C\u00f3rdoba (UNC). El evento tendr\u00e1 lugar de 9:00 a 18:00 en Ciudad Universitaria, con entrada libre y gratuita.<\/p>\n<p>Durante las dos jornadas previas, la muestra recibi\u00f3 a j\u00f3venes de distintos puntos de la provincia y del pa\u00eds, quienes recorrieron las propuestas acad\u00e9micas de las facultades. En esta edici\u00f3n, se diversificaron los formatos de presentaci\u00f3n.<\/p>\n<p>Los espacios centrales del evento son el Pabell\u00f3n de los Reformistas y el Pabell\u00f3n Argentina. All\u00ed, las unidades acad\u00e9micas ofrecen informaci\u00f3n sobre carreras, inscripci\u00f3n, ciclos de nivelaci\u00f3n, modalidades de cursado y acciones para ingresantes.<\/p>\n<p>La muestra incluye stands de informaci\u00f3n general, espacios de acompa\u00f1amiento de la UNC (BiMo), la carpa Ruta UNC de orientaci\u00f3n vocacional, di\u00e1logos con egresados, pr\u00e1cticas de la profesi\u00f3n, visitas guiadas por Ciudad Universitaria y por cada facultad, stand docente, stands UNC 360 y stands de la Federaci\u00f3n Universitaria de C\u00f3rdoba (FUC) y centros de estudiantes.<\/p>\n<p>El cronograma de este jueves contempla actividades participativas y l\u00fadicas, entrevistas a profesionales, recorridos guiados y una charla titulada \u201c\u00bfQu\u00e9 estudiar para ser influencer?\u201d.<\/p>\n<p>El evento cuenta con int\u00e9rpretes de lenguaje de se\u00f1as y est\u00e1 destinado a estudiantes secundarios, docentes y p\u00fablico en general.<\/p>\n<\/div>\n","protected":false},"excerpt":{"rendered":"<p>La Universidad Nacional de C\u00f3rdoba cierra este jueves su Muestra UNC 2026, con entrada libre y gratuita de 9:00 a 18:00 en Ciudad Universitaria. Este jueves se realizar\u00e1 la \u00faltima jornada de la Muestra UNC 2026, organizada por la Universidad Nacional de C\u00f3rdoba (UNC). El evento tendr\u00e1 lugar de 9:00 a 18:00 en Ciudad Universitaria, [&hellip;]<\/p>\n","protected":false},"author":1,"featured_media":197780,"comment_status":"closed","ping_status":"closed","sticky":false,"template":"","format":"standard","meta":[],"categories":[2],"tags":[],"_links":{"self":[{"href":"http:\/\/cordobainforma.info\/index.php\/wp-json\/wp\/v2\/posts\/197779"}],"collection":[{"href":"http:\/\/cordobainforma.info\/index.php\/wp-json\/wp\/v2\/posts"}],"about":[{"href":"http:\/\/cordobainforma.info\/index.php\/wp-json\/wp\/v2\/types\/post"}],"author":[{"embeddable":true,"href":"http:\/\/cordobainforma.info\/index.php\/wp-json\/wp\/v2\/users\/1"}],"replies":[{"embeddable":true,"href":"http:\/\/cordobainforma.info\/index.php\/wp-json\/wp\/v2\/comments?post=197779"}],"version-history":[{"count":0,"href":"http:\/\/cordobainforma.info\/index.php\/wp-json\/wp\/v2\/posts\/197779\/revisions"}],"wp:featuredmedia":[{"embeddable":true,"href":"http:\/\/cordobainforma.info\/index.php\/wp-json\/wp\/v2\/media\/197780"}],"wp:attachment":[{"href":"http:\/\/cordobainforma.info\/index.php\/wp-json\/wp\/v2\/media?parent=197779"}],"wp:term":[{"taxonomy":"category","embeddable":true,"href":"http:\/\/cordobainforma.info\/index.php\/wp-json\/wp\/v2\/categories?post=197779"},{"taxonomy":"post_tag","embeddable":true,"href":"http:\/\/cordobainforma.info\/index.php\/wp-json\/wp\/v2\/tags?post=197779"}],"curies":[{"name":"wp","href":"https:\/\/api.w.org\/{rel}","templated":true}]}}