{"id":197775,"date":"2026-09-02T20:34:35","date_gmt":"2026-09-02T20:34:35","guid":{"rendered":"http:\/\/cordobainforma.info\/index.php\/2026\/09\/02\/me-alegra-no-era-un-fan-trump-celebra-la-salida-del-principe-enrique-y-meghan-markle-de-ee-uu\/"},"modified":"2026-09-02T20:34:35","modified_gmt":"2026-09-02T20:34:35","slug":"me-alegra-no-era-un-fan-trump-celebra-la-salida-del-principe-enrique-y-meghan-markle-de-ee-uu","status":"publish","type":"post","link":"http:\/\/cordobainforma.info\/index.php\/2026\/09\/02\/me-alegra-no-era-un-fan-trump-celebra-la-salida-del-principe-enrique-y-meghan-markle-de-ee-uu\/","title":{"rendered":"\u00abMe alegra. No era un fan\u00bb: Trump celebra la salida del pr\u00edncipe Enrique y Meghan Markle de EE.UU."},"content":{"rendered":"<p><img src=\"http:\/\/cordobainforma.info\/wp-content\/uploads\/2026\/09\/me-alegra-no-era-un-fan-trump-celebra-la-salida-del-principe-enrique-y-meghan-markle-de-ee-uu.jpg\"><\/p>\n<p>El presidente de EE.UU., Donald Trump, caus\u00f3 risas este mi\u00e9rcoles en el Despacho Oval de la Casa Blanca al referirse a la decisi\u00f3n del pr\u00edncipe Enrique y su esposa, Meghan Markle, de <a href=\"https:\/\/actualidad.rt.com\/actualidad\/624297-principe-enrique-meghan-markle-regresan\">abandonar EE.UU. para regresar al Reino Unido<\/a> junto con sus hijos.<\/p>\n<p>Cuando un periodista le pregunt\u00f3 sobre la reciente noticia, Trump <a href=\"https:\/\/www.youtube.com\/live\/6QYMxVMrjrM?si=2SbIuONIpt2Xv4u8&amp;t=1833\" target=\"_blank\" rel=\"noopener noreferrer\">contest\u00f3<\/a>: <strong>\u00abMe alegra. No era un fan\u00bb<\/strong>, declar\u00f3, generando carcajadas entre los ejecutivos y funcionarios que estaban a sus espaldas.<\/p>\n<div class=\"ReadMore-root Section-root Section-is1to3-xs_is1to1\" data-widgets=\"ReadMore\">\n<div class=\"Section-container Section-isRow-isTop-isWrap\">\n<article class=\"Card-root Card-is1to1 Card-default\">\n<div class=\"Card-imageWrap\">\n<div class=\"Card-picture\"> <picture class=\"Picture-root Picture-default\"><!--[if IE 9]><video style=\"display: none;\"><![endif]--><source media=\"(-webkit-min-device-pixel-ratio: 2) and (min-resolution: 120dpi)\" srcset=\"http:\/\/cordobainforma.info\/wp-content\/uploads\/2026\/09\/me-alegra-no-era-un-fan-trump-celebra-la-salida-del-principe-enrique-y-meghan-markle-de-ee-uu-2.jpg 850w, http:\/\/cordobainforma.info\/wp-content\/uploads\/2026\/09\/me-alegra-no-era-un-fan-trump-celebra-la-salida-del-principe-enrique-y-meghan-markle-de-ee-uu-3.jpg 1960w\"><source srcset=\"http:\/\/cordobainforma.info\/wp-content\/uploads\/2026\/09\/me-alegra-no-era-un-fan-trump-celebra-la-salida-del-principe-enrique-y-meghan-markle-de-ee-uu-2.jpg, https:\/\/actualidad.rt.com\/actualidad\/460, http:\/\/cordobainforma.info\/wp-content\/uploads\/2026\/09\/me-alegra-no-era-un-fan-trump-celebra-la-salida-del-principe-enrique-y-meghan-markle-de-ee-uu-3.jpg 980w\"><!--[if IE 9]><\/video><![endif]--><img data-sizes=\"auto\" src=\"http:\/\/cordobainforma.info\/wp-content\/uploads\/2026\/09\/me-alegra-no-era-un-fan-trump-celebra-la-salida-del-principe-enrique-y-meghan-markle-de-ee-uu-2.jpg\" class=\"Picture-root Picture-default lazyload\" alt=\"Trump responde al pr\u00edncipe Enrique sobre Ucrania\"><\/picture><!-- noscript pattern --><noscript><img src=\"http:\/\/cordobainforma.info\/wp-content\/uploads\/2026\/09\/me-alegra-no-era-un-fan-trump-celebra-la-salida-del-principe-enrique-y-meghan-markle-de-ee-uu-3.jpg\" alt=\"Trump responde al pr\u00edncipe Enrique sobre Ucrania\"><\/noscript> <\/div><\/div>\n<\/article><\/div><\/div>\n<p>\u00abMe pareci\u00f3 que trataron a la familia real con una gran falta de respeto. No me gust\u00f3. <strong>No me gust\u00f3 su forma de actuar<\/strong>. Me pareci\u00f3 terriblemente irrespetuosa con la reina [Isabel II] y con el rey Carlos [III]\u00bb, asegur\u00f3.<\/p>\n<p>En enero de 2020, Enrique y Markle <a href=\"https:\/\/actualidad.rt.com\/actualidad\/340301-reina-isabel-anuncia-principe-enrique-meghan-markle-titulos\">renunciaron a ser miembros activos de la familia real brit\u00e1nica<\/a>. Un a\u00f1o despu\u00e9s aseguraron que ello se debi\u00f3 \u00aben gran parte\u00bb al <a href=\"https:\/\/actualidad.rt.com\/actualidad\/385708-principe-enrique-racismo-gran-parte-decision-irse\">racismo en la casa real<\/a>. A principios del 2023, el duque de Sussex <a href=\"https:\/\/actualidad.rt.com\/actualidad\/454108-revelaciones-principe-guillermo-libro-enrique\">public\u00f3 su libro de memorias &#8216;Spare&#8217;<\/a>, en el que revel\u00f3 el alcance de las tensiones familiares que lo llevaron a <strong>sentirse \u00abdiferente\u00bb del resto de sus parientes<\/strong>.<\/p>\n<p>Tras resaltar la buena relaci\u00f3n con los \u00faltimos monarcas del Reino Unido, Trump desaprob\u00f3 su accionar. \u00abTal vez yo sea diferente. <strong>Yo no los habr\u00eda aceptado de vuelta<\/strong>. Si yo perteneciera a la familia real, no los habr\u00eda aceptado de vuelta\u00bb, cerr\u00f3.<\/p>\n","protected":false},"excerpt":{"rendered":"<p>El presidente de EE.UU., Donald Trump, caus\u00f3 risas este mi\u00e9rcoles en el Despacho Oval de la Casa Blanca al referirse a la decisi\u00f3n del pr\u00edncipe Enrique y su esposa, Meghan Markle, de abandonar EE.UU. para regresar al Reino Unido junto con sus hijos. Cuando un periodista le pregunt\u00f3 sobre la reciente noticia, Trump contest\u00f3: \u00abMe [&hellip;]<\/p>\n","protected":false},"author":1,"featured_media":197776,"comment_status":"closed","ping_status":"closed","sticky":false,"template":"","format":"standard","meta":[],"categories":[22],"tags":[],"_links":{"self":[{"href":"http:\/\/cordobainforma.info\/index.php\/wp-json\/wp\/v2\/posts\/197775"}],"collection":[{"href":"http:\/\/cordobainforma.info\/index.php\/wp-json\/wp\/v2\/posts"}],"about":[{"href":"http:\/\/cordobainforma.info\/index.php\/wp-json\/wp\/v2\/types\/post"}],"author":[{"embeddable":true,"href":"http:\/\/cordobainforma.info\/index.php\/wp-json\/wp\/v2\/users\/1"}],"replies":[{"embeddable":true,"href":"http:\/\/cordobainforma.info\/index.php\/wp-json\/wp\/v2\/comments?post=197775"}],"version-history":[{"count":0,"href":"http:\/\/cordobainforma.info\/index.php\/wp-json\/wp\/v2\/posts\/197775\/revisions"}],"wp:featuredmedia":[{"embeddable":true,"href":"http:\/\/cordobainforma.info\/index.php\/wp-json\/wp\/v2\/media\/197776"}],"wp:attachment":[{"href":"http:\/\/cordobainforma.info\/index.php\/wp-json\/wp\/v2\/media?parent=197775"}],"wp:term":[{"taxonomy":"category","embeddable":true,"href":"http:\/\/cordobainforma.info\/index.php\/wp-json\/wp\/v2\/categories?post=197775"},{"taxonomy":"post_tag","embeddable":true,"href":"http:\/\/cordobainforma.info\/index.php\/wp-json\/wp\/v2\/tags?post=197775"}],"curies":[{"name":"wp","href":"https:\/\/api.w.org\/{rel}","templated":true}]}}