{"id":197771,"date":"2026-09-02T05:26:24","date_gmt":"2026-09-02T05:26:24","guid":{"rendered":"https:\/\/www.mujerhoy.com\/vivir\/fitness\/rutina-yoga-minutos-retomar-practica-septiembre-segun-experto-20260902150837-nt.html"},"modified":"2026-09-02T05:26:24","modified_gmt":"2026-09-02T05:26:24","slug":"la-rutina-de-yoga-de-20-minutos-para-retomar-la-practica-en-septiembre-segun-el-experto-jose-ballesta","status":"publish","type":"post","link":"http:\/\/cordobainforma.info\/index.php\/2026\/09\/02\/la-rutina-de-yoga-de-20-minutos-para-retomar-la-practica-en-septiembre-segun-el-experto-jose-ballesta\/","title":{"rendered":"La rutina de yoga de 20 minutos para retomar la pr\u00e1ctica en septiembre, seg\u00fan el experto Jos\u00e9 Ballesta"},"content":{"rendered":"<div class=\"media_block\"><\/div>\n<p><!-- AUTHOR --><\/p>\n<div class=\"voc-author-timesocial \">\n<!-- AUTHOR --><\/p>\n<div class=\"voc-author-timesocial__signature \">\n<!-- IMAGE AUTHOR -->\n<picture class=\"voc-image-signature\">\n<img class=\"voc-image-signature__img\" src=\"http:\/\/cordobainforma.info\/wp-content\/uploads\/2026\/09\/la-rutina-de-yoga-de-20-minutos-para-retomar-la-practica-en-septiembre-segun-el-experto-jose-ballesta.png\" alt=\"Sandra Hern\u00e1ndez\">\n<\/picture>\n<!-- INFO AUTHOR --> <\/div><\/div>\n<p> <!-- COMPONENTS --><\/p>\n<p class=\"voc-paragraph\">Septiembre ya ha empezado y la esterilla lleva semanas guardada. <strong>Jos\u00e9 Ballesta Ballesteros, director de la Escuela Yogah en Orihuela<\/strong>, lo tiene claro: \u00abEl objetivo es acortar el periodo de inactividad y<strong> poder recuperar tus clases con un mejor tono<\/strong>\u00bb. No se trata de recuperar el nivel de junio en cinco d\u00edas, sino de que el cuerpo no llegue completamente parado a la primera clase real del curso.<\/p>\n<p class=\"voc-paragraph\">Veinte minutos no dan para mucho, y Ballesta es el primero en decirlo sin rodeos. \u00ab<strong>Una pr\u00e1ctica de 20 minutos no pasa de ser un mero calentamiento<\/strong>; la intenci\u00f3n es simplemente el mantenimiento, <strong>el ritmo puede ser m\u00e1s suave y las posturas menos extremas<\/strong>\u00bb, explica. La diferencia con una clase convencional est\u00e1 justo ah\u00ed: menos exigencia, m\u00e1s continuidad, y esa continuidad es lo que de verdad marca la diferencia cuando llegue <a href=\"https:\/\/www.mujerhoy.com\/vivir\/fitness\/facil-rutina-yoga-10-minutos-por-la-manana-niveles-energia-20240917075532-nt.html\" target=\"_self\" data-voc-vtm-id=\"in-text-traffic\" data-mrf-link=\"www.mujerhoy.com\" rel=\"noopener noreferrer\">la primera clase<\/a> completa de la temporada.<\/p>\n<div class=\"v-c-cmp v-c-cmp--t1 \">\n<div class=\"v-cmp-rld v-cmp-rld--2 \">\n<div class=\"v-cnt-m v-cnt-m--m\">\n<div class=\"v-cnt-m__c\">\n<div class=\"v-cnt-m__w v-cnt-m__w--1\">\n<p class=\"v-cnt-m__t\">\nTAMBI\u00c9N TE INTERESA\n<\/p>\n<\/div>\n<\/div>\n<\/div>\n<div class=\"v-g v-g--2-c v-g--bdr-min-xs\">\n<div class=\"v-g__c \">\n<article class=\"v-a v-a--cmp-rld v-a--cmp-rld-2 v-a--p-l\">\n<div class=\"v-a-img-c\">\n<figure class=\"v-a-fig\">\n<a href=\"https:\/\/www.mujerhoy.com\/vivir\/fitness\/mejor-digestion-postura-yoga-recomienda-ligeya-garza-20260823051854-nt.html#vtm_modulosEngag=mod-rel:vivir:noticia:1:cmp:2-not\" class=\"v-a-link\" title=\"\u00bfPuede el yoga aliviar de forma r\u00e1pida una digesti\u00f3n pesada? La experta Ligeya Garza nos da la respuesta\"><br \/>\n<img loading=\"lazy\" class=\"v-a-img\" src=\"http:\/\/cordobainforma.info\/wp-content\/uploads\/2026\/09\/la-rutina-de-yoga-de-20-minutos-para-retomar-la-practica-en-septiembre-segun-el-experto-jose-ballesta.jpg\" alt=\"\u00bfPuede el yoga aliviar de forma r\u00e1pida una digesti\u00f3n pesada? La experta Ligeya Garza nos da la respuesta\"><br \/>\n<\/a><br \/>\n<\/figure>\n<\/div>\n<\/article>\n<\/div>\n<div class=\"v-g__c \">\n<article class=\"v-a v-a--cmp-rld v-a--cmp-rld-2 v-a--p-l\">\n<div class=\"v-a-img-c\">\n<figure class=\"v-a-fig\">\n<a href=\"https:\/\/www.mujerhoy.com\/vivir\/fitness\/pati-peguero-profesora-yoga-mejor-postura-aliviar-piernas-pesadas-20260821130012-nt.html#vtm_modulosEngag=mod-rel:vivir:noticia:2:cmp:2-not\" class=\"v-a-link\" title=\"Pati Peguero, profesora de yoga: \u00abEsta es la postura m\u00e1s eficaz para aliviar las piernas pesadas en verano\u00bb\"><br \/>\n<img loading=\"lazy\" class=\"v-a-img\" src=\"http:\/\/cordobainforma.info\/wp-content\/uploads\/2026\/09\/la-rutina-de-yoga-de-20-minutos-para-retomar-la-practica-en-septiembre-segun-el-experto-jose-ballesta-1.jpg\" alt=\"Pati Peguero, profesora de yoga: \u00abEsta es la postura m\u00e1s eficaz para aliviar las piernas pesadas en verano\u00bb\"><br \/>\n<\/a><br \/>\n<\/figure>\n<\/div>\n<\/article>\n<\/div>\n<\/div>\n<\/div>\n<\/div>\n<p class=\"voc-paragraph\">Empezar con tres<a href=\"https:\/\/www.mujerhoy.com\/vivir\/fitness\/saludo-al-sol-yoga-aumentar-energia-inmunidad-fuerza-emocional-20260206164600-nt.html\" target=\"_self\" data-voc-vtm-id=\"in-text-traffic\" data-mrf-link=\"www.mujerhoy.com\" rel=\"noopener noreferrer\"> saludos al sol<\/a> A y tres saludos al sol B es el punto de partida. \u00abPuedes comenzar con tres saludos al sol A y tres saludos al sol B, enlazar con <a href=\"https:\/\/www.mujerhoy.com\/vivir\/fitness\/trikonasana-postura-del-triangulo-brazos-rodillas-20211127184743-nt.html\" target=\"_self\" data-voc-vtm-id=\"in-text-traffic\" data-mrf-link=\"www.mujerhoy.com\" rel=\"noopener noreferrer\">tri\u00e1ngulos laterales<\/a>, <a href=\"https:\/\/www.mujerhoy.com\/vivir\/fitness\/postura-del-arbol-asana-yoga-tonificar-piernas-mejorar-equilibrio-a-los-50-20241019080451-nt.html\" target=\"_self\" data-voc-vtm-id=\"in-text-traffic\" data-mrf-link=\"www.mujerhoy.com\" rel=\"noopener noreferrer\">\u00e1rbol<\/a>, <a href=\"https:\/\/www.mujerhoy.com\/vivir\/fitness\/natarajasana-postura-bailarin-cuida-columna-estres-core-fuerte-20220129125315-nt.html\" target=\"_self\" data-voc-vtm-id=\"in-text-traffic\" data-mrf-link=\"www.mujerhoy.com\" rel=\"noopener noreferrer\">danzar\u00edn<\/a> y <a href=\"https:\/\/www.mujerhoy.com\/vivir\/bienestar\/postura-yoga-instructores-recomiendan-practicar-dia-despues-20260606224347-nt.html\" target=\"_self\" data-voc-vtm-id=\"in-text-traffic\" data-mrf-link=\"www.mujerhoy.com\" rel=\"noopener noreferrer\">guerrero 3<\/a>\u00bb, detalla Ballesta. Despu\u00e9s llega el trabajo en el suelo: algunas flexiones anteriores, y <a href=\"https:\/\/www.mujerhoy.com\/vivir\/fitness\/sarvangasana-postura-vela-poses-invertidas-yoga-varices-tiroides-20220423120821-nt.html\" target=\"_self\" data-voc-vtm-id=\"in-text-traffic\" data-mrf-link=\"www.mujerhoy.com\" rel=\"noopener noreferrer\">el cierre con vela<\/a>, <a href=\"https:\/\/www.mujerhoy.com\/vivir\/fitness\/halasana-postura-arado-mejora-calidad-sueno-alivia-ansiedad-corrige-postura-20221112141847-nt.html\" target=\"_self\" data-voc-vtm-id=\"in-text-traffic\" data-mrf-link=\"www.mujerhoy.com\" rel=\"noopener noreferrer\">arado<\/a> y las posturas de \u00e1ngulo atado y \u00e1ngulo abierto, un recorrido que <strong>va activando el cuerpo de forma progresiva sin exigirle demasiado desde el primer minuto<\/strong>.<\/p>\n<p class=\"voc-paragraph\">Cinco minutos de <a href=\"https:\/\/www.mujerhoy.com\/vivir\/bienestar\/respiracion-cuatro-tiempos-actua-interruptor-interno-segun-20260404195513-nt.html\" target=\"_self\" data-voc-vtm-id=\"in-text-traffic\" data-mrf-link=\"www.mujerhoy.com\" rel=\"noopener noreferrer\">pranayama<\/a> y <a href=\"https:\/\/www.mujerhoy.com\/vivir\/fitness\/savasana-yoga-postura-basica-aliviar-tension-quitar-el-estres-20210928070408-nt.html\" target=\"_self\" data-voc-vtm-id=\"in-text-traffic\" data-mrf-link=\"www.mujerhoy.com\" rel=\"noopener noreferrer\">savasana<\/a> rematan la sesi\u00f3n. \u00ab<strong>Realiza cinco minutos de pranayama y savasana<\/strong>\u00bb, resume Ballesta. Esa combinaci\u00f3n de posturas de pie, trabajo en suelo y respiraci\u00f3n final es lo que le da a la rutina su arco completo, <strong>activando el cuerpo primero para despu\u00e9s dejarlo asentarse antes de volver al ritmo del d\u00eda.<\/strong><\/p>\n<p><h3 class=\"v-cmp-suh\">\nLa secuencia que propone Ballesta<br \/>\n<\/h3>\n<\/p>\n<p class=\"voc-paragraph\">Ese orden no es casual: <strong>va de lo din\u00e1mico a lo quieto de forma deliberada.<\/strong> Empezar con los saludos al sol activa el cuerpo entero, las posturas de pie trabajan equilibrio y fuerza mientras la mente todav\u00eda est\u00e1 despierta del todo, y el trabajo en el suelo, m\u00e1s las posturas invertidas como vela y arado, van bajando progresivamente la intensidad. Terminar con pranayama es el cierre l\u00f3gico de ese descenso: el cuerpo ya est\u00e1 listo para quedarse quieto sin resistirse.<\/p>\n<p><h3 class=\"v-cmp-suh\">\nEl mejor momento del d\u00eda para practicarla<br \/>\n<\/h3>\n<\/p>\n<p class=\"voc-paragraph\">El timing importa tanto como la secuencia en s\u00ed. \u00abSi puedes, adelanta una hora tu despertar, <strong>mantente en ayunas o toma solo alguna bebida caliente e inicia tu pr\u00e1ctica antes de comenzar a encadenar rutinas<\/strong>\u00bb, recomienda Ballesta. Hacerlo antes de que arranque el d\u00eda, sin haber comido ni empezado a resolver tareas, <strong>es lo que potencia el efecto de calma que se busca con esta rutina<\/strong>, antes de que las primeras obligaciones del d\u00eda empiecen a reclamar atenci\u00f3n.<\/p>\n<p class=\"voc-paragraph\">\u00bfPuede algo tan breve preparar de verdad el cuerpo y la mente para la vuelta a la rutina? Ballesta no lo endulza. \u00abLas dos cosas son ciertas: <strong>es demasiado breve para una pr\u00e1ctica seria y, aun as\u00ed, mucho mejor que la inactividad<\/strong>\u00bb, afirma. No es una sesi\u00f3n completa ni pretende serlo, pero cumple una funci\u00f3n muy concreta en estos primeros d\u00edas de septiembre, cuando el objetivo no es progresar sino <strong>simplemente no perder el contacto con la pr\u00e1ctica<\/strong>.<\/p>\n<p class=\"voc-paragraph\">Aunque no conf\u00eda demasiado en las rutinas de veinte minutos como sustituto real de la pr\u00e1ctica, Ballesta tiene un consejo claro para quien lleva semanas sin pisar la esterilla: no esperar m\u00e1s para empezar. \u00abNo esperes a ma\u00f1ana\u00bb, resume. Esos veinte minutos diarios, por modestos que sean, son el puente entre el par\u00f3n del verano y la vuelta a una pr\u00e1ctica que exige mucho m\u00e1s.<\/p>\n<p class=\"voc-paragraph\">Lo importante, seg\u00fan Ballesta,<strong> no es la perfecci\u00f3n de cada postura sino la constancia de volver al d\u00eda siguiente<\/strong>. Veinte minutos repetidos cada ma\u00f1ana pesan mucho m\u00e1s, a la larga, que una \u00fanica sesi\u00f3n larga hecha una vez a la semana. Y esa es, precisamente, la l\u00f3gica sobre la que est\u00e1 construida toda la propuesta: peque\u00f1a, sostenible y suficiente para no llegar a septiembre completamente desconectada de la pr\u00e1ctica.<\/p>\n<div class=\"v-c-cmp v-c-cmp--t1 \">\n<div class=\"v-cmp-rld v-cmp-rld--2 \">\n<div class=\"v-cnt-m v-cnt-m--m\">\n<div class=\"v-cnt-m__c\">\n<div class=\"v-cnt-m__w v-cnt-m__w--1\">\n<p class=\"v-cnt-m__t\">\nTAMBI\u00c9N TE INTERESA\n<\/p>\n<\/div>\n<\/div>\n<\/div>\n<div class=\"v-g v-g--2-c v-g--bdr-min-xs\">\n<div class=\"v-g__c \">\n<article class=\"v-a v-a--cmp-rld v-a--cmp-rld-2 v-a--p-l\">\n<div class=\"v-a-img-c\">\n<figure class=\"v-a-fig\">\n<a href=\"https:\/\/www.mujerhoy.com\/vivir\/bienestar\/hidratacion-verano-beber-agua-suficiente-que-necesita-cuerpo-20260806152011-nt.html#vtm_modulosEngag=mod-rel:vivir:noticia:1:cmp:2-not\" class=\"v-a-link\" title=\"Beber agua ya no es suficiente en agosto: esto es lo que tu cuerpo necesita para hidratarse de verdad\"><br \/>\n<img loading=\"lazy\" class=\"v-a-img\" src=\"http:\/\/cordobainforma.info\/wp-content\/uploads\/2026\/09\/la-rutina-de-yoga-de-20-minutos-para-retomar-la-practica-en-septiembre-segun-el-experto-jose-ballesta-2.jpg\" alt=\"Beber agua ya no es suficiente en agosto: esto es lo que tu cuerpo necesita para hidratarse de verdad\"><br \/>\n<\/a><br \/>\n<\/figure>\n<\/div>\n<\/article>\n<\/div>\n<div class=\"v-g__c \">\n<article class=\"v-a v-a--cmp-rld v-a--cmp-rld-2 v-a--p-l\">\n<div class=\"v-a-img-c\">\n<figure class=\"v-a-fig\">\n<a href=\"https:\/\/www.mujerhoy.com\/vivir\/fitness\/ale-llosa-fundadora-metodo-ko-experta-yoga-mejores-sitios-entrenar-20260814121630-nt.html#vtm_modulosEngag=mod-rel:vivir:noticia:2:cmp:2-not\" class=\"v-a-link\" title=\"Ale Llosa, fundadora del M\u00e9todo KO: \u00abLa arena amortigua las ca\u00eddas, por eso es el lugar perfecto para perderle el miedo a las invertidas\u00bb\"><br \/>\n<img loading=\"lazy\" class=\"v-a-img\" src=\"http:\/\/cordobainforma.info\/wp-content\/uploads\/2026\/09\/la-rutina-de-yoga-de-20-minutos-para-retomar-la-practica-en-septiembre-segun-el-experto-jose-ballesta-3.jpg\" alt=\"Ale Llosa, fundadora del M\u00e9todo KO: \u00abLa arena amortigua las ca\u00eddas, por eso es el lugar perfecto para perderle el miedo a las invertidas\u00bb\"><br \/>\n<\/a><br \/>\n<\/figure>\n<\/div>\n<\/article>\n<\/div>\n<\/div>\n<\/div>\n<\/div>\n","protected":false},"excerpt":{"rendered":"<p>Septiembre ya ha empezado y la esterilla lleva semanas guardada. Jos\u00e9 Ballesta Ballesteros, director de la Escuela Yogah en Orihuela, lo tiene claro: \u00abEl objetivo es acortar el periodo de inactividad y poder recuperar tus clases con un mejor tono\u00bb. No se trata de recuperar el nivel de junio en cinco d\u00edas, sino de que [&hellip;]<\/p>\n","protected":false},"author":1,"featured_media":197772,"comment_status":"open","ping_status":"closed","sticky":false,"template":"","format":"standard","meta":[],"categories":[18],"tags":[],"_links":{"self":[{"href":"http:\/\/cordobainforma.info\/index.php\/wp-json\/wp\/v2\/posts\/197771"}],"collection":[{"href":"http:\/\/cordobainforma.info\/index.php\/wp-json\/wp\/v2\/posts"}],"about":[{"href":"http:\/\/cordobainforma.info\/index.php\/wp-json\/wp\/v2\/types\/post"}],"author":[{"embeddable":true,"href":"http:\/\/cordobainforma.info\/index.php\/wp-json\/wp\/v2\/users\/1"}],"replies":[{"embeddable":true,"href":"http:\/\/cordobainforma.info\/index.php\/wp-json\/wp\/v2\/comments?post=197771"}],"version-history":[{"count":0,"href":"http:\/\/cordobainforma.info\/index.php\/wp-json\/wp\/v2\/posts\/197771\/revisions"}],"wp:featuredmedia":[{"embeddable":true,"href":"http:\/\/cordobainforma.info\/index.php\/wp-json\/wp\/v2\/media\/197772"}],"wp:attachment":[{"href":"http:\/\/cordobainforma.info\/index.php\/wp-json\/wp\/v2\/media?parent=197771"}],"wp:term":[{"taxonomy":"category","embeddable":true,"href":"http:\/\/cordobainforma.info\/index.php\/wp-json\/wp\/v2\/categories?post=197771"},{"taxonomy":"post_tag","embeddable":true,"href":"http:\/\/cordobainforma.info\/index.php\/wp-json\/wp\/v2\/tags?post=197771"}],"curies":[{"name":"wp","href":"https:\/\/api.w.org\/{rel}","templated":true}]}}