{"id":197767,"date":"2026-09-02T19:00:03","date_gmt":"2026-09-02T19:00:03","guid":{"rendered":"https:\/\/www.mujerhoy.com\/moda\/no-te-pierdas\/basicos-para-estilo-sofisticado-tendencia-otono-2026-20260902153745-nt.html"},"modified":"2026-09-02T19:00:03","modified_gmt":"2026-09-02T19:00:03","slug":"el-estilo-sofisticado-esta-de-moda-en-2026-seis-basicos-que-mis-amigas-francesas-incorporaron-a-sus-armarios","status":"publish","type":"post","link":"http:\/\/cordobainforma.info\/index.php\/2026\/09\/02\/el-estilo-sofisticado-esta-de-moda-en-2026-seis-basicos-que-mis-amigas-francesas-incorporaron-a-sus-armarios\/","title":{"rendered":"El estilo sofisticado est\u00e1 de moda en 2026: seis b\u00e1sicos que mis amigas francesas incorporaron a sus armarios"},"content":{"rendered":"<div class=\"media_block\"><\/div>\n<p><!-- AUTHOR --><\/p>\n<div class=\"voc-author-timesocial \">\n<!-- AUTHOR --><\/p>\n<div class=\"voc-author-timesocial__signature \">\n<!-- IMAGE AUTHOR -->\n<picture class=\"voc-image-signature\">\n<img class=\"voc-image-signature__img\" src=\"http:\/\/cordobainforma.info\/wp-content\/uploads\/2026\/09\/el-estilo-sofisticado-esta-de-moda-en-2026-seis-basicos-que-mis-amigas-francesas-incorporaron-a-sus-armarios.jpg\" alt=\"Lauren Izquierdo\">\n<\/picture>\n<!-- INFO AUTHOR --> <\/div><\/div>\n<p> <!-- COMPONENTS --><\/p>\n<p class=\"voc-paragraph\">Confieso que me puso de los nervios la <strong>\u00e9poca del athleisure<\/strong> que se populariz\u00f3 con el <em>Mal Querer<\/em> de Rosal\u00eda. Por eso me alegr\u00e9 tanto cuando vi que el <a href=\"https:\/\/www.mujerhoy.com\/lujo-slow\/tendencia-consumo-lujo-ricos-nicho-grandes-fortunas-20260509030403-nt.html\" title data-voc-vtm-id=\"in-text-traffic\" data-mrf-link=\"www.mujerhoy.com\">lujo silencioso<\/a> y una nueva lectura del preppy volv\u00edan a estar de moda. Desde hace a\u00f1os, los <a href=\"https:\/\/www.mujerhoy.com\/moda\/no-te-pierdas\/basicos-armario-capsula-verano-camisa-blanca-camiseta-vaqueros-vestido-20260807165232-nt.html\" title data-voc-vtm-id=\"in-text-traffic\" data-mrf-link=\"www.mujerhoy.com\">armarios c\u00e1psula<\/a> son los reyes all\u00e1 donde van y la gran mayor\u00eda de las tendencias busca darle un aire distinto a lo que ya conocemos. Lo hemos observado con el renacer de los neoneutros, con el modern heritage y con la popularizaci\u00f3n de b\u00e1sicos que nuestras madres llevaban en los 90. En definitiva, el estilo sofisticado est\u00e1 de moda. <\/p>\n<p class=\"voc-paragraph\">Figuras como <strong>Carolyn Bessette-Kennedy<\/strong>, Charlotte York, Kate Moss o Meghan Markle (entre otras), han contribuido a que todas hagamos ajustes en la forma en la que vestimos. La diversificaci\u00f3n de estilos y de formas de vivir la moda contin\u00faa, sin embargo, cada vez compramos menos, pero de mejor calidad, por lo que nos pensamos las cosas dos veces antes de caer ante impulsos innecesarios. <\/p>\n<div class=\"v-c-cmp v-c-cmp--t1 \">\n<div class=\"v-cmp-rld v-cmp-rld--2 \">\n<div class=\"v-cnt-m v-cnt-m--m\">\n<div class=\"v-cnt-m__c\">\n<div class=\"v-cnt-m__w v-cnt-m__w--1\">\n<p class=\"v-cnt-m__t\">\nTAMBI\u00c9N TE INTERESA\n<\/p>\n<\/div>\n<\/div>\n<\/div>\n<div class=\"v-g v-g--2-c v-g--bdr-min-xs\">\n<div class=\"v-g__c \">\n<article class=\"v-a v-a--cmp-rld v-a--cmp-rld-2 v-a--p-l\">\n<div class=\"v-a-img-c\">\n<figure class=\"v-a-fig\">\n<a href=\"https:\/\/www.mujerhoy.com\/moda\/no-te-pierdas\/vestidos-sezane-elegantes-todoterreno-chic-frances-primavera-20260414093327-nt.html#vtm_modulosEngag=mod-rel:moda:noticia:1:cmp:2-not\" class=\"v-a-link\" title=\"Ni Zara, ni Mango: los vestidos m\u00e1s elegantes que no te vas a quitar en primavera est\u00e1n en la firma favorita de las francesas\"><br \/>\n<img loading=\"lazy\" class=\"v-a-img\" src=\"http:\/\/cordobainforma.info\/wp-content\/uploads\/2026\/09\/el-estilo-sofisticado-esta-de-moda-en-2026-seis-basicos-que-mis-amigas-francesas-incorporaron-a-sus-armarios-1.jpg\" alt=\"Ni Zara, ni Mango: los vestidos m\u00e1s elegantes que no te vas a quitar en primavera est\u00e1n en la firma favorita de las francesas\"><br \/>\n<\/a><br \/>\n<\/figure>\n<\/div>\n<\/article>\n<\/div>\n<div class=\"v-g__c \">\n<article class=\"v-a v-a--cmp-rld v-a--cmp-rld-2 v-a--p-l\">\n<div class=\"v-a-img-c\">\n<figure class=\"v-a-fig\">\n<a href=\"https:\/\/www.mujerhoy.com\/moda\/no-te-pierdas\/mejores-basicos-para-looks-elegantes-20260426120808-nt.html#vtm_modulosEngag=mod-rel:moda:noticia:2:cmp:2-not\" class=\"v-a-link\" title=\"Seis b\u00e1sicos que siempre hacen que mis looks parezcan m\u00e1s caros de lo que son\"><br \/>\n<img loading=\"lazy\" class=\"v-a-img\" src=\"http:\/\/cordobainforma.info\/wp-content\/uploads\/2026\/09\/el-estilo-sofisticado-esta-de-moda-en-2026-seis-basicos-que-mis-amigas-francesas-incorporaron-a-sus-armarios-2.jpg\" alt=\"Seis b\u00e1sicos que siempre hacen que mis looks parezcan m\u00e1s caros de lo que son\"><br \/>\n<\/a><br \/>\n<\/figure>\n<\/div>\n<\/article>\n<\/div>\n<\/div>\n<\/div>\n<\/div>\n<p class=\"voc-paragraph\">De esta forma, la sofisticaci\u00f3n ha pasado a formar parte de nuestro d\u00eda a d\u00eda. Los toques diferentes, los accesorios con personalidad o las <strong>corrientes Y2K<\/strong> o m\u00e1s urbanas se integran en los looks en forma de complementos, pero la base es limpia, neutra y discreta; independientemente de la edad, el tipo de cuerpo o el escenario al que te enfrentes.<\/p>\n<p><h3 class=\"v-cmp-suh\">\nSeis b\u00e1sicos para un estilo sofisticado<br \/>\n<\/h3>\n<\/p>\n<div class=\"v-c-cmp v-c-cmp--s\">\n<div class=\"v-cmp-m \">\n<article class=\"v-a v-a--cmp-m v-c-cmp--m-z\">\n<div class=\"v-a-img-c \">\n<div class=\"v-a-fig\">\n<button class=\"v-a-link\" popovertarget=\"photo-10\"><br \/>\n<img loading=\"lazy\" src=\"http:\/\/cordobainforma.info\/wp-content\/uploads\/2026\/09\/el-estilo-sofisticado-esta-de-moda-en-2026-seis-basicos-que-mis-amigas-francesas-incorporaron-a-sus-armarios-3.jpg\" class=\"v-a-img\" width=\"650\" height=\"650\" alt=\"Pantal\u00f3n tipo sastre de H&amp;M, 29,99 euros.\" data-voc-vtm-id=\"in-text-traffic\"> <\/button><figcaption class=\"v-fc\">\n<span class=\"v-fc__t\"><br \/>\nPantal\u00f3n tipo sastre de H&amp;M, 29,99 euros.<br \/>\n<\/span><br \/>\n<\/figcaption><\/div>\n<\/div>\n<div id=\"photo-10\" popover class=\"v-mdl v-mdl--fw\">\n<button class=\"v-x\" popovertarget=\"photo-10\" popovertargetaction=\"hide\"><br \/>\n<span class=\"v-i\"><br \/>\n<svg width=\"24\" height=\"23.996\" viewBox=\"0 0 24 23.996\">\n<path data-name=\"Uni\u00f3n 29\" d=\"M12,14.03,2.031,24,0,21.963,9.968,12,0,2.033,2.031,0,12,9.966,21.969,0,24,2.033,14.032,12,24,21.963,21.969,24Z\" \/>\n<\/svg><br \/>\n<\/span><br \/>\n<\/button><\/p>\n<div class=\"v-mdl__c\">\n<div class=\"v-mdl__w\">\n<img loading=\"lazy\" src=\"http:\/\/cordobainforma.info\/wp-content\/uploads\/2026\/09\/el-estilo-sofisticado-esta-de-moda-en-2026-seis-basicos-que-mis-amigas-francesas-incorporaron-a-sus-armarios-3.jpg\" class=\"v-mdl__img-z\" width=\"650\" height=\"650\" alt>\n<\/div>\n<\/div>\n<\/div>\n<p><span class=\"v-bdp\"><\/span><br \/>\n<\/article>\n<\/div>\n<\/div>\n<p class=\"voc-paragraph\"><strong>Pantal\u00f3n tipo sastre de H&amp;M, 29,99 euros.<\/strong> Ideales para llevar a la oficina con camisas oversize o cuellos altos tipo perkins, son un b\u00e1sico que no pasa de moda y que logra subir el nivel de cualquier otra pieza. Adem\u00e1s, sientan como un guante. <\/p>\n<div class=\"v-c-cmp v-c-cmp--s\">\n<div class=\"v-cmp-m \">\n<article class=\"v-a v-a--cmp-m v-c-cmp--m-z\">\n<div class=\"v-a-img-c \">\n<div class=\"v-a-fig\">\n<button class=\"v-a-link\" popovertarget=\"photo-732\"><br \/>\n<img loading=\"lazy\" src=\"http:\/\/cordobainforma.info\/wp-content\/uploads\/2026\/09\/el-estilo-sofisticado-esta-de-moda-en-2026-seis-basicos-que-mis-amigas-francesas-incorporaron-a-sus-armarios-4.jpg\" class=\"v-a-img\" width=\"650\" height=\"650\" alt=\"Falda l\u00e1piz de Sfera, 39,99 euros.\" data-voc-vtm-id=\"in-text-traffic\"> <\/button><figcaption class=\"v-fc\">\n<span class=\"v-fc__t\"><br \/>\nFalda l\u00e1piz de Sfera, 39,99 euros.<br \/>\n<\/span><br \/>\n<\/figcaption><\/div>\n<\/div>\n<div id=\"photo-732\" popover class=\"v-mdl v-mdl--fw\">\n<button class=\"v-x\" popovertarget=\"photo-732\" popovertargetaction=\"hide\"><br \/>\n<span class=\"v-i\"><br \/>\n<svg width=\"24\" height=\"23.996\" viewBox=\"0 0 24 23.996\">\n<path data-name=\"Uni\u00f3n 29\" d=\"M12,14.03,2.031,24,0,21.963,9.968,12,0,2.033,2.031,0,12,9.966,21.969,0,24,2.033,14.032,12,24,21.963,21.969,24Z\" \/>\n<\/svg><br \/>\n<\/span><br \/>\n<\/button><\/p>\n<div class=\"v-mdl__c\">\n<div class=\"v-mdl__w\">\n<img loading=\"lazy\" src=\"http:\/\/cordobainforma.info\/wp-content\/uploads\/2026\/09\/el-estilo-sofisticado-esta-de-moda-en-2026-seis-basicos-que-mis-amigas-francesas-incorporaron-a-sus-armarios-4.jpg\" class=\"v-mdl__img-z\" width=\"650\" height=\"650\" alt>\n<\/div>\n<\/div>\n<\/div>\n<p><span class=\"v-bdp\"><\/span><br \/>\n<\/article>\n<\/div>\n<\/div>\n<p class=\"voc-paragraph\"><strong>Falda l\u00e1piz de Sfera, 39,99 euros.<\/strong> Acu\u00e9rdate de mis palabras: ser\u00e1 uno de los b\u00e1sicos favoritos del oto\u00f1o. Este tipo de faldas han ganado mucha popularidad, por lo que son una inversi\u00f3n proveniente de los 90 que estar\u00e1 por todas partes. <\/p>\n<div class=\"v-c-cmp v-c-cmp--s\">\n<div class=\"v-cmp-m \">\n<article class=\"v-a v-a--cmp-m v-c-cmp--m-z\">\n<div class=\"v-a-img-c \">\n<div class=\"v-a-fig\">\n<button class=\"v-a-link\" popovertarget=\"photo-713\"><br \/>\n<img loading=\"lazy\" src=\"http:\/\/cordobainforma.info\/wp-content\/uploads\/2026\/09\/el-estilo-sofisticado-esta-de-moda-en-2026-seis-basicos-que-mis-amigas-francesas-incorporaron-a-sus-armarios-5.jpg\" class=\"v-a-img\" width=\"650\" height=\"650\" alt=\"Blazer negro de Zara, 39,95 euros.\" data-voc-vtm-id=\"in-text-traffic\"> <\/button><figcaption class=\"v-fc\">\n<span class=\"v-fc__t\"><br \/>\nBlazer negro de Zara, 39,95 euros.<br \/>\n<\/span><br \/>\n<\/figcaption><\/div>\n<\/div>\n<div id=\"photo-713\" popover class=\"v-mdl v-mdl--fw\">\n<button class=\"v-x\" popovertarget=\"photo-713\" popovertargetaction=\"hide\"><br \/>\n<span class=\"v-i\"><br \/>\n<svg width=\"24\" height=\"23.996\" viewBox=\"0 0 24 23.996\">\n<path data-name=\"Uni\u00f3n 29\" d=\"M12,14.03,2.031,24,0,21.963,9.968,12,0,2.033,2.031,0,12,9.966,21.969,0,24,2.033,14.032,12,24,21.963,21.969,24Z\" \/>\n<\/svg><br \/>\n<\/span><br \/>\n<\/button><\/p>\n<div class=\"v-mdl__c\">\n<div class=\"v-mdl__w\">\n<img loading=\"lazy\" src=\"http:\/\/cordobainforma.info\/wp-content\/uploads\/2026\/09\/el-estilo-sofisticado-esta-de-moda-en-2026-seis-basicos-que-mis-amigas-francesas-incorporaron-a-sus-armarios-5.jpg\" class=\"v-mdl__img-z\" width=\"650\" height=\"650\" alt>\n<\/div>\n<\/div>\n<\/div>\n<p><span class=\"v-bdp\"><\/span><br \/>\n<\/article>\n<\/div>\n<\/div>\n<p class=\"voc-paragraph\"><strong>Blazer negro de Zara, 39,95 euros.<\/strong> Teniendo en cuenta su patr\u00f3n y su precio, es una declaraci\u00f3n de intenciones que merece (y mucho la pena). La llevar\u00e1s con traje, sobre vestidos, con faldas l\u00e1piz y tambi\u00e9n con tus vaqueros. <\/p>\n<div class=\"v-c-cmp v-c-cmp--s\">\n<div class=\"v-cmp-m \">\n<article class=\"v-a v-a--cmp-m v-c-cmp--m-z\">\n<div class=\"v-a-img-c \">\n<div class=\"v-a-fig\">\n<button class=\"v-a-link\" popovertarget=\"photo-26\"><br \/>\n<img loading=\"lazy\" src=\"http:\/\/cordobainforma.info\/wp-content\/uploads\/2026\/09\/el-estilo-sofisticado-esta-de-moda-en-2026-seis-basicos-que-mis-amigas-francesas-incorporaron-a-sus-armarios-6.jpg\" class=\"v-a-img\" width=\"650\" height=\"650\" alt=\"Falda midi de piel de Adolfo Dom\u00ednguez, 52 euros.\" data-voc-vtm-id=\"in-text-traffic\"> <\/button><figcaption class=\"v-fc\">\n<span class=\"v-fc__t\"><br \/>\nFalda midi de piel de Adolfo Dom\u00ednguez, 52 euros.<br \/>\n<\/span><br \/>\n<\/figcaption><\/div>\n<\/div>\n<div id=\"photo-26\" popover class=\"v-mdl v-mdl--fw\">\n<button class=\"v-x\" popovertarget=\"photo-26\" popovertargetaction=\"hide\"><br \/>\n<span class=\"v-i\"><br \/>\n<svg width=\"24\" height=\"23.996\" viewBox=\"0 0 24 23.996\">\n<path data-name=\"Uni\u00f3n 29\" d=\"M12,14.03,2.031,24,0,21.963,9.968,12,0,2.033,2.031,0,12,9.966,21.969,0,24,2.033,14.032,12,24,21.963,21.969,24Z\" \/>\n<\/svg><br \/>\n<\/span><br \/>\n<\/button><\/p>\n<div class=\"v-mdl__c\">\n<div class=\"v-mdl__w\">\n<img loading=\"lazy\" src=\"http:\/\/cordobainforma.info\/wp-content\/uploads\/2026\/09\/el-estilo-sofisticado-esta-de-moda-en-2026-seis-basicos-que-mis-amigas-francesas-incorporaron-a-sus-armarios-6.jpg\" class=\"v-mdl__img-z\" width=\"650\" height=\"650\" alt>\n<\/div>\n<\/div>\n<\/div>\n<p><span class=\"v-bdp\"><\/span><br \/>\n<\/article>\n<\/div>\n<\/div>\n<p class=\"voc-paragraph\"><strong>Falda midi de piel de Adolfo Dom\u00ednguez, 52 euros.<\/strong> Es una de esas oportunidades que no deber\u00edas dejar pasar. Combina con todo, sienta bien y es perfecta para looks sencillos y con un toque de personalidad diferente. <\/p>\n<div class=\"v-c-cmp v-c-cmp--s\">\n<div class=\"v-cmp-m \">\n<article class=\"v-a v-a--cmp-m v-c-cmp--m-z\">\n<div class=\"v-a-img-c \">\n<div class=\"v-a-fig\">\n<button class=\"v-a-link\" popovertarget=\"photo-900\"><br \/>\n<img loading=\"lazy\" src=\"http:\/\/cordobainforma.info\/wp-content\/uploads\/2026\/09\/el-estilo-sofisticado-esta-de-moda-en-2026-seis-basicos-que-mis-amigas-francesas-incorporaron-a-sus-armarios-7.jpg\" class=\"v-a-img\" width=\"650\" height=\"650\" alt=\"Vestido negro de Ralph Lauren, 245 euros.\" data-voc-vtm-id=\"in-text-traffic\"> <\/button><figcaption class=\"v-fc\">\n<span class=\"v-fc__t\"><br \/>\nVestido negro de Ralph Lauren, 245 euros.<br \/>\n<\/span><br \/>\n<\/figcaption><\/div>\n<\/div>\n<div id=\"photo-900\" popover class=\"v-mdl v-mdl--fw\">\n<button class=\"v-x\" popovertarget=\"photo-900\" popovertargetaction=\"hide\"><br \/>\n<span class=\"v-i\"><br \/>\n<svg width=\"24\" height=\"23.996\" viewBox=\"0 0 24 23.996\">\n<path data-name=\"Uni\u00f3n 29\" d=\"M12,14.03,2.031,24,0,21.963,9.968,12,0,2.033,2.031,0,12,9.966,21.969,0,24,2.033,14.032,12,24,21.963,21.969,24Z\" \/>\n<\/svg><br \/>\n<\/span><br \/>\n<\/button><\/p>\n<div class=\"v-mdl__c\">\n<div class=\"v-mdl__w\">\n<img loading=\"lazy\" src=\"http:\/\/cordobainforma.info\/wp-content\/uploads\/2026\/09\/el-estilo-sofisticado-esta-de-moda-en-2026-seis-basicos-que-mis-amigas-francesas-incorporaron-a-sus-armarios-7.jpg\" class=\"v-mdl__img-z\" width=\"650\" height=\"650\" alt>\n<\/div>\n<\/div>\n<\/div>\n<p><span class=\"v-bdp\"><\/span><br \/>\n<\/article>\n<\/div>\n<\/div>\n<p class=\"voc-paragraph\"><strong>Vestido negro de Ralph Lauren, 245 euros.<\/strong> No se me ocurre una mejor inversi\u00f3n que la de un vestido negro midi. Lo llevar\u00e1s para ir a la oficina, para cenas con amigas, citas o incluso para eventos algo m\u00e1s elegantes. Ser\u00e1 uno de los b\u00e1sicos imprescindibles de tu armario. <\/p>\n<div class=\"v-c-cmp v-c-cmp--s\">\n<div class=\"v-cmp-m \">\n<article class=\"v-a v-a--cmp-m v-c-cmp--m-z\">\n<div class=\"v-a-img-c \">\n<div class=\"v-a-fig\">\n<button class=\"v-a-link\" popovertarget=\"photo-465\"><br \/>\n<img loading=\"lazy\" src=\"http:\/\/cordobainforma.info\/wp-content\/uploads\/2026\/09\/el-estilo-sofisticado-esta-de-moda-en-2026-seis-basicos-que-mis-amigas-francesas-incorporaron-a-sus-armarios-8.jpg\" class=\"v-a-img\" width=\"650\" height=\"650\" alt=\"Falda blanca de Massimo Dutti, 79,95 euros.\" data-voc-vtm-id=\"in-text-traffic\"> <\/button><figcaption class=\"v-fc\">\n<span class=\"v-fc__t\"><br \/>\nFalda blanca de Massimo Dutti, 79,95 euros.<br \/>\n<\/span><br \/>\n<\/figcaption><\/div>\n<\/div>\n<div id=\"photo-465\" popover class=\"v-mdl v-mdl--fw\">\n<button class=\"v-x\" popovertarget=\"photo-465\" popovertargetaction=\"hide\"><br \/>\n<span class=\"v-i\"><br \/>\n<svg width=\"24\" height=\"23.996\" viewBox=\"0 0 24 23.996\">\n<path data-name=\"Uni\u00f3n 29\" d=\"M12,14.03,2.031,24,0,21.963,9.968,12,0,2.033,2.031,0,12,9.966,21.969,0,24,2.033,14.032,12,24,21.963,21.969,24Z\" \/>\n<\/svg><br \/>\n<\/span><br \/>\n<\/button><\/p>\n<div class=\"v-mdl__c\">\n<div class=\"v-mdl__w\">\n<img loading=\"lazy\" src=\"http:\/\/cordobainforma.info\/wp-content\/uploads\/2026\/09\/el-estilo-sofisticado-esta-de-moda-en-2026-seis-basicos-que-mis-amigas-francesas-incorporaron-a-sus-armarios-8.jpg\" class=\"v-mdl__img-z\" width=\"650\" height=\"650\" alt>\n<\/div>\n<\/div>\n<\/div>\n<p><span class=\"v-bdp\"><\/span><br \/>\n<\/article>\n<\/div>\n<\/div>\n<p class=\"voc-paragraph\"><strong>Falda blanca de Massimo Dutti, 79,95 euros.<\/strong> Me parece una preciosidad a la que puedes sacarle mucho partido. Mi forma favorita de llevarla es a trav\u00e9s de conjuntos monocrom\u00e1ticos, pero tambi\u00e9n funciona muy bien con colores como el marr\u00f3n co\u00f1ac, el chocolate o el gris antracita.<\/p>\n<div class=\"v-c-cmp v-c-cmp--t1 \">\n<div class=\"v-cmp-rld v-cmp-rld--2 \">\n<div class=\"v-cnt-m v-cnt-m--m\">\n<div class=\"v-cnt-m__c\">\n<div class=\"v-cnt-m__w v-cnt-m__w--1\">\n<p class=\"v-cnt-m__t\">\nTAMBI\u00c9N TE INTERESA\n<\/p>\n<\/div>\n<\/div>\n<\/div>\n<div class=\"v-g v-g--2-c v-g--bdr-min-xs\">\n<div class=\"v-g__c \">\n<article class=\"v-a v-a--cmp-rld v-a--cmp-rld-2 v-a--p-l\">\n<div class=\"v-a-img-c\">\n<figure class=\"v-a-fig\">\n<a href=\"https:\/\/www.mujerhoy.com\/moda\/no-te-pierdas\/basicos-amigas-francesas-verano-alicante-20260711185140-nt.html#vtm_modulosEngag=mod-rel:moda:noticia:1:cmp:2-not\" class=\"v-a-link\" title=\"Mis amigas francesas se han enamorado de Alicante: seis prendas inspiradas en el Mediterr\u00e1neo que han incluido a sus armarios\"><br \/>\n<img loading=\"lazy\" class=\"v-a-img\" src=\"http:\/\/cordobainforma.info\/wp-content\/uploads\/2026\/09\/el-estilo-sofisticado-esta-de-moda-en-2026-seis-basicos-que-mis-amigas-francesas-incorporaron-a-sus-armarios-9.jpg\" alt=\"Mis amigas francesas se han enamorado de Alicante: seis prendas inspiradas en el Mediterr\u00e1neo que han incluido a sus armarios\"><br \/>\n<\/a><br \/>\n<\/figure>\n<\/div>\n<\/article>\n<\/div>\n<div class=\"v-g__c \">\n<article class=\"v-a v-a--cmp-rld v-a--cmp-rld-2 v-a--p-l\">\n<div class=\"v-a-img-c\">\n<figure class=\"v-a-fig\">\n<a href=\"https:\/\/www.mujerhoy.com\/moda\/no-te-pierdas\/basicos-elegantes-verano-bonitos-minimalistas-elegantes-20260527174002-nt.html#vtm_modulosEngag=mod-rel:moda:noticia:2:cmp:2-not\" class=\"v-a-link\" title=\"Los seis b\u00e1sicos m\u00e1s elegantes del verano: minimalistas y elegantes\"><br \/>\n<img loading=\"lazy\" class=\"v-a-img\" src=\"http:\/\/cordobainforma.info\/wp-content\/uploads\/2026\/09\/el-estilo-sofisticado-esta-de-moda-en-2026-seis-basicos-que-mis-amigas-francesas-incorporaron-a-sus-armarios-10.jpg\" alt=\"Los seis b\u00e1sicos m\u00e1s elegantes del verano: minimalistas y elegantes\"><br \/>\n<\/a><br \/>\n<\/figure>\n<\/div>\n<\/article>\n<\/div>\n<\/div>\n<\/div>\n<\/div>\n","protected":false},"excerpt":{"rendered":"<p>Confieso que me puso de los nervios la \u00e9poca del athleisure que se populariz\u00f3 con el Mal Querer de Rosal\u00eda. Por eso me alegr\u00e9 tanto cuando vi que el lujo silencioso y una nueva lectura del preppy volv\u00edan a estar de moda. Desde hace a\u00f1os, los armarios c\u00e1psula son los reyes all\u00e1 donde van y [&hellip;]<\/p>\n","protected":false},"author":1,"featured_media":197768,"comment_status":"closed","ping_status":"closed","sticky":false,"template":"","format":"standard","meta":[],"categories":[24],"tags":[],"_links":{"self":[{"href":"http:\/\/cordobainforma.info\/index.php\/wp-json\/wp\/v2\/posts\/197767"}],"collection":[{"href":"http:\/\/cordobainforma.info\/index.php\/wp-json\/wp\/v2\/posts"}],"about":[{"href":"http:\/\/cordobainforma.info\/index.php\/wp-json\/wp\/v2\/types\/post"}],"author":[{"embeddable":true,"href":"http:\/\/cordobainforma.info\/index.php\/wp-json\/wp\/v2\/users\/1"}],"replies":[{"embeddable":true,"href":"http:\/\/cordobainforma.info\/index.php\/wp-json\/wp\/v2\/comments?post=197767"}],"version-history":[{"count":0,"href":"http:\/\/cordobainforma.info\/index.php\/wp-json\/wp\/v2\/posts\/197767\/revisions"}],"wp:featuredmedia":[{"embeddable":true,"href":"http:\/\/cordobainforma.info\/index.php\/wp-json\/wp\/v2\/media\/197768"}],"wp:attachment":[{"href":"http:\/\/cordobainforma.info\/index.php\/wp-json\/wp\/v2\/media?parent=197767"}],"wp:term":[{"taxonomy":"category","embeddable":true,"href":"http:\/\/cordobainforma.info\/index.php\/wp-json\/wp\/v2\/categories?post=197767"},{"taxonomy":"post_tag","embeddable":true,"href":"http:\/\/cordobainforma.info\/index.php\/wp-json\/wp\/v2\/tags?post=197767"}],"curies":[{"name":"wp","href":"https:\/\/api.w.org\/{rel}","templated":true}]}}