{"id":197753,"date":"2026-09-02T20:28:48","date_gmt":"2026-09-02T20:28:48","guid":{"rendered":"https:\/\/cordoba.gob.ar\/?p=93824"},"modified":"2026-09-02T20:28:48","modified_gmt":"2026-09-02T20:28:48","slug":"la-feria-circular-vuelve-a-la-plaza-velez-sarsfield-con-mas-de-30-emprendimientos","status":"publish","type":"post","link":"http:\/\/cordobainforma.info\/index.php\/2026\/09\/02\/la-feria-circular-vuelve-a-la-plaza-velez-sarsfield-con-mas-de-30-emprendimientos\/","title":{"rendered":"La Feria Circular vuelve a la Plaza V\u00e9lez Sarsfield con m\u00e1s de 30 emprendimientos"},"content":{"rendered":"<div><img src=\"http:\/\/cordobainforma.info\/wp-content\/uploads\/2026\/09\/la-feria-circular-vuelve-a-la-plaza-velez-sarsfield-con-mas-de-30-emprendimientos.jpg\" class=\"ff-og-image-inserted\"><\/div>\n<ul class=\"ak-ul\" data-prosemirror-content-type=\"node\" data-prosemirror-node-name=\"bulletList\" data-prosemirror-node-block=\"true\" data-pm-slice=\"3 1 []\" readability=\"1\">\n<li data-prosemirror-content-type=\"node\" data-prosemirror-node-name=\"listItem\" data-prosemirror-node-block=\"true\" readability=\"2\">\n<p data-prosemirror-content-type=\"node\" data-prosemirror-node-name=\"paragraph\" data-prosemirror-node-block=\"true\"><strong>Ser\u00e1 este s\u00e1bado 5 de septiembre, de 15:00 a 19:00 horas, con propuestas de producci\u00f3n sustentable y consumo responsable.<\/strong><\/p>\n<\/li>\n<li data-prosemirror-content-type=\"node\" data-prosemirror-node-name=\"listItem\" data-prosemirror-node-block=\"true\" readability=\"0\">\n<p data-prosemirror-content-type=\"node\" data-prosemirror-node-name=\"paragraph\" data-prosemirror-node-block=\"true\"><strong>Quienes compren un producto de la Econom\u00eda Circular podr\u00e1n llevarse un plant\u00edn del Programa de Huertas Inclusivas del ente BioC\u00f3rdoba.<\/strong><\/p>\n<\/li>\n<\/ul>\n<hr>\n<p data-prosemirror-content-type=\"node\" data-prosemirror-node-name=\"paragraph\" data-prosemirror-node-block=\"true\">La Feria Circular vuelve este s\u00e1bado a la Plaza Dalmacio V\u00e9lez Sarsfield para acercar a la comunidad distintas alternativas de producci\u00f3n y consumo basadas en la reutilizaci\u00f3n, el aprovechamiento de recursos y la Econom\u00eda Circular.<\/p>\n<p data-prosemirror-content-type=\"node\" data-prosemirror-node-name=\"paragraph\" data-prosemirror-node-block=\"true\">La feria reunir\u00e1 33 emprendimientos con propuestas de alimentaci\u00f3n, accesorios, decoraci\u00f3n, plantas, productos para animales de compa\u00f1\u00eda, objetos reutilizados y otras alternativas vinculadas al consumo responsable.<\/p>\n<p data-prosemirror-content-type=\"node\" data-prosemirror-node-name=\"paragraph\" data-prosemirror-node-block=\"true\">Durante la jornada, quien compre un producto de la Econom\u00eda Circular, podr\u00e1 llevarse un plant\u00edn del Programa de Huertas Inclusivas del Ente BioC\u00f3rdoba, articulando el consumo responsable con iniciativas de producci\u00f3n sustentable e inclusi\u00f3n.<\/p>\n<p data-prosemirror-content-type=\"node\" data-prosemirror-node-name=\"paragraph\" data-prosemirror-node-block=\"true\">Estar\u00e1n presentes, entre otros, Enbotellarte.cba, Kamashka Tejidos, Enriqueta Sabor, Barrocopop, Alma Vegana, Marga Taller, Nubia Pets, Abba, Pluma al Viento, Lule Nalem, Soliita, Lolo Accesorios, Luna de Jazm\u00edn, Colibr\u00ed, Arte para el Aire, Puny Pom y &nbsp;Mima Hogar.<\/p>\n<p data-prosemirror-content-type=\"node\" data-prosemirror-node-name=\"paragraph\" data-prosemirror-node-block=\"true\">Tambi\u00e9n ser\u00e1n parte &nbsp;La Docta Jarras, Celeste Duman, Bonsai y Arte Japon\u00e9s, Lib\u00e9lulas, Martita Accesorios, Carolina Yapura, Munay, Ponte Bonita, Libello, Reciclista, Intensivy, Las Suculentas de Ramona, Romiro, Cooperativa Miradas Textil, Rosarita y Deco&amp;Home.<\/p>\n<p data-prosemirror-content-type=\"node\" data-prosemirror-node-name=\"paragraph\" data-prosemirror-node-block=\"true\">La propuesta es impulsada por la Municipalidad de C\u00f3rdoba a trav\u00e9s del ente BioC\u00f3rdoba y la Secretar\u00eda de Ambiente y Econom\u00eda Circular, con la finalidad de fortalecer pr\u00e1cticas de consumo m\u00e1s responsables.<\/p>\n","protected":false},"excerpt":{"rendered":"<p>Ser\u00e1 este s\u00e1bado 5 de septiembre, de 15:00 a 19:00 horas, con propuestas de producci\u00f3n sustentable y consumo responsable. Quienes compren un producto de la Econom\u00eda Circular podr\u00e1n llevarse un plant\u00edn del Programa de Huertas Inclusivas del ente BioC\u00f3rdoba. La Feria Circular vuelve este s\u00e1bado a la Plaza Dalmacio V\u00e9lez Sarsfield para acercar a la [&hellip;]<\/p>\n","protected":false},"author":1,"featured_media":197754,"comment_status":"closed","ping_status":"closed","sticky":false,"template":"","format":"standard","meta":[],"categories":[2],"tags":[],"_links":{"self":[{"href":"http:\/\/cordobainforma.info\/index.php\/wp-json\/wp\/v2\/posts\/197753"}],"collection":[{"href":"http:\/\/cordobainforma.info\/index.php\/wp-json\/wp\/v2\/posts"}],"about":[{"href":"http:\/\/cordobainforma.info\/index.php\/wp-json\/wp\/v2\/types\/post"}],"author":[{"embeddable":true,"href":"http:\/\/cordobainforma.info\/index.php\/wp-json\/wp\/v2\/users\/1"}],"replies":[{"embeddable":true,"href":"http:\/\/cordobainforma.info\/index.php\/wp-json\/wp\/v2\/comments?post=197753"}],"version-history":[{"count":0,"href":"http:\/\/cordobainforma.info\/index.php\/wp-json\/wp\/v2\/posts\/197753\/revisions"}],"wp:featuredmedia":[{"embeddable":true,"href":"http:\/\/cordobainforma.info\/index.php\/wp-json\/wp\/v2\/media\/197754"}],"wp:attachment":[{"href":"http:\/\/cordobainforma.info\/index.php\/wp-json\/wp\/v2\/media?parent=197753"}],"wp:term":[{"taxonomy":"category","embeddable":true,"href":"http:\/\/cordobainforma.info\/index.php\/wp-json\/wp\/v2\/categories?post=197753"},{"taxonomy":"post_tag","embeddable":true,"href":"http:\/\/cordobainforma.info\/index.php\/wp-json\/wp\/v2\/tags?post=197753"}],"curies":[{"name":"wp","href":"https:\/\/api.w.org\/{rel}","templated":true}]}}