{"id":197751,"date":"2026-09-02T20:31:05","date_gmt":"2026-09-02T20:31:05","guid":{"rendered":"https:\/\/cordoba.gob.ar\/?p=93711"},"modified":"2026-09-02T20:31:05","modified_gmt":"2026-09-02T20:31:05","slug":"el-cabildo-recibe-este-sabado-una-nueva-jornada-de-ajedrez-social-y-accesible","status":"publish","type":"post","link":"http:\/\/cordobainforma.info\/index.php\/2026\/09\/02\/el-cabildo-recibe-este-sabado-una-nueva-jornada-de-ajedrez-social-y-accesible\/","title":{"rendered":"El Cabildo recibe este s\u00e1bado una nueva jornada de ajedrez social y accesible"},"content":{"rendered":"<div><img src=\"http:\/\/cordobainforma.info\/wp-content\/uploads\/2026\/09\/el-cabildo-recibe-este-sabado-una-nueva-jornada-de-ajedrez-social-y-accesible.jpg\" class=\"ff-og-image-inserted\"><\/div>\n<ul class=\"ak-ul\" data-prosemirror-content-type=\"node\" data-prosemirror-node-name=\"bulletList\" data-prosemirror-node-block=\"true\" data-pm-slice=\"3 1 []\" readability=\"1.5\">\n<li data-prosemirror-content-type=\"node\" data-prosemirror-node-name=\"listItem\" data-prosemirror-node-block=\"true\" readability=\"0\">\n<p data-prosemirror-content-type=\"node\" data-prosemirror-node-name=\"paragraph\" data-prosemirror-node-block=\"true\"><strong>La jornada se realizar\u00e1 de 11:00 a 12:30 horas, con participaci\u00f3n libre y gratuita.<\/strong><\/p>\n<\/li>\n<li data-prosemirror-content-type=\"node\" data-prosemirror-node-name=\"listItem\" data-prosemirror-node-block=\"true\" readability=\"3\">\n<p data-prosemirror-content-type=\"node\" data-prosemirror-node-name=\"paragraph\" data-prosemirror-node-block=\"true\"><strong>La propuesta, que contar\u00e1 con el acompa\u00f1amiento de la Fundaci\u00f3n Familias CEA, est\u00e1 destinada a personas de todas las edades y niveles. Quienes deseen participar solo deben concurrir cerca del horario de inicio de la actividad.<\/strong><\/p>\n<\/li>\n<\/ul>\n<hr>\n<p data-prosemirror-content-type=\"node\" data-prosemirror-node-name=\"paragraph\" data-prosemirror-node-block=\"true\">La Municipalidad de C\u00f3rdoba invita a participar de una nueva jornada del Ciclo de Ajedrez Social y Accesible, una propuesta mensual que busca acercar el ajedrez como herramienta educativa, recreativa y de encuentro comunitario.<\/p>\n<p data-prosemirror-content-type=\"node\" data-prosemirror-node-name=\"paragraph\" data-prosemirror-node-block=\"true\">La actividad del \u00c1rea de Vinculaci\u00f3n Social del ente BioC\u00f3rdoba se desarrollar\u00e1 en el Cabildo de la ciudad y estar\u00e1 abierta a ni\u00f1os, j\u00f3venes y adultos, sin necesidad de contar con experiencia previa. Quienes deseen participar solo deben concurrir cerca del horario de inicio de la actividad.<\/p>\n<p data-prosemirror-content-type=\"node\" data-prosemirror-node-name=\"paragraph\" data-prosemirror-node-block=\"true\">La propuesta busca generar un espacio donde el juego pueda ser compartido por personas con distintos niveles y posibilidades de participaci\u00f3n.<\/p>\n<p data-prosemirror-content-type=\"node\" data-prosemirror-node-name=\"paragraph\" data-prosemirror-node-block=\"true\">A su vez, el ciclo organizado junto a la Fundaci\u00f3n Familias CEA, propone fortalecer la cooperaci\u00f3n, el respeto y la participaci\u00f3n comunitaria a trav\u00e9s de una pr\u00e1ctica que combina juego, aprendizaje e inclusi\u00f3n. A tal fin, se utilizar\u00e1n tableros y piezas confeccionados con materiales reciclados, vinculando la creatividad y la reutilizaci\u00f3n con una actividad que favorece el desarrollo de habilidades cognitivas.<\/p>\n<p data-prosemirror-content-type=\"node\" data-prosemirror-node-name=\"paragraph\" data-prosemirror-node-block=\"true\">El ente Bioc\u00f3rdoba, invita a quienes deseen aprender a jugar al ajedrez, que ingresen al <a href=\"https:\/\/biocordoba.cordoba.gob.ar\/libros-de-ajedrez-social\/\">enlace<\/a> donde encontrar\u00e1n manuales de aprendizaje para principiantes.<\/p>\n","protected":false},"excerpt":{"rendered":"<p>La jornada se realizar\u00e1 de 11:00 a 12:30 horas, con participaci\u00f3n libre y gratuita. La propuesta, que contar\u00e1 con el acompa\u00f1amiento de la Fundaci\u00f3n Familias CEA, est\u00e1 destinada a personas de todas las edades y niveles. Quienes deseen participar solo deben concurrir cerca del horario de inicio de la actividad. La Municipalidad de C\u00f3rdoba invita [&hellip;]<\/p>\n","protected":false},"author":1,"featured_media":197752,"comment_status":"closed","ping_status":"closed","sticky":false,"template":"","format":"standard","meta":[],"categories":[2],"tags":[],"_links":{"self":[{"href":"http:\/\/cordobainforma.info\/index.php\/wp-json\/wp\/v2\/posts\/197751"}],"collection":[{"href":"http:\/\/cordobainforma.info\/index.php\/wp-json\/wp\/v2\/posts"}],"about":[{"href":"http:\/\/cordobainforma.info\/index.php\/wp-json\/wp\/v2\/types\/post"}],"author":[{"embeddable":true,"href":"http:\/\/cordobainforma.info\/index.php\/wp-json\/wp\/v2\/users\/1"}],"replies":[{"embeddable":true,"href":"http:\/\/cordobainforma.info\/index.php\/wp-json\/wp\/v2\/comments?post=197751"}],"version-history":[{"count":0,"href":"http:\/\/cordobainforma.info\/index.php\/wp-json\/wp\/v2\/posts\/197751\/revisions"}],"wp:featuredmedia":[{"embeddable":true,"href":"http:\/\/cordobainforma.info\/index.php\/wp-json\/wp\/v2\/media\/197752"}],"wp:attachment":[{"href":"http:\/\/cordobainforma.info\/index.php\/wp-json\/wp\/v2\/media?parent=197751"}],"wp:term":[{"taxonomy":"category","embeddable":true,"href":"http:\/\/cordobainforma.info\/index.php\/wp-json\/wp\/v2\/categories?post=197751"},{"taxonomy":"post_tag","embeddable":true,"href":"http:\/\/cordobainforma.info\/index.php\/wp-json\/wp\/v2\/tags?post=197751"}],"curies":[{"name":"wp","href":"https:\/\/api.w.org\/{rel}","templated":true}]}}