{"id":197735,"date":"2026-09-02T16:00:38","date_gmt":"2026-09-02T16:00:38","guid":{"rendered":"https:\/\/www.clarin.com\/deportes\/nicolas-russo-presidente-lanus-exploto-afa-apunto-arbitros-beligoy-cumplio-ciclo_0_cAhWWZRb7j.html"},"modified":"2026-09-02T16:00:38","modified_gmt":"2026-09-02T16:00:38","slug":"nicolas-russo-el-presidente-de-lanus-exploto-con-la-afa-y-apunto-contra-los-arbitros-beligoy-cumplio-un-ciclo","status":"publish","type":"post","link":"http:\/\/cordobainforma.info\/index.php\/2026\/09\/02\/nicolas-russo-el-presidente-de-lanus-exploto-con-la-afa-y-apunto-contra-los-arbitros-beligoy-cumplio-un-ciclo\/","title":{"rendered":"Nicol\u00e1s Russo, el presidente de Lan\u00fas, explot\u00f3 con la AFA y apunt\u00f3 contra los \u00e1rbitros: \u00abBeligoy cumpli\u00f3 un ciclo\u00bb"},"content":{"rendered":"<p><img src=\"http:\/\/cordobainforma.info\/wp-content\/uploads\/2026\/09\/nicolas-russo-el-presidente-de-lanus-exploto-con-la-afa-y-apunto-contra-los-arbitros-beligoy-cumplio-un-ciclo.jpg\"><\/p>\n<div class=\"sc-45461e9c-0 eqiBeF container-text text-embed \" id=\"element-body-0\" readability=\"57.960829493088\">\n<p><a href=\"https:\/\/www.clarin.com\/deportes\/fecha-negra-arbitrajes-penales-iguales-distinto-criterio-aviso-troglio-var-llamo-jueces-suspendidos-forma-expres_0_mZIduTdaeG.html\" target=\"_blank\" title=\"Siguen las pol\u00e9micas con la AFA y los arbitrajes\" alt=\"Siguen las pol\u00e9micas con la AFA y los arbitrajes\" rel=\"noopener noreferrer\">Siguen las pol\u00e9micas con la <\/a><strong><a href=\"https:\/\/www.clarin.com\/deportes\/fecha-negra-arbitrajes-penales-iguales-distinto-criterio-aviso-troglio-var-llamo-jueces-suspendidos-forma-expres_0_mZIduTdaeG.html\" target=\"_blank\" title=\"Siguen las pol\u00e9micas con la AFA y los arbitrajes\" alt=\"Siguen las pol\u00e9micas con la AFA y los arbitrajes\" rel=\"noopener noreferrer\">AFA <\/a><\/strong><a href=\"https:\/\/www.clarin.com\/deportes\/fecha-negra-arbitrajes-penales-iguales-distinto-criterio-aviso-troglio-var-llamo-jueces-suspendidos-forma-expres_0_mZIduTdaeG.html\" target=\"_blank\" title=\"Siguen las pol\u00e9micas con la AFA y los arbitrajes\" alt=\"Siguen las pol\u00e9micas con la AFA y los arbitrajes\" rel=\"noopener noreferrer\">y los arbitrajes<\/a>, pero ahora con fuego amigo. <strong>Nicol\u00e1s Russo<\/strong>, hist\u00f3rico dirigente cercano a <strong>Claudio Tapia <\/strong>y presidente de <strong>Lan\u00fas<\/strong>, explot\u00f3 contra los arbitrajes tras sentirse perjudicado en la derrota de su club ante <strong>Boca <\/strong>en la Bombonera. En declaraciones a radio La Red exigi\u00f3 \u00abun cambio en la conducci\u00f3n de los \u00e1rbitros\u00bb y se\u00f1al\u00f3 que <strong>Federico Beligoy<\/strong>, a cargo de esa \u00e1rea, \u00abcumpli\u00f3 un ciclo\u00bb<\/p>\n<\/div>\n<div class=\"sc-45461e9c-0 eqiBeF container-text text-embed \" id=\"element-body-1\" readability=\"63\">\n<p>Russo habl\u00f3 de la actualidad de su club, en t\u00e9rminos institucionales, dando informaci\u00f3n sobre el mercado de pases y las obras que se llevan a cabo en la sede y el complejo que poseen en la ciudad del sur del conurbano bonaerense. Tambi\u00e9n opin\u00f3 sobre el formato de los torneos, reconociendo que hay que revisar el calendario. <\/p>\n<\/div>\n<div class=\"sc-45461e9c-0 eqiBeF container-text text-embed \" id=\"element-body-2\" readability=\"65\">\n<p>Sin embargo, la parte m\u00e1s caliente de su charla con <em>L\u00f3pez 910<\/em>, el ciclo conducido por Gustavo L\u00f3pez, fue cuando le toc\u00f3 entrar en el terreno del debate sobre la actuaci\u00f3n de <strong>Pablo D\u00f3valo<\/strong>, \u00e1rbitro del Boca vs Lan\u00fas del viernes pasado, y puntualmente de <strong>Germ\u00e1n Delfino<\/strong>, a cargo del VAR.<\/p>\n<\/div>\n<div class=\"sc-106e49c0-0 dcVumd freeHtml-embed undefined\" id=\"element-body-3\" readability=\"23.916913946588\">\n<blockquote class=\"twitter-tweet\" readability=\"5.8872403560831\">\n<p lang=\"es\" dir=\"ltr\">\u00bfERA ROJA PARA FLORES?<\/p>\n<p>Los jugadores del Granate reclamaban que pod\u00eda ser para m\u00e1s la patada del jugador de Boca.<\/p>\n<p>Viv\u00ed el Torneo Clausura 2026 por TNT Sports Premium y disfrutalo tambi\u00e9n en HBO Max \ud83d\udc49 <a href=\"https:\/\/x.com\/hashtag\/Suscribite?src=hash&amp;ref_src=twsrc%5Etfw\">#Suscribite<\/a> <a href=\"https:\/\/t.co\/9RzIJTMF2E\">https:\/\/t.co\/9RzIJTMF2E<\/a><a href=\"https:\/\/x.com\/hashtag\/LPFxTNTSports?src=hash&amp;ref_src=twsrc%5Etfw\">#LPFxTNTSports<\/a> <a href=\"https:\/\/t.co\/Nanfxmpjj5\">pic.twitter.com\/Nanfxmpjj5<\/a><\/p>\n<p>\u2014 TNT Sports Argentina (@TNTSportsAR) <a href=\"https:\/\/x.com\/TNTSportsAR\/status\/2093499999745126838?ref_src=twsrc%5Etfw\">August 29, 2026<\/a><\/p><\/blockquote><\/div>\n<div class=\"sc-45461e9c-0 eqiBeF container-text text-embed \" id=\"element-body-4\" readability=\"64\">\n<p>\u00abEstoy preocupado con lo que est\u00e1 pasando, estoy desencantado con algunas cosas\u00bb, comenz\u00f3 diciendo Russo, <strong>un dirigente de la vieja escuela<\/strong>, de esos que se hicieron un nombre en la AFA cultivando el silencio, los c\u00f3digos y el cuidado por las formas. Esta vez ten\u00eda ganas de hablar.<\/p>\n<\/div>\n<div class=\"sc-45461e9c-0 eqiBeF container-text text-embed \" id=\"element-body-5\" readability=\"65\">\n<p>\u00abYo no tengo nada con Delfino pero no le est\u00e1 yendo bien cada vez que le toca dirigir a Lan\u00fas. Yo le ped\u00ed a Beligoy que no me lo ponga m\u00e1s, y no est\u00e1 m\u00e1s decirlo. Cuando un \u00e1rbitro est\u00e1 cargado con un equipo, a favor o en contra, lo mejor es hacerle pasar un tiempo y que no dirija\u00bb, explic\u00f3 Russo para hablar de <strong>Germ\u00e1n Delfino<\/strong>, el \u00e1rbitro que se encarg\u00f3 del VAR contra Boca.<\/p>\n<\/div>\n<div class=\"sc-45461e9c-0 eqiBeF container-text text-embed \" id=\"element-body-6\" readability=\"59.653846153846\">\n<p>El enojo de Russo ten\u00eda que ver con <a href=\"https:\/\/www.clarin.com\/deportes\/gran-polemica-boca-vs-lanus-dura-entrada-leonel-flores-dovalo-castigo-solo-amarilla_0_Yc2yZCRPiS.html\" target=\"_blank\" title=\"una acci\u00f3n clave que se dio en el arranque del partido\" alt=\"una acci\u00f3n clave que se dio en el arranque del partido\" rel=\"noopener noreferrer\">una acci\u00f3n clave que se dio en el arranque del partido<\/a>. El juvenil Leonel Flores, de Boca, se lanz\u00f3 con la pierna extendida sobre el defensor Sasha Marcich, en una clara infracci\u00f3n que pod\u00eda ser contemplada como expulsi\u00f3n. El \u00e1rbitro Pablo D\u00f3valo cobr\u00f3 infracci\u00f3n y le sac\u00f3 tarjeta amarilla, y Delfino no lo llam\u00f3 para que al menos la revisara en el monitor del VAR. El partido sigui\u00f3 11 contra 11, y el equipo del Vasco Arruabarrena termin\u00f3 ganando 1-0 en la \u00faltima jugada, lo que gener\u00f3 todav\u00eda m\u00e1s bronca en el Sur.<\/p>\n<\/div>\n<div class=\"sc-45461e9c-0 eqiBeF container-text text-embed \" id=\"element-body-7\" readability=\"68\">\n<p>\u00abFlores le va con la plancha a Marcich, era una expulsi\u00f3n clar\u00edsima. D\u00f3valo est\u00e1 lejos, y era una jugada de VAR cien por cien. El propio jugador de Boca pidi\u00f3 disculpas. Cuando leo las explicaciones de Delfino, que dice que fue una jugada gris, que el jugador de Lan\u00fas se levant\u00f3 r\u00e1pido, que los m\u00e9dicos no entraron&#8230; \u00bfTienen que tener punter\u00eda y romperlo al jugador? Yo lo habl\u00e9 con el DT, hay que buscar un profesor de teatro para que los jugadores se queden tirados en el piso. Si es de expulsi\u00f3n, es de expulsi\u00f3n&#8230;\u00bb, se quej\u00f3 Russo.<\/p>\n<\/div>\n<div class=\"sc-45461e9c-0 eqiBeF container-text text-embed \" id=\"element-body-8\" readability=\"67\">\n<p>El presidente de Lan\u00fas dijo que su club \u00abest\u00e1 molesto\u00bb por lo sucedido ante Boca, y plante\u00f3 que Delfino \u00abtendr\u00eda que haber sido parado\u00bb. En ese sentido, agreg\u00f3: \u00abNo s\u00f3lo que no lo pararon sino que lo premian, lo mandan a Arabia a dirigir. Esto viene pasando varias veces. Lo manej\u00e9 siempre en privado pero claramente lo tengo que hacer p\u00fablico. Yo tengo que entrar al vestuario para hablar con los jugadores, que dejaron la vida, y deben pensar que a m\u00ed me toman por boludo. Yo vivo a cuatro cuadras de la cancha, camino las calles, y los hinchas me miran diciendo que no hacemos respetar al club\u00bb.<\/p>\n<\/div>\n<div class=\"sc-45461e9c-0 eqiBeF container-text text-embed \" id=\"element-body-9\" readability=\"69\">\n<p>\u00abBeligoy cumpli\u00f3 un ciclo, son muchos a\u00f1os los que lleva a cargo de la direcci\u00f3n nacional, pero tiene que haber un cambio. Hay cosas que no van m\u00e1s. Hace poco en Copa Argentina, contra Instituto, nos toca Nazareno Arasa, que es un buen \u00e1rbitro pero ven\u00eda cargado con nosotros por otro partido&#8230; Pedimos jugar despu\u00e9s del Mundial, no pudimos. Lo pusieron igual a Arasa, y el arbitraje fue malo, Instituto nos gan\u00f3 sobre la hora\u00bb, record\u00f3 Russo.<\/p>\n<\/div>\n<div class=\"sc-45461e9c-0 eqiBeF container-text text-embed \" id=\"element-body-10\" readability=\"61\">\n<p>Russo sigui\u00f3 contra Beligoy y las designaciones: \u00abEn este torneo, lleg\u00f3 la tercera fecha, jugamos contra Instituto y nos volvi\u00f3 a dirigir Arasa, es innecesario\u00bb.<\/p>\n<\/div>\n<div class=\"sc-98b114a2-0 bkqiHH image-embed image-embed \" id=\"element-body-11\"><picture class=\"sc-98b114a2-1 jRUlDm\"><source media=\"(min-width: 975px)\" width=\"720\" height=\"480\" srcset=\"http:\/\/cordobainforma.info\/wp-content\/uploads\/2026\/09\/nicolas-russo-el-presidente-de-lanus-exploto-con-la-afa-y-apunto-contra-los-arbitros-beligoy-cumplio-un-ciclo-2.jpg\"><img alt=\"Nicolas Russo junto a Claudio Tapia, tras la consagraci\u00f3n de Lan\u00fas en la Recopa, en febrero de este a\u00f1o. Foto: MAURO PIMENTEL \/ AFP.\" loading=\"eager\" width=\"720\" height=\"480\" decoding=\"async\" data-nimg=\"1\" src=\"http:\/\/cordobainforma.info\/wp-content\/uploads\/2026\/09\/nicolas-russo-el-presidente-de-lanus-exploto-con-la-afa-y-apunto-contra-los-arbitros-beligoy-cumplio-un-ciclo-2.jpg\"><span class=\"epigraphe\" aria-hidden=\"true\">Nicolas Russo junto a Claudio Tapia, tras la consagraci\u00f3n de Lan\u00fas en la Recopa, en febrero de este a\u00f1o. Foto: MAURO PIMENTEL \/ AFP.<\/span><span class=\"picture-open\"><button class=\"open-image\" aria-label=\"Open Image\"><\/button><\/span><\/picture><\/div>\n<div class=\"sc-45461e9c-0 eqiBeF container-text text-embed \" id=\"element-body-12\" readability=\"62\">\n<p>El presidente de Lan\u00fas dijo que cambi\u00f3 su postura de \u00abpelearla adentro\u00bb porque no tiene resultados con Beligoy. Y se\u00f1al\u00f3, en uno de los t\u00edtulos m\u00e1s fuertes de su entrevista con La Red que \u00abcambi\u00f3 la relaci\u00f3n de Lan\u00fas con la AFA, no nos vamos de la AFA pero las cosas se van a plantear desde otro lado\u00bb.<\/p>\n<\/div>\n<div class=\"sc-45461e9c-0 eqiBeF container-text text-embed \" id=\"element-body-13\" readability=\"55.688311688312\">\n<p>\u00abNo es que nos vamos de la AFA pero s\u00ed vamos a plantearlas de forma distinta. Si las hablamos donde corresponde y no tenemos respuestas, y bueno&#8230; Es una cosa tan evidente. Cuando yo hablo de un desgaste en Beligoy&#8230; Yo no voy a defender a Espinoza, pero pararlo porque en el sorteo dijo &#8216;farmear aura&#8217;, con todo lo que pasa, realmente es una joda\u00bb, insisti\u00f3 Russo, en relaci\u00f3n <a href=\"https:\/\/www.clarin.com\/deportes\/fernando-espinoza-designado-fecha-7-torneo-clausura-destapo-escandalo-arbitros-afa-chupamos-huevo_0_FRVTC6Pfok.html\" target=\"_blank\" title=\"al episodio que involucr\u00f3 al \u00e1rbitro Fernando Espinoza, en la fecha anterior\" alt=\"al episodio que involucr\u00f3 al \u00e1rbitro Fernando Espinoza, en la fecha anterior\" rel=\"noopener noreferrer\">al episodio que involucr\u00f3 al \u00e1rbitro Fernando Espinoza, en la fecha anterior<\/a>.<\/p>\n<\/div>\n<div class=\"sc-45461e9c-0 eqiBeF container-text text-embed \" id=\"element-body-14\" readability=\"57\">\n<p>Russo habl\u00f3 sin filtros: \u00abYo te cuento las de Lan\u00fas pero esto les pasa a casi todos los clubes\u00bb.<\/p>\n<\/div>\n<div class=\"sc-45461e9c-0 eqiBeF container-text text-embed \" id=\"element-body-15\" readability=\"70\">\n<p>\u00abTenemos los mejores \u00e1rbitros del mundo, pero hay un desmanejo que est\u00e1 generando esto. Tapia volvi\u00f3 del Mundial con una imagen muy positiva, pero en todas las canchas lo putean. \u00bfPor qu\u00e9? Por los \u00e1rbitros, no es por otra cosa. Esto se lo dije al Chiqui. Si no corregimos esto, estamos confundidos. El hincha se enoja. Y nos pasa a los dirigentes, pero tratamos de sostener relaciones. Pero ya est\u00e1, yo tengo una vida en el f\u00fatbol, desde el a\u00f1o 88. Me queda un a\u00f1o y medio en la presidencia, y la relaci\u00f3n con la AFA va a cambiar\u00bb, agreg\u00f3 <em>Nicola<\/em>, tal como se lo llama en el ambiente al hist\u00f3rico mandam\u00e1s del club granate. <\/p>\n<\/div>\n<div class=\"sc-98b114a2-0 bkqiHH image-embed image-embed \" id=\"element-body-16\"><picture class=\"sc-98b114a2-1 jRUlDm\"><source media=\"(min-width: 975px)\" width=\"720\" height=\"480\" srcset=\"http:\/\/cordobainforma.info\/wp-content\/uploads\/2026\/09\/nicolas-russo-el-presidente-de-lanus-exploto-con-la-afa-y-apunto-contra-los-arbitros-beligoy-cumplio-un-ciclo-3.jpg\"><img alt=\"Russo junto a Tapia: el presidente de Lan\u00fas no se meti\u00f3 con el Chiqui sino con Beligoy. Foto: REUTERS \/ Rodrigo Valle.\" loading=\"eager\" width=\"720\" height=\"480\" decoding=\"async\" data-nimg=\"1\" src=\"http:\/\/cordobainforma.info\/wp-content\/uploads\/2026\/09\/nicolas-russo-el-presidente-de-lanus-exploto-con-la-afa-y-apunto-contra-los-arbitros-beligoy-cumplio-un-ciclo-3.jpg\"><span class=\"epigraphe\" aria-hidden=\"true\">Russo junto a Tapia: el presidente de Lan\u00fas no se meti\u00f3 con el Chiqui sino con Beligoy. Foto: REUTERS \/ Rodrigo Valle.<\/span><span class=\"picture-open\"><button class=\"open-image\" aria-label=\"Open Image\"><\/button><\/span><\/picture><\/div>\n<div class=\"sc-45461e9c-0 eqiBeF container-text text-embed \" id=\"element-body-17\" readability=\"62\">\n<p>\u00abEsto no es culpa de Tapia, esto es culpa de alg\u00fan manejo mal de los arbitrajes, y hay que corregirlo, tomar decisiones\u00bb, dispar\u00f3 Russo.<\/p>\n<\/div>\n<div class=\"sc-45461e9c-0 eqiBeF container-text text-embed \" id=\"element-body-18\" readability=\"65\">\n<p>El dirigente tambi\u00e9n tuvo que responder sobre una vieja frase suya en la que chicane\u00f3 a River diciendo \u00aba llorar a la iglesia\u00bb, cuando en N\u00fa\u00f1ez se quejaron por un penal no cobrado tras la serie en la que el Granate los elimin\u00f3 de la Libertadores 2017 remontando un resultado adverso. \u00abEso fue otra cosa, hicimos cuatro goles en 30 minutos, y despu\u00e9s ten\u00e9s que escuchar que se quejen del arbitraje&#8230;\u00bb, afirm\u00f3, dando por cerrado el tema.<\/p>\n<\/div>\n","protected":false},"excerpt":{"rendered":"<p>Siguen las pol\u00e9micas con la AFA y los arbitrajes, pero ahora con fuego amigo. Nicol\u00e1s Russo, hist\u00f3rico dirigente cercano a Claudio Tapia y presidente de Lan\u00fas, explot\u00f3 contra los arbitrajes tras sentirse perjudicado en la derrota de su club ante Boca en la Bombonera. En declaraciones a radio La Red exigi\u00f3 \u00abun cambio en la [&hellip;]<\/p>\n","protected":false},"author":1,"featured_media":197736,"comment_status":"closed","ping_status":"closed","sticky":false,"template":"","format":"standard","meta":[],"categories":[20],"tags":[],"_links":{"self":[{"href":"http:\/\/cordobainforma.info\/index.php\/wp-json\/wp\/v2\/posts\/197735"}],"collection":[{"href":"http:\/\/cordobainforma.info\/index.php\/wp-json\/wp\/v2\/posts"}],"about":[{"href":"http:\/\/cordobainforma.info\/index.php\/wp-json\/wp\/v2\/types\/post"}],"author":[{"embeddable":true,"href":"http:\/\/cordobainforma.info\/index.php\/wp-json\/wp\/v2\/users\/1"}],"replies":[{"embeddable":true,"href":"http:\/\/cordobainforma.info\/index.php\/wp-json\/wp\/v2\/comments?post=197735"}],"version-history":[{"count":0,"href":"http:\/\/cordobainforma.info\/index.php\/wp-json\/wp\/v2\/posts\/197735\/revisions"}],"wp:featuredmedia":[{"embeddable":true,"href":"http:\/\/cordobainforma.info\/index.php\/wp-json\/wp\/v2\/media\/197736"}],"wp:attachment":[{"href":"http:\/\/cordobainforma.info\/index.php\/wp-json\/wp\/v2\/media?parent=197735"}],"wp:term":[{"taxonomy":"category","embeddable":true,"href":"http:\/\/cordobainforma.info\/index.php\/wp-json\/wp\/v2\/categories?post=197735"},{"taxonomy":"post_tag","embeddable":true,"href":"http:\/\/cordobainforma.info\/index.php\/wp-json\/wp\/v2\/tags?post=197735"}],"curies":[{"name":"wp","href":"https:\/\/api.w.org\/{rel}","templated":true}]}}