{"id":197733,"date":"2026-09-02T16:16:34","date_gmt":"2026-09-02T16:16:34","guid":{"rendered":"https:\/\/www.clarin.com\/deportes\/racing-negocia-contrarreloj-nueva-joya-futbol-cordobes-conflicto-demora-llegada_0_1o1wBPS7Z8.html"},"modified":"2026-09-02T16:16:34","modified_gmt":"2026-09-02T16:16:34","slug":"racing-negocia-contrarreloj-por-la-nueva-joya-del-futbol-cordobes-el-conflicto-que-demora-su-llegada","status":"publish","type":"post","link":"http:\/\/cordobainforma.info\/index.php\/2026\/09\/02\/racing-negocia-contrarreloj-por-la-nueva-joya-del-futbol-cordobes-el-conflicto-que-demora-su-llegada\/","title":{"rendered":"Racing negocia contrarreloj por la nueva joya del f\u00fatbol cordob\u00e9s: el conflicto que demora su llegada"},"content":{"rendered":"<p><img src=\"http:\/\/cordobainforma.info\/wp-content\/uploads\/2026\/09\/racing-negocia-contrarreloj-por-la-nueva-joya-del-futbol-cordobes-el-conflicto-que-demora-su-llegada.jpg\"><\/p>\n<div><img src=\"http:\/\/cordobainforma.info\/wp-content\/uploads\/2026\/09\/racing-negocia-contrarreloj-por-la-nueva-joya-del-futbol-cordobes-el-conflicto-que-demora-su-llegada-2.jpg\" class=\"ff-og-image-inserted\"><\/div>\n<div id=\"element-body-0\" readability=\"64\">\n<p>Es la joya del f\u00fatbol cordob\u00e9s, tiene 21 a\u00f1os y Racing negocia contrarreloj con su hom\u00f3nimo de la provincia mediterr\u00e1nea para cerrar el pase. <strong>Se trata de Leandro C\u00f3rdoba<\/strong>, un extremo diestro que se form\u00f3 en Devoto, un pueblo de su provincia, que tuvo un breve paso por las inferiores de Belgrano y Sportivo San Francisco y es una de las figuras del Ascenso con la camiseta celeste y blanca de la <em>Academia <\/em>de la Docta.<\/p>\n<\/div>\n<div id=\"element-body-1\" readability=\"62\">\n<p>C\u00f3rdoba <strong>viaj\u00f3 sin permiso <\/strong>de su club de origen y lleg\u00f3 a Buenos Aires acompa\u00f1ado por su representante, Jerem\u00edas P\u00e9rez. Su incorporaci\u00f3n no asoma sencilla porque, por ahora, no hay acuerdo entre los dirigentes por el monto del pase.<\/p>\n<\/div>\n<div id=\"element-body-2\" readability=\"64\">\n<p>La entidad de Avellaneda ofrece <strong>650 mil d\u00f3lares por el 50% de la ficha<\/strong> y las autoridades de la instituci\u00f3n cordobesa consideran que es insuficiente. La otra mitad es propiedad del futbolista nacido el 12 de mayo de 2005, aunque se negocia una obligaci\u00f3n de compra. \u201cEl pase est\u00e1 ca\u00eddo y parece dif\u00edcil que se pueda hacer teniendo en cuenta el cierre del mercado\u201d, le dijo Manuel P\u00e9rez, presidente de Racing de C\u00f3rdoba, a <strong>Clar\u00edn<\/strong>.<\/p>\n<\/div>\n<div id=\"element-body-3\" readability=\"61\">\n<p>A pesar de eso, el futbolista, no s\u00f3lo viaj\u00f3 a Buenos Aires, sino que ya se hace la revisi\u00f3n m\u00e9dica para seguir su carrera en Racing de Avellaneda.<\/p>\n<\/div>\n<div id=\"element-body-4\" readability=\"24.339366515837\">\n<blockquote class=\"twitter-tweet\" readability=\"6.6380090497738\">\n<p lang=\"es\" dir=\"ltr\">LEANDRO C\u00d3RDOBA LLEG\u00d3 A HACERSE LA REVISI\u00d3N M\u00c9DICA PARA RACING \ud83e\ude7a<\/p>\n<p>El extremo de Racing de C\u00f3rdoba fichar\u00e1 con La Academia<\/p>\n<p>\ud83d\udcf9 <a href=\"https:\/\/x.com\/lautarosalucho?ref_src=twsrc%5Etfw\">@lautarosalucho<\/a> <a href=\"https:\/\/t.co\/fcHohTGb5w\">pic.twitter.com\/fcHohTGb5w<\/a><\/p>\n<p>\u2014 Diario Ol\u00e9 (@DiarioOle) <a href=\"https:\/\/x.com\/DiarioOle\/status\/2095176050456006742?ref_src=twsrc%5Etfw\">September 2, 2026<\/a><\/p><\/blockquote><\/div>\n<div id=\"element-body-5\" readability=\"65\">\n<p>El jugador no es una apuesta, <strong>se trata de un talento que hace rato viene siguiendo la secretar\u00eda t\u00e9cnica que comanda Sebasti\u00e1n Saja<\/strong>. Debut\u00f3 a los 16 a\u00f1os en Sportivo Devoto y tuvo una gran irrupci\u00f3n en 2025, cuando <strong>marc\u00f3 33 goles<\/strong> en el Torneo Regional. En diciembre del a\u00f1o pasado, fue convocado a una prueba por Racing de C\u00f3rdoba en un amistoso contra la Reserva de Belgrano. El <em>Pirata <\/em>ganaba 3 a 1, entr\u00f3 en el segundo tiempo y marc\u00f3 doblete que le permiti\u00f3 a la <em>Academia <\/em>empatar el partido y al propio futbolista, su primer contrato profesional en enero de 2026.<\/p>\n<\/div>\n<div id=\"element-body-6\" readability=\"64\">\n<p><strong>En los primeros seis meses de este a\u00f1o, lleva 5 goles y 3 asistencias.<\/strong> En sus primeros dos partidos, ingres\u00f3 desde el banco. En los siguientes 17 encuentros, arranc\u00f3 siempre de titular. En todos ellos, jug\u00f3 m\u00e1s de 85 minutos. Se lesion\u00f3 el 17 de julio ante Mitre de Santiago del Estero y fue reemplazado por Sergio Gonz\u00e1lez a los 39 del primer tiempo.<\/p>\n<\/div>\n<div id=\"element-body-7\" readability=\"67\">\n<p>El esguince en el tobillo izquierdo y un edema derivado de esta molestia lo dej\u00f3 fuera de carrera durante cinco fechas. No pudo jugar contra San Telmo, Almirante Brown, San Miguel, San Mart\u00edn de San Juan y Ciudad Bol\u00edvar. El domingo, ante Col\u00f3n, estuvo en el banco pero no ingres\u00f3. Este martes particip\u00f3 de la pr\u00e1ctica de f\u00fatbol en el estadio Miguel Sancho, pero hoy ya estaba en Buenos Aires, pensando en el otro Racing.<\/p>\n<\/div>\n<div id=\"element-body-8\" readability=\"23.061452513966\">\n<blockquote class=\"twitter-tweet\" readability=\"5.0446927374302\">\n<p lang=\"es\" dir=\"ltr\">Fragmento de c\u00f3mo juega Leandro C\u00f3rdoba, el jugador por el cual estar\u00eda negociando <a href=\"https:\/\/x.com\/hashtag\/RACING?src=hash&amp;ref_src=twsrc%5Etfw\">#RACING<\/a>. <a href=\"https:\/\/t.co\/QCJ6Sxnmk8\">pic.twitter.com\/QCJ6Sxnmk8<\/a><\/p>\n<p>\u2014 Racing Radio \ud83c\udfc6 (@RacingRadioClub) <a href=\"https:\/\/x.com\/RacingRadioClub\/status\/2094939285577166945?ref_src=twsrc%5Etfw\">September 2, 2026<\/a><\/p><\/blockquote><\/div>\n<div id=\"element-body-9\" readability=\"60\">\n<p><strong>C\u00f3rdoba llega para ocupar el lugar que dej\u00f3 vacante Santiago Solari,<\/strong> quien no era tenido en cuenta por Juan Pablo Vojvoda y por eso fue transferido a pr\u00e9stamo a Newell&#8217;s. Es un futbolista joven que puede potenciar al equipo en la actualidad y con posibilidad de reventa a futuro.<\/p>\n<\/div>\n<div id=\"element-body-10\" readability=\"72\">\n<p><strong>Racing, adem\u00e1s, necesita explotar el ataque que est\u00e1 an\u00e9mico. <\/strong>Basta con repasar los n\u00fameros del breve ciclo de Juan Pablo Vojvoda, que apenas lleva 9 partidos. Hasta ahora, el nuevo entrenador utiliz\u00f3 ocho delanteros: Tom\u00e1s Conechny (310 minutos), Lautaro D\u00edaz (307), <em>Maravilla <\/em>Mart\u00ednez (201), Solari (157), Duvan Vergara (86), Alberto Campo (73), El\u00edas Torres (46) y Gonzalo Fraga (36) no pudieron dejar su huella en la red. En total, los delanteros suman <strong>1.316 minutos y apenas un grito,<\/strong> el del colombiano en la derrota 3 a 1 ante Tigre en Avellaneda.<\/p>\n<\/div>\n<div id=\"element-body-11\" readability=\"62\">\n<p>\u00abNo s\u00e9 si el d\u00e9ficit es la eficacia. Hemos creado situaciones. Hay que concretar lo que creamos\u201d, dijo el t\u00e9cnico respecto a esta alarmante falta de contundencia que tiene al equipo en el ante\u00faltimo puesto de la Zona B con 5 puntos y el 22\u00b0 lugar de la tabla anual, afuera de todas las competencias internacionales.<\/p>\n<\/div>\n","protected":false},"excerpt":{"rendered":"<p>Es la joya del f\u00fatbol cordob\u00e9s, tiene 21 a\u00f1os y Racing negocia contrarreloj con su hom\u00f3nimo de la provincia mediterr\u00e1nea para cerrar el pase. Se trata de Leandro C\u00f3rdoba, un extremo diestro que se form\u00f3 en Devoto, un pueblo de su provincia, que tuvo un breve paso por las inferiores de Belgrano y Sportivo San [&hellip;]<\/p>\n","protected":false},"author":1,"featured_media":197734,"comment_status":"closed","ping_status":"closed","sticky":false,"template":"","format":"standard","meta":[],"categories":[20],"tags":[],"_links":{"self":[{"href":"http:\/\/cordobainforma.info\/index.php\/wp-json\/wp\/v2\/posts\/197733"}],"collection":[{"href":"http:\/\/cordobainforma.info\/index.php\/wp-json\/wp\/v2\/posts"}],"about":[{"href":"http:\/\/cordobainforma.info\/index.php\/wp-json\/wp\/v2\/types\/post"}],"author":[{"embeddable":true,"href":"http:\/\/cordobainforma.info\/index.php\/wp-json\/wp\/v2\/users\/1"}],"replies":[{"embeddable":true,"href":"http:\/\/cordobainforma.info\/index.php\/wp-json\/wp\/v2\/comments?post=197733"}],"version-history":[{"count":0,"href":"http:\/\/cordobainforma.info\/index.php\/wp-json\/wp\/v2\/posts\/197733\/revisions"}],"wp:featuredmedia":[{"embeddable":true,"href":"http:\/\/cordobainforma.info\/index.php\/wp-json\/wp\/v2\/media\/197734"}],"wp:attachment":[{"href":"http:\/\/cordobainforma.info\/index.php\/wp-json\/wp\/v2\/media?parent=197733"}],"wp:term":[{"taxonomy":"category","embeddable":true,"href":"http:\/\/cordobainforma.info\/index.php\/wp-json\/wp\/v2\/categories?post=197733"},{"taxonomy":"post_tag","embeddable":true,"href":"http:\/\/cordobainforma.info\/index.php\/wp-json\/wp\/v2\/tags?post=197733"}],"curies":[{"name":"wp","href":"https:\/\/api.w.org\/{rel}","templated":true}]}}